{"id":3176,"date":"2018-05-17T14:29:17","date_gmt":"2018-05-17T12:29:17","guid":{"rendered":"https:\/\/ent2d.ac-bordeaux.fr\/disciplines\/semaine-des-maths\/?p=3176"},"modified":"2018-10-17T14:33:01","modified_gmt":"2018-10-17T12:33:01","slug":"lycee-jaufre-rudel-blaye-2018","status":"publish","type":"post","link":"https:\/\/ent2d.ac-bordeaux.fr\/disciplines\/semaine-des-maths\/2018\/05\/17\/lycee-jaufre-rudel-blaye-2018\/","title":{"rendered":"Lyc\u00e9e Jaufr\u00e9 Rudel, Blaye"},"content":{"rendered":"<p><img loading=\"lazy\" decoding=\"async\" class=\" wp-image-3179 alignright\" src=\"https:\/\/ent2d.ac-bordeaux.fr\/disciplines\/semaine-des-maths\/wp-content\/uploads\/sites\/17\/2018\/10\/MATh.en_.JEANS-au-lyc\u00e9e-Rudel-de-Blaye-mai-2018.jpg\" alt=\"\" width=\"355\" height=\"207\" srcset=\"https:\/\/ent2d.ac-bordeaux.fr\/disciplines\/semaine-des-maths\/wp-content\/uploads\/sites\/17\/2018\/10\/MATh.en_.JEANS-au-lyc\u00e9e-Rudel-de-Blaye-mai-2018.jpg 974w, https:\/\/ent2d.ac-bordeaux.fr\/disciplines\/semaine-des-maths\/wp-content\/uploads\/sites\/17\/2018\/10\/MATh.en_.JEANS-au-lyc\u00e9e-Rudel-de-Blaye-mai-2018-300x175.jpg 300w, https:\/\/ent2d.ac-bordeaux.fr\/disciplines\/semaine-des-maths\/wp-content\/uploads\/sites\/17\/2018\/10\/MATh.en_.JEANS-au-lyc\u00e9e-Rudel-de-Blaye-mai-2018-768x447.jpg 768w\" sizes=\"auto, (max-width: 355px) 100vw, 355px\" \/>Une demi-journ\u00e9e consacr\u00e9e aux Math\u00e9matiques a \u00e9t\u00e9 organis\u00e9e au lyc\u00e9e Jaufr\u00e9 Rudel le jeudi 17 mai avec la participation de Chantal Menini, enseignante-chercheuse \u00e0 l&#8217;Institut Math\u00e9matique de Bordeaux.<\/p>\n<h3>Pr\u00e9sentation des travaux des \u00e9l\u00e8ves de l&#8217;atelier MATh.en.JEANS<\/h3>\n<p>Les trois groupes (5 gar\u00e7ons, 3 filles) ayant travaill\u00e9 dans le cadre de l&#8217;atelier Math.en.Jeans ont pr\u00e9sent\u00e9 leurs travaux avec dynamisme : \u00e0 la fois leurs accomplissements et leurs r\u00e9flexions sur les poursuites des travaux de recherche, qu&#8217;ils avaient d\u00e9j\u00e0 eu l&#8217;occasion de pr\u00e9senter au congr\u00e8s MATh.en.JEANS de Poitiers.<\/p>\n<h3>Intervention Filles &amp; Math\u00e9matiques<\/h3>\n<p>32 jeunes filles de Seconde et Premi\u00e8re S ont particip\u00e9 aux \u00e9changes autour des carri\u00e8res scientifiques, et particuli\u00e8rement math\u00e9matiques, pendant 2 heures. Chantal Menini, enseignante-chercheuse \u00e0 l&#8217;IMB, a fourni beaucoup d&#8217;informations, sous forme de quiz interactif (avec bo\u00eetiers de vote individuels) et de donn\u00e9es chiffr\u00e9es. Elle a ensuite pr\u00e9sent\u00e9 des poursuites d&#8217;\u00e9tudes dans le domaine des Math\u00e9matiques, et les \u00e9l\u00e8ves ont pu poser de nombreuses questions.<br \/>\nUne exposition de portraits de math\u00e9maticiennes reconnues a par ailleurs \u00e9t\u00e9 install\u00e9e sur les murs de la salle.<br \/>\nLes informations et \u00e9changes apport\u00e9s lors de cette rencontre s&#8217;av\u00e8reront certainement utiles au moment des v\u0153ux d&#8217;orientation dans les deux ann\u00e9es \u00e0 venir.<\/p>\n<p><img loading=\"lazy\" decoding=\"async\" class=\"size-large wp-image-3178 aligncenter\" src=\"https:\/\/ent2d.ac-bordeaux.fr\/disciplines\/semaine-des-maths\/wp-content\/uploads\/sites\/17\/2018\/10\/FillesMaths-au-lyc\u00e9e-Rudel-de-Blaye-mai-2018-1-1024x536.jpg\" alt=\"\" width=\"825\" height=\"432\" srcset=\"https:\/\/ent2d.ac-bordeaux.fr\/disciplines\/semaine-des-maths\/wp-content\/uploads\/sites\/17\/2018\/10\/FillesMaths-au-lyc\u00e9e-Rudel-de-Blaye-mai-2018-1-1024x536.jpg 1024w, https:\/\/ent2d.ac-bordeaux.fr\/disciplines\/semaine-des-maths\/wp-content\/uploads\/sites\/17\/2018\/10\/FillesMaths-au-lyc\u00e9e-Rudel-de-Blaye-mai-2018-1-300x157.jpg 300w, https:\/\/ent2d.ac-bordeaux.fr\/disciplines\/semaine-des-maths\/wp-content\/uploads\/sites\/17\/2018\/10\/FillesMaths-au-lyc\u00e9e-Rudel-de-Blaye-mai-2018-1-768x402.jpg 768w, https:\/\/ent2d.ac-bordeaux.fr\/disciplines\/semaine-des-maths\/wp-content\/uploads\/sites\/17\/2018\/10\/FillesMaths-au-lyc\u00e9e-Rudel-de-Blaye-mai-2018-1.jpg 1148w\" sizes=\"auto, (max-width: 825px) 100vw, 825px\" \/><\/p>\n","protected":false},"excerpt":{"rendered":"<p>Une demi-journ\u00e9e consacr\u00e9e aux Math\u00e9matiques a \u00e9t\u00e9 organis\u00e9e au lyc\u00e9e Jaufr\u00e9 Rudel le jeudi 17 mai avec la participation de Chantal Menini, enseignante-chercheuse \u00e0 l&#8217;Institut Math\u00e9matique de Bordeaux. Pr\u00e9sentation des travaux des \u00e9l\u00e8ves de l&#8217;atelier MATh.en.JEANS Les trois groupes (5 gar\u00e7ons, 3 filles) ayant travaill\u00e9 dans le cadre de l&#8217;atelier Math.en.Jeans ont pr\u00e9sent\u00e9 leurs travaux &hellip; <\/p>\n<p><a class=\"more-link btn\" href=\"https:\/\/ent2d.ac-bordeaux.fr\/disciplines\/semaine-des-maths\/2018\/05\/17\/lycee-jaufre-rudel-blaye-2018\/\">Lire la suite<\/a><\/p>\n","protected":false},"author":5,"featured_media":0,"comment_status":"closed","ping_status":"closed","sticky":false,"template":"","format":"standard","meta":{"footnotes":""},"categories":[25,6,10],"tags":[],"class_list":["post-3176","post","type-post","status-publish","format-standard","hentry","category-annee-2018","category-dans-les-etablissements","category-gironde-33","nodate","item-wrap"],"_links":{"self":[{"href":"https:\/\/ent2d.ac-bordeaux.fr\/disciplines\/semaine-des-maths\/wp-json\/wp\/v2\/posts\/3176","targetHints":{"allow":["GET"]}}],"collection":[{"href":"https:\/\/ent2d.ac-bordeaux.fr\/disciplines\/semaine-des-maths\/wp-json\/wp\/v2\/posts"}],"about":[{"href":"https:\/\/ent2d.ac-bordeaux.fr\/disciplines\/semaine-des-maths\/wp-json\/wp\/v2\/types\/post"}],"author":[{"embeddable":true,"href":"https:\/\/ent2d.ac-bordeaux.fr\/disciplines\/semaine-des-maths\/wp-json\/wp\/v2\/users\/5"}],"replies":[{"embeddable":true,"href":"https:\/\/ent2d.ac-bordeaux.fr\/disciplines\/semaine-des-maths\/wp-json\/wp\/v2\/comments?post=3176"}],"version-history":[{"count":5,"href":"https:\/\/ent2d.ac-bordeaux.fr\/disciplines\/semaine-des-maths\/wp-json\/wp\/v2\/posts\/3176\/revisions"}],"predecessor-version":[{"id":3184,"href":"https:\/\/ent2d.ac-bordeaux.fr\/disciplines\/semaine-des-maths\/wp-json\/wp\/v2\/posts\/3176\/revisions\/3184"}],"wp:attachment":[{"href":"https:\/\/ent2d.ac-bordeaux.fr\/disciplines\/semaine-des-maths\/wp-json\/wp\/v2\/media?parent=3176"}],"wp:term":[{"taxonomy":"category","embeddable":true,"href":"https:\/\/ent2d.ac-bordeaux.fr\/disciplines\/semaine-des-maths\/wp-json\/wp\/v2\/categories?post=3176"},{"taxonomy":"post_tag","embeddable":true,"href":"https:\/\/ent2d.ac-bordeaux.fr\/disciplines\/semaine-des-maths\/wp-json\/wp\/v2\/tags?post=3176"}],"curies":[{"name":"wp","href":"https:\/\/api.w.org\/{rel}","templated":true}]}}