{"id":2945,"date":"2018-06-04T18:07:54","date_gmt":"2018-06-04T16:07:54","guid":{"rendered":"https:\/\/ent2d.ac-bordeaux.fr\/disciplines\/semaine-des-maths\/?p=2945"},"modified":"2018-09-05T12:31:47","modified_gmt":"2018-09-05T10:31:47","slug":"appel-a-projet-daac-2018-pour-financer-vos-actions","status":"publish","type":"post","link":"https:\/\/ent2d.ac-bordeaux.fr\/disciplines\/semaine-des-maths\/2018\/06\/04\/appel-a-projet-daac-2018-pour-financer-vos-actions\/","title":{"rendered":"Appel \u00e0 projet DAAC 2018 pour financer vos actions"},"content":{"rendered":"<p><a href=\"http:\/\/www.ac-bordeaux.fr\/cid130252\/actions-academiques-2018-19.html\"><img loading=\"lazy\" decoding=\"async\" class=\" wp-image-2946 alignright\" src=\"https:\/\/ent2d.ac-bordeaux.fr\/disciplines\/semaine-des-maths\/wp-content\/uploads\/sites\/17\/2018\/06\/Appel-\u00e0-projets-DAAC-2018.jpg\" alt=\"\" width=\"364\" height=\"250\" srcset=\"https:\/\/ent2d.ac-bordeaux.fr\/disciplines\/semaine-des-maths\/wp-content\/uploads\/sites\/17\/2018\/06\/Appel-\u00e0-projets-DAAC-2018.jpg 694w, https:\/\/ent2d.ac-bordeaux.fr\/disciplines\/semaine-des-maths\/wp-content\/uploads\/sites\/17\/2018\/06\/Appel-\u00e0-projets-DAAC-2018-300x206.jpg 300w\" sizes=\"auto, (max-width: 364px) 100vw, 364px\" \/><\/a>La DAAC a publi\u00e9 son <a href=\"http:\/\/www.ac-bordeaux.fr\/cid130252\/actions-academiques-2018-19.html\">appel \u00e0 projets annuel pour 2018-2019<\/a>. Certaines actions sont susceptibles de vous int\u00e9resser tout particuli\u00e8rement\u00a0:<\/p>\n<ul>\n<li><strong><a href=\"http:\/\/www.ac-bordeaux.fr\/cid122375\/ateliers-artistiques-et-scientifiques.html\">Ateliers Scientifiques et Techniques (AST)<\/a>\u00a0: <\/strong>Peuvent entrer dans ce dispositif les ateliers MATH.en.JEANS, les clubs de jeux math\u00e9matiques ou de robotique ou la pr\u00e9paration \u00e0 des d\u00e9fis et concours.<br \/>\nVous \u00eates nombreux \u00e0 mener de telles actions\u00a0: les inscrire dans ce cadre permettra de leur donner un plus grand rayonnement, et surtout d\u2019obtenir des HSE, \u00e0 condition bien s\u00fbr que votre projet soit s\u00e9lectionn\u00e9.<\/li>\n<\/ul>\n<ul>\n<li><strong><a href=\"http:\/\/cache.media.education.gouv.fr\/file\/scientifiques\/57\/8\/Scientifique_9-def_949578.pdf\">Jouons ensemble aux math\u00e9matiques<\/a><\/strong>\u00a0: Vous inscrire dans cette action sur le th\u00e8me de la semaine des math\u00e9matiques vous permettra, si votre projet est s\u00e9lectionn\u00e9, de b\u00e9n\u00e9ficier d\u2019une formation et de participer avec vos \u00e9l\u00e8ves \u00e0 l\u2019inauguration acad\u00e9mique (qui pourrait prendre la forme d\u2019un salon de jeux math\u00e9matiques).<br \/>\nPour le financement des HSE, vous pouvez pr\u00e9senter en compl\u00e9ment une demande d\u2019AST sur ce m\u00eame projet.<\/li>\n<\/ul>\n<ul>\n<li>D\u2019autres fiches actions sont susceptibles de vous int\u00e9resser, il est par exemple possible de travailler autour de la <a href=\"http:\/\/cache.media.education.gouv.fr\/file\/transversales\/44\/8\/Transversale_5-def_949448.pdf\">cr\u00e9ation num\u00e9rique gr\u00e2ce \u00e0 un FabLab<\/a> ou d\u2019organiser <a href=\"http:\/\/www.ac-bordeaux.fr\/cid122373\/residence-d-artiste-s-en-etablissement-scolaire.html\">une r\u00e9sidence d\u2019artiste<\/a> pour un projet entre arts et math\u00e9matiques.<\/li>\n<\/ul>\n<p>Nous pouvons \u00e9ventuellement vous aider si n\u00e9cessaire \u00e0 affiner et enrichir votre projet et \u00e0 trouver un partenaire ext\u00e9rieur (requis pour les AST), n\u2019h\u00e9sitez pas \u00e0 \u00e9crire \u00e0 <a href=\"mailto:Sylvie.Peducasse@ac-bordeaux.fr\">Sylvie.Peducasse@ac-bordeaux.fr<\/a> et <a href=\"mailto:Francesco.Colonna-Romano@ac-bordeaux.fr\">Francesco.Colonna-Romano@ac-bordeaux.fr<\/a> .<\/p>\n<p>La date limite pour pr\u00e9senter vos projets est <strong><u>le 18 juin<\/u><\/strong>.<\/p>\n","protected":false},"excerpt":{"rendered":"<p>La DAAC a publi\u00e9 son appel \u00e0 projets annuel pour 2018-2019. Certaines actions sont susceptibles de vous int\u00e9resser tout particuli\u00e8rement\u00a0: Ateliers Scientifiques et Techniques (AST)\u00a0: Peuvent entrer dans ce dispositif les ateliers MATH.en.JEANS, les clubs de jeux math\u00e9matiques ou de robotique ou la pr\u00e9paration \u00e0 des d\u00e9fis et concours. Vous \u00eates nombreux \u00e0 mener de &hellip; <\/p>\n<p><a class=\"more-link btn\" href=\"https:\/\/ent2d.ac-bordeaux.fr\/disciplines\/semaine-des-maths\/2018\/06\/04\/appel-a-projet-daac-2018-pour-financer-vos-actions\/\">Lire la suite<\/a><\/p>\n","protected":false},"author":5,"featured_media":0,"comment_status":"closed","ping_status":"closed","sticky":false,"template":"","format":"standard","meta":{"footnotes":""},"categories":[27,28],"tags":[],"class_list":["post-2945","post","type-post","status-publish","format-standard","hentry","category-annee-2019","category-jouons-ensemble-aux-mathematiques","nodate","item-wrap"],"_links":{"self":[{"href":"https:\/\/ent2d.ac-bordeaux.fr\/disciplines\/semaine-des-maths\/wp-json\/wp\/v2\/posts\/2945","targetHints":{"allow":["GET"]}}],"collection":[{"href":"https:\/\/ent2d.ac-bordeaux.fr\/disciplines\/semaine-des-maths\/wp-json\/wp\/v2\/posts"}],"about":[{"href":"https:\/\/ent2d.ac-bordeaux.fr\/disciplines\/semaine-des-maths\/wp-json\/wp\/v2\/types\/post"}],"author":[{"embeddable":true,"href":"https:\/\/ent2d.ac-bordeaux.fr\/disciplines\/semaine-des-maths\/wp-json\/wp\/v2\/users\/5"}],"replies":[{"embeddable":true,"href":"https:\/\/ent2d.ac-bordeaux.fr\/disciplines\/semaine-des-maths\/wp-json\/wp\/v2\/comments?post=2945"}],"version-history":[{"count":2,"href":"https:\/\/ent2d.ac-bordeaux.fr\/disciplines\/semaine-des-maths\/wp-json\/wp\/v2\/posts\/2945\/revisions"}],"predecessor-version":[{"id":2948,"href":"https:\/\/ent2d.ac-bordeaux.fr\/disciplines\/semaine-des-maths\/wp-json\/wp\/v2\/posts\/2945\/revisions\/2948"}],"wp:attachment":[{"href":"https:\/\/ent2d.ac-bordeaux.fr\/disciplines\/semaine-des-maths\/wp-json\/wp\/v2\/media?parent=2945"}],"wp:term":[{"taxonomy":"category","embeddable":true,"href":"https:\/\/ent2d.ac-bordeaux.fr\/disciplines\/semaine-des-maths\/wp-json\/wp\/v2\/categories?post=2945"},{"taxonomy":"post_tag","embeddable":true,"href":"https:\/\/ent2d.ac-bordeaux.fr\/disciplines\/semaine-des-maths\/wp-json\/wp\/v2\/tags?post=2945"}],"curies":[{"name":"wp","href":"https:\/\/api.w.org\/{rel}","templated":true}]}}