{"id":2805,"date":"2018-03-13T23:15:58","date_gmt":"2018-03-13T22:15:58","guid":{"rendered":"https:\/\/ent2d.ac-bordeaux.fr\/disciplines\/semaine-des-maths\/?p=2805"},"modified":"2018-03-13T23:57:21","modified_gmt":"2018-03-13T22:57:21","slug":"au-college-max-bramerie-de-la-force-24","status":"publish","type":"post","link":"https:\/\/ent2d.ac-bordeaux.fr\/disciplines\/semaine-des-maths\/2018\/03\/13\/au-college-max-bramerie-de-la-force-24\/","title":{"rendered":"Au coll\u00e8ge Max Bramerie de La Force (24)"},"content":{"rendered":"<p>Pour la Semaine des math\u00e9matique et sur toute l&#8217;ann\u00e9e, les \u00e9l\u00e8ves du coll\u00e8ge Max Bramerie de La Force participent \u00e0 plusieurs concours, qui proposent une pratique ludique et originale des math\u00e9matiques.<\/p>\n<h2><a href=\"http:\/\/www.mathador.fr\/\">Concours Mathador<\/a><\/h2>\n<p>En plus d&#8217;une pratique quotidienne dans l&#8217;ensemble des classes du coll\u00e8ge, les classes de 6e et 5e participent au concours Mathador.<br \/>\nCe sont des \u00e9preuves du type \u00ab le compte est bon \u00bb o\u00f9 les \u00e9l\u00e8ves ont 4 minutes pour atteindre un nombre cible. Leurs productions sont enregistr\u00e9es et \u00e9valu\u00e9es chaque semaine par le r\u00e9seau Canop\u00e9. Au bout de 17 semaines, un classement national permet de positionner la classe. Les \u00e9l\u00e8ves ont tous un acc\u00e8s personnel aux applications Mathador afin de s\u2019entra\u00eener.<\/p>\n<h2>Rallye Math\u00e9matique Bergerac-Est<\/h2>\n<p>Les classes de 6e sont inscrites au Rallye math\u00e9matiques Bergerac Est qui met en comp\u00e9tition toutes les classes du cycle 3 de la circonscription. Il propose des probl\u00e8mes math\u00e9matiques pour lesquels les \u00e9l\u00e8ves ne disposent pas d&#8217;une solution imm\u00e9diate et qui conduisent \u00e0 chercher une strat\u00e9gie, \u00e0 essayer, \u00e0 v\u00e9rifier, \u00e0 justifier sa solution.<br \/>\nLe rallye est constitu\u00e9 de 6 \u00e9preuves de 55 min, dans lesquelles on propose aux \u00e9l\u00e8ves :<\/p>\n<ul>\n<li>de faire des math\u00e9matiques en r\u00e9solvant des probl\u00e8mes diff\u00e9rents du quotidien de la classe ;<\/li>\n<li>d&#8217;apprendre les r\u00e8gles \u00e9l\u00e9mentaires du d\u00e9bat scientifique en argumentant les diverses<br \/>\nsolutions propos\u00e9es ;<\/li>\n<li>de d\u00e9velopper leurs capacit\u00e9s, aujourd&#8217;hui essentielles, \u00e0 travailler en \u00e9quipe en prenant en<br \/>\ncharge l&#8217;enti\u00e8re responsabilit\u00e9 d&#8217;une \u00e9preuve ;<\/li>\n<li>de s\u2019investir dans un d\u00e9fi impliquant d&#8217;autres classes.<\/li>\n<\/ul>\n<h2><a href=\"http:\/\/www.mathkang.org\/default.html\">Concours Kangourou<\/a><\/h2>\n<p>Pendant la semaine des math\u00e9matiques, les \u00e9l\u00e8ves volontaires participent au concours Kangourou, qui propose de r\u00e9soudre des probl\u00e8mes originaux, diff\u00e9rents de ceux vus en classe.<\/p>\n","protected":false},"excerpt":{"rendered":"<p>Pour la Semaine des math\u00e9matique et sur toute l&#8217;ann\u00e9e, les \u00e9l\u00e8ves du coll\u00e8ge Max Bramerie de La Force participent \u00e0 plusieurs concours, qui proposent une pratique ludique et originale des math\u00e9matiques. Concours Mathador En plus d&#8217;une pratique quotidienne dans l&#8217;ensemble des classes du coll\u00e8ge, les classes de 6e et 5e participent au concours Mathador. Ce &hellip; <\/p>\n<p><a class=\"more-link btn\" href=\"https:\/\/ent2d.ac-bordeaux.fr\/disciplines\/semaine-des-maths\/2018\/03\/13\/au-college-max-bramerie-de-la-force-24\/\">Lire la suite<\/a><\/p>\n","protected":false},"author":5,"featured_media":0,"comment_status":"closed","ping_status":"closed","sticky":false,"template":"","format":"standard","meta":{"footnotes":""},"categories":[25,6,8],"tags":[],"class_list":["post-2805","post","type-post","status-publish","format-standard","hentry","category-annee-2018","category-dans-les-etablissements","category-dordogne-24","nodate","item-wrap"],"_links":{"self":[{"href":"https:\/\/ent2d.ac-bordeaux.fr\/disciplines\/semaine-des-maths\/wp-json\/wp\/v2\/posts\/2805","targetHints":{"allow":["GET"]}}],"collection":[{"href":"https:\/\/ent2d.ac-bordeaux.fr\/disciplines\/semaine-des-maths\/wp-json\/wp\/v2\/posts"}],"about":[{"href":"https:\/\/ent2d.ac-bordeaux.fr\/disciplines\/semaine-des-maths\/wp-json\/wp\/v2\/types\/post"}],"author":[{"embeddable":true,"href":"https:\/\/ent2d.ac-bordeaux.fr\/disciplines\/semaine-des-maths\/wp-json\/wp\/v2\/users\/5"}],"replies":[{"embeddable":true,"href":"https:\/\/ent2d.ac-bordeaux.fr\/disciplines\/semaine-des-maths\/wp-json\/wp\/v2\/comments?post=2805"}],"version-history":[{"count":4,"href":"https:\/\/ent2d.ac-bordeaux.fr\/disciplines\/semaine-des-maths\/wp-json\/wp\/v2\/posts\/2805\/revisions"}],"predecessor-version":[{"id":2809,"href":"https:\/\/ent2d.ac-bordeaux.fr\/disciplines\/semaine-des-maths\/wp-json\/wp\/v2\/posts\/2805\/revisions\/2809"}],"wp:attachment":[{"href":"https:\/\/ent2d.ac-bordeaux.fr\/disciplines\/semaine-des-maths\/wp-json\/wp\/v2\/media?parent=2805"}],"wp:term":[{"taxonomy":"category","embeddable":true,"href":"https:\/\/ent2d.ac-bordeaux.fr\/disciplines\/semaine-des-maths\/wp-json\/wp\/v2\/categories?post=2805"},{"taxonomy":"post_tag","embeddable":true,"href":"https:\/\/ent2d.ac-bordeaux.fr\/disciplines\/semaine-des-maths\/wp-json\/wp\/v2\/tags?post=2805"}],"curies":[{"name":"wp","href":"https:\/\/api.w.org\/{rel}","templated":true}]}}