{"id":2682,"date":"2018-02-27T12:48:44","date_gmt":"2018-02-27T11:48:44","guid":{"rendered":"https:\/\/ent2d.ac-bordeaux.fr\/disciplines\/semaine-des-maths\/?p=2682"},"modified":"2018-04-11T22:33:10","modified_gmt":"2018-04-11T20:33:10","slug":"au-lycee-arnaut-daniel-riberac-24-2018","status":"publish","type":"post","link":"https:\/\/ent2d.ac-bordeaux.fr\/disciplines\/semaine-des-maths\/2018\/02\/27\/au-lycee-arnaut-daniel-riberac-24-2018\/","title":{"rendered":"Au lyc\u00e9e Arnaut Daniel, Rib\u00e9rac (24)"},"content":{"rendered":"<p>Au lyc\u00e9e de Rib\u00e9rac, la semaine des math\u00e9matiques sera l&#8217;occasion de participer au Rallye d&#8217;Aquitaine, de<a href=\"https:\/\/ent2d.ac-bordeaux.fr\/disciplines\/semaine-des-maths\/wp-content\/uploads\/sites\/17\/2018\/02\/sdm2018-riberac-enigmes.pdf\"> r\u00e9soudre des \u00e9nigmes <\/a>et de d\u00e9couvrir les liens entre math\u00e9matiques, informatique et course d&#8217;orientation avec une conf\u00e9rence de chercheur faisant suite \u00e0 une exp\u00e9rience empirique avec les enseignants d&#8217;EPS.<\/p>\n<p>Les professeurs de math\u00e9matiques profiteront de la semaine pour proposer, comme tous les ans films et vid\u00e9os, blagues, probl\u00e8mes ouverts et travaux de groupes.<br \/>\nChaque soir un tirage au sort sera effectu\u00e9 pour d\u00e9signer 2 <strong>gagnants<\/strong> parmi ceux qui auront r\u00e9solu les \u00e9nigmes, qui remporteront des bons d&#8217;achats dans une librairie rib\u00e9racoise partenaire.<\/p>\n<p><a href=\"https:\/\/ent2d.ac-bordeaux.fr\/disciplines\/semaine-des-maths\/wp-content\/uploads\/sites\/17\/2018\/02\/sdm2018-riberac-enigmes.pdf\">sdm2018-riberac-enigmes<\/a><br \/>\n<img loading=\"lazy\" decoding=\"async\" class=\"wp-image-2892 alignright\" src=\"https:\/\/ent2d.ac-bordeaux.fr\/disciplines\/semaine-des-maths\/wp-content\/uploads\/sites\/17\/2018\/02\/sdm2018-riberac-CO.jpg\" alt=\"\" width=\"386\" height=\"215\" srcset=\"https:\/\/ent2d.ac-bordeaux.fr\/disciplines\/semaine-des-maths\/wp-content\/uploads\/sites\/17\/2018\/02\/sdm2018-riberac-CO.jpg 911w, https:\/\/ent2d.ac-bordeaux.fr\/disciplines\/semaine-des-maths\/wp-content\/uploads\/sites\/17\/2018\/02\/sdm2018-riberac-CO-300x167.jpg 300w, https:\/\/ent2d.ac-bordeaux.fr\/disciplines\/semaine-des-maths\/wp-content\/uploads\/sites\/17\/2018\/02\/sdm2018-riberac-CO-768x428.jpg 768w\" sizes=\"auto, (max-width: 386px) 100vw, 386px\" \/><\/p>\n<ul>\n<li><strong>Lundi 12 mars <\/strong>: 9 classes du lyc\u00e9e GT et Pro (+3 classes du coll\u00e8ge) participeront au <a href=\"https:\/\/www.math.u-bordeaux.fr\/IREM\/rallye\/\"><strong>rallye math\u00e9matique d\u2019aquitaine<\/strong><\/a>.<\/li>\n<li><strong>Mardi 13 mars<\/strong>\n<ul>\n<li>les \u00e9l\u00e8ves de premi\u00e8re S-ES-L d\u00e9couvriront un probl\u00e8me NP-difficile dans leur cycle de <strong>course d\u2019orientation<\/strong> avec les professeurs d\u2019EPS: optimiser le trajet qui passe par toutes les balises (probl\u00e8me dit &#8220;du voyageur de commerce&#8221;)<\/li>\n<li><a href=\"https:\/\/ent2d.ac-bordeaux.fr\/disciplines\/semaine-des-maths\/wp-content\/uploads\/sites\/17\/2018\/02\/sdm2018-riberac-enigmes.pdf\"><strong>\u00e9nigme du jour<\/strong><\/a> r\u00e9serv\u00e9e \u00e0 tous les \u00e9l\u00e8ves de premi\u00e8re GT et Pro.<\/li>\n<\/ul>\n<\/li>\n<li><strong>Jeudi 15 mars<\/strong> : <strong>\u00e9nigme du jour<\/strong> r\u00e9serv\u00e9e au terminales GT et pro<\/li>\n<li><strong>Vendredi 16 mars<\/strong>\n<ul>\n<li><a href=\"https:\/\/ent2d.ac-bordeaux.fr\/disciplines\/semaine-des-maths\/wp-content\/uploads\/sites\/17\/2018\/02\/sdm2018-riberac-enigmes.pdf\"><strong>\u00e9nigme du jour<\/strong><\/a> pour tous les \u00e9l\u00e8ves et pour tout le personnel de l\u2019\u00e9tablissement<\/li>\n<li>projection du documentaire d\u2019Arte \u201cle grand myst\u00e8re des Math\u00e9matiques\u201d<\/li>\n<li>remise des prix (bons d\u2019achat dans une librairie rib\u00e9racoise)<\/li>\n<\/ul>\n<\/li>\n<\/ul>\n<p><img loading=\"lazy\" decoding=\"async\" class=\"wp-image-2893 alignright\" src=\"https:\/\/ent2d.ac-bordeaux.fr\/disciplines\/semaine-des-maths\/wp-content\/uploads\/sites\/17\/2018\/02\/sdm2018-riberac-conference-M-bonichon.jpg\" alt=\"\" width=\"442\" height=\"263\" srcset=\"https:\/\/ent2d.ac-bordeaux.fr\/disciplines\/semaine-des-maths\/wp-content\/uploads\/sites\/17\/2018\/02\/sdm2018-riberac-conference-M-bonichon.jpg 929w, https:\/\/ent2d.ac-bordeaux.fr\/disciplines\/semaine-des-maths\/wp-content\/uploads\/sites\/17\/2018\/02\/sdm2018-riberac-conference-M-bonichon-300x178.jpg 300w, https:\/\/ent2d.ac-bordeaux.fr\/disciplines\/semaine-des-maths\/wp-content\/uploads\/sites\/17\/2018\/02\/sdm2018-riberac-conference-M-bonichon-768x456.jpg 768w\" sizes=\"auto, (max-width: 442px) 100vw, 442px\" \/><\/p>\n<ul>\n<li><strong>Mardi 20 mars<\/strong> : <strong>conf\u00e9rence<\/strong> <strong>\u201cLa course d\u2019orientation: un probl\u00e8me NP-difficile\u201d<\/strong> par Nicolas Bonichon<br \/>\n<em>Dans une course d\u2019orientation, la premi\u00e8re difficult\u00e9 vient de la lecture de la carte et de l\u2019utilisation de la boussole. Mais lorsque l\u2019ordre des balises \u00e0 r\u00e9cup\u00e9rer n\u2019est pas fix\u00e9 \u00e0 l\u2019avance, trouver l\u2019ordre de collecte optimal peut s\u2019av\u00e9rer \u00eatre une difficult\u00e9 bien plus importante. Ce type de probl\u00e8mes va bien au-del\u00e0 de la course d\u2019orientation et assez embl\u00e9matique des questions qui animent une partie de la recherche en informatique. Dans cet expos\u00e9 ludique, nous toucherons du doigt la difficult\u00e9 du probl\u00e8me, puis nous verrons quels sont les diff\u00e9rents moyens de calculer (plus ou moins rapidement) de \u00ab bons \u00bb parcours.<\/em><strong><br \/>\n<\/strong><\/li>\n<\/ul>\n<p><img loading=\"lazy\" decoding=\"async\" class=\"wp-image-2891 aligncenter\" src=\"https:\/\/ent2d.ac-bordeaux.fr\/disciplines\/semaine-des-maths\/wp-content\/uploads\/sites\/17\/2018\/02\/sdm2018-riberac-translation.jpg\" alt=\"\" width=\"540\" height=\"370\" srcset=\"https:\/\/ent2d.ac-bordeaux.fr\/disciplines\/semaine-des-maths\/wp-content\/uploads\/sites\/17\/2018\/02\/sdm2018-riberac-translation.jpg 923w, https:\/\/ent2d.ac-bordeaux.fr\/disciplines\/semaine-des-maths\/wp-content\/uploads\/sites\/17\/2018\/02\/sdm2018-riberac-translation-300x206.jpg 300w, https:\/\/ent2d.ac-bordeaux.fr\/disciplines\/semaine-des-maths\/wp-content\/uploads\/sites\/17\/2018\/02\/sdm2018-riberac-translation-768x527.jpg 768w\" sizes=\"auto, (max-width: 540px) 100vw, 540px\" \/><\/p>\n","protected":false},"excerpt":{"rendered":"<p>Au lyc\u00e9e de Rib\u00e9rac, la semaine des math\u00e9matiques sera l&#8217;occasion de participer au Rallye d&#8217;Aquitaine, de r\u00e9soudre des \u00e9nigmes et de d\u00e9couvrir les liens entre math\u00e9matiques, informatique et course d&#8217;orientation avec une conf\u00e9rence de chercheur faisant suite \u00e0 une exp\u00e9rience empirique avec les enseignants d&#8217;EPS. Les professeurs de math\u00e9matiques profiteront de la semaine pour proposer, &hellip; <\/p>\n<p><a class=\"more-link btn\" href=\"https:\/\/ent2d.ac-bordeaux.fr\/disciplines\/semaine-des-maths\/2018\/02\/27\/au-lycee-arnaut-daniel-riberac-24-2018\/\">Lire la suite<\/a><\/p>\n","protected":false},"author":5,"featured_media":2892,"comment_status":"closed","ping_status":"closed","sticky":false,"template":"","format":"standard","meta":{"footnotes":""},"categories":[25,6,8,26],"tags":[],"class_list":["post-2682","post","type-post","status-publish","format-standard","has-post-thumbnail","hentry","category-annee-2018","category-dans-les-etablissements","category-dordogne-24","category-maths-et-mouvement","nodate","item-wrap"],"_links":{"self":[{"href":"https:\/\/ent2d.ac-bordeaux.fr\/disciplines\/semaine-des-maths\/wp-json\/wp\/v2\/posts\/2682","targetHints":{"allow":["GET"]}}],"collection":[{"href":"https:\/\/ent2d.ac-bordeaux.fr\/disciplines\/semaine-des-maths\/wp-json\/wp\/v2\/posts"}],"about":[{"href":"https:\/\/ent2d.ac-bordeaux.fr\/disciplines\/semaine-des-maths\/wp-json\/wp\/v2\/types\/post"}],"author":[{"embeddable":true,"href":"https:\/\/ent2d.ac-bordeaux.fr\/disciplines\/semaine-des-maths\/wp-json\/wp\/v2\/users\/5"}],"replies":[{"embeddable":true,"href":"https:\/\/ent2d.ac-bordeaux.fr\/disciplines\/semaine-des-maths\/wp-json\/wp\/v2\/comments?post=2682"}],"version-history":[{"count":4,"href":"https:\/\/ent2d.ac-bordeaux.fr\/disciplines\/semaine-des-maths\/wp-json\/wp\/v2\/posts\/2682\/revisions"}],"predecessor-version":[{"id":2895,"href":"https:\/\/ent2d.ac-bordeaux.fr\/disciplines\/semaine-des-maths\/wp-json\/wp\/v2\/posts\/2682\/revisions\/2895"}],"wp:featuredmedia":[{"embeddable":true,"href":"https:\/\/ent2d.ac-bordeaux.fr\/disciplines\/semaine-des-maths\/wp-json\/wp\/v2\/media\/2892"}],"wp:attachment":[{"href":"https:\/\/ent2d.ac-bordeaux.fr\/disciplines\/semaine-des-maths\/wp-json\/wp\/v2\/media?parent=2682"}],"wp:term":[{"taxonomy":"category","embeddable":true,"href":"https:\/\/ent2d.ac-bordeaux.fr\/disciplines\/semaine-des-maths\/wp-json\/wp\/v2\/categories?post=2682"},{"taxonomy":"post_tag","embeddable":true,"href":"https:\/\/ent2d.ac-bordeaux.fr\/disciplines\/semaine-des-maths\/wp-json\/wp\/v2\/tags?post=2682"}],"curies":[{"name":"wp","href":"https:\/\/api.w.org\/{rel}","templated":true}]}}