{"id":2242,"date":"2017-10-20T22:39:12","date_gmt":"2017-10-20T20:39:12","guid":{"rendered":"https:\/\/ent2d.ac-bordeaux.fr\/disciplines\/semaine-des-maths\/?p=2242"},"modified":"2019-01-19T16:57:13","modified_gmt":"2019-01-19T15:57:13","slug":"journee-de-lirem-du-29-novembre-2017","status":"publish","type":"post","link":"https:\/\/ent2d.ac-bordeaux.fr\/disciplines\/semaine-des-maths\/2017\/10\/20\/journee-de-lirem-du-29-novembre-2017\/","title":{"rendered":"Journ\u00e9e de l&#8217;IREM du 29 novembre 2017"},"content":{"rendered":"<p><img loading=\"lazy\" decoding=\"async\" class=\"size-full wp-image-260 alignright\" src=\"https:\/\/ent2d.ac-bordeaux.fr\/disciplines\/semaine-des-maths\/wp-content\/uploads\/sites\/17\/2015\/11\/logo-IREM.jpg\" alt=\"\" width=\"304\" height=\"138\" srcset=\"https:\/\/ent2d.ac-bordeaux.fr\/disciplines\/semaine-des-maths\/wp-content\/uploads\/sites\/17\/2015\/11\/logo-IREM.jpg 304w, https:\/\/ent2d.ac-bordeaux.fr\/disciplines\/semaine-des-maths\/wp-content\/uploads\/sites\/17\/2015\/11\/logo-IREM-300x136.jpg 300w\" sizes=\"auto, (max-width: 304px) 100vw, 304px\" \/>Les journ\u00e9es de l&#8217;IREM proposent des conf\u00e9rences et ateliers m\u00ealant culture et enseignement des math\u00e9matiques. Celle du 29 novembre se d\u00e9roulera \u00e0 l&#8217;Institut Math\u00e9matique de Bordeaux (IMB) \u00e0 Talence.<\/p>\n<p>Vous trouverez le <a href=\"https:\/\/goo.gl\/forms\/QHGIWMfISSLb24xt1\">formulaire d&#8217;inscription<\/a> (\u00e0 remplir avant le 6 novembre) et les d\u00e9tails du programme <strong><a href=\"http:\/\/math-interactions.u-bordeaux.fr\/Centres-de-ressources\/IREM\/Journees-IREM\">sur le site de l&#8217;IREM<\/a><\/strong>.<\/p>\n<h1><a href=\"http:\/\/math-interactions.u-bordeaux.fr\/Centres-de-ressources\/IREM\/Journees-IREM\">Programme de la journ\u00e9e du 29 novembre 2017<\/a><\/h1>\n<ul>\n<li>9h-10h30 :\u00a0<strong>D\u2019Alembert, \u00e0 l\u2019avant-garde des probabilit\u00e9s<\/strong> par L\u00e9o Gerville-Reache (Universit\u00e9 de Bordeaux)<\/li>\n<li>10h30-11h : Pause caf\u00e9<\/li>\n<li>11h-12h30 : <strong>Les enjeux du calcul scientifique<\/strong> par Rodolphe Turpault (Universit\u00e9 de Bordeaux)<\/li>\n<li>12h30-14h : Pause d\u00e9jeuner<\/li>\n<li>14h-15h30 : <strong>Liens et obstacles entre math\u00e9matique et physique en coll\u00e8ge et lyc\u00e9e<\/strong> par Nicolas Decamp (LDAR &#8211; Universit\u00e9 Paris Diderot)<\/li>\n<li>15h30-17h : <strong>Concevoir des r\u00e9seaux fiables : r\u00e9solution par une approche poly\u00e9drale<\/strong> par Pierre Pesneau (Universit\u00e9 de Bordeaux)<\/li>\n<\/ul>\n<p>&nbsp;<\/p>\n","protected":false},"excerpt":{"rendered":"<p>Les journ\u00e9es de l&#8217;IREM proposent des conf\u00e9rences et ateliers m\u00ealant culture et enseignement des math\u00e9matiques. Celle du 29 novembre se d\u00e9roulera \u00e0 l&#8217;Institut Math\u00e9matique de Bordeaux (IMB) \u00e0 Talence.<br \/>\nVous trouverez le formulaire d&#8217;inscription (\u00e0 remplir avant le 6 novembre) et les d\u00e9tails du programme sur le site de l&#8217;IREM.<\/p>\n","protected":false},"author":5,"featured_media":260,"comment_status":"closed","ping_status":"closed","sticky":false,"template":"","format":"standard","meta":{"footnotes":""},"categories":[25,5,36,10],"tags":[],"class_list":["post-2242","post","type-post","status-publish","format-standard","has-post-thumbnail","hentry","category-annee-2018","category-conferences-evenements-expositions","category-formation","category-gironde-33","nodate","item-wrap"],"_links":{"self":[{"href":"https:\/\/ent2d.ac-bordeaux.fr\/disciplines\/semaine-des-maths\/wp-json\/wp\/v2\/posts\/2242","targetHints":{"allow":["GET"]}}],"collection":[{"href":"https:\/\/ent2d.ac-bordeaux.fr\/disciplines\/semaine-des-maths\/wp-json\/wp\/v2\/posts"}],"about":[{"href":"https:\/\/ent2d.ac-bordeaux.fr\/disciplines\/semaine-des-maths\/wp-json\/wp\/v2\/types\/post"}],"author":[{"embeddable":true,"href":"https:\/\/ent2d.ac-bordeaux.fr\/disciplines\/semaine-des-maths\/wp-json\/wp\/v2\/users\/5"}],"replies":[{"embeddable":true,"href":"https:\/\/ent2d.ac-bordeaux.fr\/disciplines\/semaine-des-maths\/wp-json\/wp\/v2\/comments?post=2242"}],"version-history":[{"count":6,"href":"https:\/\/ent2d.ac-bordeaux.fr\/disciplines\/semaine-des-maths\/wp-json\/wp\/v2\/posts\/2242\/revisions"}],"predecessor-version":[{"id":2248,"href":"https:\/\/ent2d.ac-bordeaux.fr\/disciplines\/semaine-des-maths\/wp-json\/wp\/v2\/posts\/2242\/revisions\/2248"}],"wp:featuredmedia":[{"embeddable":true,"href":"https:\/\/ent2d.ac-bordeaux.fr\/disciplines\/semaine-des-maths\/wp-json\/wp\/v2\/media\/260"}],"wp:attachment":[{"href":"https:\/\/ent2d.ac-bordeaux.fr\/disciplines\/semaine-des-maths\/wp-json\/wp\/v2\/media?parent=2242"}],"wp:term":[{"taxonomy":"category","embeddable":true,"href":"https:\/\/ent2d.ac-bordeaux.fr\/disciplines\/semaine-des-maths\/wp-json\/wp\/v2\/categories?post=2242"},{"taxonomy":"post_tag","embeddable":true,"href":"https:\/\/ent2d.ac-bordeaux.fr\/disciplines\/semaine-des-maths\/wp-json\/wp\/v2\/tags?post=2242"}],"curies":[{"name":"wp","href":"https:\/\/api.w.org\/{rel}","templated":true}]}}