{"id":2146,"date":"2017-09-06T15:39:29","date_gmt":"2017-09-06T13:39:29","guid":{"rendered":"https:\/\/ent2d.ac-bordeaux.fr\/disciplines\/semaine-des-maths\/?p=2146"},"modified":"2018-02-26T13:25:44","modified_gmt":"2018-02-26T12:25:44","slug":"concours-affiche-2018","status":"publish","type":"post","link":"https:\/\/ent2d.ac-bordeaux.fr\/disciplines\/semaine-des-maths\/2017\/09\/06\/concours-affiche-2018\/","title":{"rendered":"Concours d&#8217;affiche 2018"},"content":{"rendered":"<p style=\"text-align: justify\">\u00c0 l\u2019occasion de la 7\u00e8me \u00e9dition de la Semaine des Math\u00e9matiques sur le th\u00e8me <strong>\u00ab Math\u00e9matiques et Mouvement \u00bb<\/strong>, les \u00e9l\u00e8ves de CM1\/CM2 et les coll\u00e9giens de l\u2019Acad\u00e9mie de Bordeaux sont invit\u00e9s \u00e0 participer au <b>Concours d&#8217;affiche 2018<\/b>.<\/p>\n<p>Les participants sont invit\u00e9s, dans le cadre d&#8217;activit\u00e9s de classe, \u00e0 r\u00e9aliser <b>une affiche ainsi qu\u2019un texte d\u2019une dizaine de lignes<\/b> explicitant l\u2019interpr\u00e9tation de leur cr\u00e9ation et le lien avec le th\u00e8me \u201cMath\u00e9matiques et Mouvement\u201d. (Voir le <a href=\"https:\/\/ent2d.ac-bordeaux.fr\/disciplines\/semaine-des-maths\/wp-content\/uploads\/sites\/17\/2017\/09\/R\u00e8glement-concours-daffiche-2018.pdf\">r\u00e8glement du concours<\/a> pour les pr\u00e9cisions techniques : format et r\u00e9solution de l&#8217;image.)<\/p>\n<p>L&#8217;affiche gagnante servira de support visuel majeur pour promouvoir l\u2019\u00e9v\u00e8nement et sera envoy\u00e9e dans tous les \u00e9tablissements de l\u2019acad\u00e9mie de Bordeaux.<\/p>\n<p>Les enseignants souhaitant participer avec leurs classes doivent <strong><a href=\"https:\/\/goo.gl\/forms\/QQo70CtX9UbDQQMC2\" target=\"_blank\" rel=\"noopener\">s\u2019inscrire en ligne<\/a>.<br \/>\n<\/strong><\/p>\n<p>Les affiches candidates et les textes associ\u00e9s sont \u00e0 envoyer <strong>au plus tard le 3 f\u00e9vrier 2018<\/strong>, en indiquant le nom de l&#8217;\u00e9tablissement, de l\u00b4enseignant r\u00e9f\u00e9rent, des \u00e9l\u00e8ves ainsi que la classe. Ces informations doivent figurer dans l\u00b4intitul\u00e9 de chaque document<strong>.<\/strong><\/p>\n<p>Le lien et le code d\u00b4acc\u00e8s pour envoyer vos documents vous seront communiqu\u00e9s \u00e0 l\u00b4adresse email renseign\u00e9e dans le formulaire d\u00b4inscription.<\/p>\n<p>Pour toute question, vous pouvez contacter Nathalie MARTIN ANSEL (<a href=\"mailto:semainedesmathematiques@gmail.com\">semainedesmathematiques@gmail.com<\/a>) .<\/p>\n<ul>\n<li>\n<h2><span style=\"color: #339966\"><a style=\"color: #339966\" href=\"https:\/\/goo.gl\/forms\/QQo70CtX9UbDQQMC2\"><span style=\"text-decoration: underline\">Formulaire d&#8217;inscription en ligne<\/span><\/a><\/span><\/h2>\n<\/li>\n<li>\n<h2><span style=\"color: #339966\"><a style=\"color: #339966\" href=\"https:\/\/ent2d.ac-bordeaux.fr\/disciplines\/semaine-des-maths\/wp-content\/uploads\/sites\/17\/2017\/09\/R\u00e8glement-concours-daffiche-2018.pdf\"><span style=\"text-decoration: underline\">R\u00e8glement du concours d&#8217;affiche 2018<\/span><\/a><\/span><\/h2>\n<\/li>\n<li>\n<h2><span style=\"color: #339966\"><a style=\"color: #339966\" href=\"https:\/\/ent2d.ac-bordeaux.fr\/disciplines\/semaine-des-maths\/2018\/02\/26\/concours-affiche-2018-resultats\/\"><span style=\"text-decoration: underline\">R\u00e9sultats du concours 2018: affiches gagnantes et prix du public<\/span><\/a><\/span><\/h2>\n<\/li>\n<li>\n<h2>Palmar\u00e8s ann\u00e9es pr\u00e9c\u00e9dentes: <a style=\"color: #339933;text-decoration: underline\" href=\"https:\/\/ent2d.ac-bordeaux.fr\/disciplines\/semaine-des-maths\/2016\/02\/13\/concours-affiche-2016-resultats\/\">2016<\/a> et <a style=\"color: #0000ff;text-decoration: underline\" href=\"https:\/\/ent2d.ac-bordeaux.fr\/disciplines\/semaine-des-maths\/2017\/02\/11\/resultats-concours-affiche-2017\/\">2017<\/a><\/h2>\n<\/li>\n<\/ul>\n<p>&nbsp;<\/p>\n<p>Nous remercions nos partenaires, <strong>Texas Instrument, Canop\u00e9, Animath, Mollat, et La Machine \u00e0 Lire<\/strong> qui nous permettent de r\u00e9compenser les affiches prim\u00e9es par des calculatrices, des jeux Mathador, des romans, des cl\u00e9s USB et des revues scientifiques.<\/p>\n<p><img loading=\"lazy\" decoding=\"async\" class=\"alignnone wp-image-1711\" src=\"https:\/\/ent2d.ac-bordeaux.fr\/disciplines\/semaine-des-maths\/wp-content\/uploads\/sites\/17\/2017\/02\/logo-Canop\u00e9-300x169.jpg\" alt=\"\" width=\"202\" height=\"114\" srcset=\"https:\/\/ent2d.ac-bordeaux.fr\/disciplines\/semaine-des-maths\/wp-content\/uploads\/sites\/17\/2017\/02\/logo-Canop\u00e9-300x169.jpg 300w, https:\/\/ent2d.ac-bordeaux.fr\/disciplines\/semaine-des-maths\/wp-content\/uploads\/sites\/17\/2017\/02\/logo-Canop\u00e9-768x431.jpg 768w, https:\/\/ent2d.ac-bordeaux.fr\/disciplines\/semaine-des-maths\/wp-content\/uploads\/sites\/17\/2017\/02\/logo-Canop\u00e9-1024x575.jpg 1024w, https:\/\/ent2d.ac-bordeaux.fr\/disciplines\/semaine-des-maths\/wp-content\/uploads\/sites\/17\/2017\/02\/logo-Canop\u00e9.jpg 1200w\" sizes=\"auto, (max-width: 202px) 100vw, 202px\" \/><img loading=\"lazy\" decoding=\"async\" class=\"alignnone wp-image-251\" src=\"https:\/\/ent2d.ac-bordeaux.fr\/disciplines\/semaine-des-maths\/wp-content\/uploads\/sites\/17\/2015\/11\/logotexas-300x106.jpg\" alt=\"\" width=\"252\" height=\"89\" srcset=\"https:\/\/ent2d.ac-bordeaux.fr\/disciplines\/semaine-des-maths\/wp-content\/uploads\/sites\/17\/2015\/11\/logotexas-300x106.jpg 300w, https:\/\/ent2d.ac-bordeaux.fr\/disciplines\/semaine-des-maths\/wp-content\/uploads\/sites\/17\/2015\/11\/logotexas.jpg 326w\" sizes=\"auto, (max-width: 252px) 100vw, 252px\" \/><img loading=\"lazy\" decoding=\"async\" class=\"alignnone wp-image-881\" src=\"https:\/\/ent2d.ac-bordeaux.fr\/disciplines\/semaine-des-maths\/wp-content\/uploads\/sites\/17\/2016\/03\/logo-animath-jpeg-300x117.jpg\" alt=\"\" width=\"229\" height=\"89\" srcset=\"https:\/\/ent2d.ac-bordeaux.fr\/disciplines\/semaine-des-maths\/wp-content\/uploads\/sites\/17\/2016\/03\/logo-animath-jpeg-300x117.jpg 300w, https:\/\/ent2d.ac-bordeaux.fr\/disciplines\/semaine-des-maths\/wp-content\/uploads\/sites\/17\/2016\/03\/logo-animath-jpeg-768x301.jpg 768w, https:\/\/ent2d.ac-bordeaux.fr\/disciplines\/semaine-des-maths\/wp-content\/uploads\/sites\/17\/2016\/03\/logo-animath-jpeg-1024x401.jpg 1024w\" sizes=\"auto, (max-width: 229px) 100vw, 229px\" \/><\/p>\n<p><a href=\"https:\/\/ent2d.ac-bordeaux.fr\/disciplines\/semaine-des-maths\/wp-content\/uploads\/sites\/17\/2017\/02\/Affiche-acad\u00e9mique-semaine-maths-2017.jpg\"><img loading=\"lazy\" decoding=\"async\" class=\"wp-image-92 alignleft\" src=\"https:\/\/ent2d.ac-bordeaux.fr\/disciplines\/semaine-des-maths\/wp-content\/uploads\/sites\/17\/2017\/02\/Affiche-acad\u00e9mique-semaine-maths-2017-724x1024.jpg\" alt=\"\" width=\"224\" height=\"316\" \/><\/a><a href=\"https:\/\/ent2d.ac-bordeaux.fr\/disciplines\/semaine-des-maths\/wp-content\/uploads\/sites\/17\/2016\/02\/affiche-officielle-2016.jpg\"><img loading=\"lazy\" decoding=\"async\" class=\"wp-image-622 alignleft\" src=\"https:\/\/ent2d.ac-bordeaux.fr\/disciplines\/semaine-des-maths\/wp-content\/uploads\/sites\/17\/2016\/02\/affiche-officielle-2016-213x300.jpg\" alt=\"affiche officielle 2016\" width=\"223\" height=\"314\" srcset=\"https:\/\/ent2d.ac-bordeaux.fr\/disciplines\/semaine-des-maths\/wp-content\/uploads\/sites\/17\/2016\/02\/affiche-officielle-2016-213x300.jpg 213w, https:\/\/ent2d.ac-bordeaux.fr\/disciplines\/semaine-des-maths\/wp-content\/uploads\/sites\/17\/2016\/02\/affiche-officielle-2016-768x1082.jpg 768w, https:\/\/ent2d.ac-bordeaux.fr\/disciplines\/semaine-des-maths\/wp-content\/uploads\/sites\/17\/2016\/02\/affiche-officielle-2016-727x1024.jpg 727w\" sizes=\"auto, (max-width: 223px) 100vw, 223px\" \/><\/a><img loading=\"lazy\" decoding=\"async\" class=\"wp-image-92 alignleft\" src=\"https:\/\/ent2d.ac-bordeaux.fr\/disciplines\/semaine-des-maths\/wp-content\/uploads\/sites\/17\/2015\/11\/Picture5-185x300.jpg\" alt=\"Prix acad\u00e9mique 2015 du concours d'affiche\" width=\"195\" height=\"316\" \/><\/p>\n","protected":false},"excerpt":{"rendered":"<p>\u00c0 l\u2019occasion de la 7\u00e8me \u00e9dition de la Semaine des Math\u00e9matiques sur le th\u00e8me \u00ab Math\u00e9matiques et Mouvement \u00bb, les \u00e9l\u00e8ves de CM1\/CM2 et les coll\u00e9giens de l\u2019Acad\u00e9mie de Bordeaux sont invit\u00e9s \u00e0 participer au Concours d&#8217;affiche 2018. Les participants sont invit\u00e9s, dans le cadre d&#8217;activit\u00e9s de classe, \u00e0 r\u00e9aliser une affiche ainsi qu\u2019un texte &hellip; <\/p>\n<p><a class=\"more-link btn\" href=\"https:\/\/ent2d.ac-bordeaux.fr\/disciplines\/semaine-des-maths\/2017\/09\/06\/concours-affiche-2018\/\">Lire la suite<\/a><\/p>\n","protected":false},"author":5,"featured_media":1762,"comment_status":"closed","ping_status":"closed","sticky":false,"template":"","format":"standard","meta":{"footnotes":""},"categories":[25,4,26],"tags":[],"class_list":["post-2146","post","type-post","status-publish","format-standard","has-post-thumbnail","hentry","category-annee-2018","category-concours","category-maths-et-mouvement","nodate","item-wrap"],"_links":{"self":[{"href":"https:\/\/ent2d.ac-bordeaux.fr\/disciplines\/semaine-des-maths\/wp-json\/wp\/v2\/posts\/2146","targetHints":{"allow":["GET"]}}],"collection":[{"href":"https:\/\/ent2d.ac-bordeaux.fr\/disciplines\/semaine-des-maths\/wp-json\/wp\/v2\/posts"}],"about":[{"href":"https:\/\/ent2d.ac-bordeaux.fr\/disciplines\/semaine-des-maths\/wp-json\/wp\/v2\/types\/post"}],"author":[{"embeddable":true,"href":"https:\/\/ent2d.ac-bordeaux.fr\/disciplines\/semaine-des-maths\/wp-json\/wp\/v2\/users\/5"}],"replies":[{"embeddable":true,"href":"https:\/\/ent2d.ac-bordeaux.fr\/disciplines\/semaine-des-maths\/wp-json\/wp\/v2\/comments?post=2146"}],"version-history":[{"count":17,"href":"https:\/\/ent2d.ac-bordeaux.fr\/disciplines\/semaine-des-maths\/wp-json\/wp\/v2\/posts\/2146\/revisions"}],"predecessor-version":[{"id":2671,"href":"https:\/\/ent2d.ac-bordeaux.fr\/disciplines\/semaine-des-maths\/wp-json\/wp\/v2\/posts\/2146\/revisions\/2671"}],"wp:featuredmedia":[{"embeddable":true,"href":"https:\/\/ent2d.ac-bordeaux.fr\/disciplines\/semaine-des-maths\/wp-json\/wp\/v2\/media\/1762"}],"wp:attachment":[{"href":"https:\/\/ent2d.ac-bordeaux.fr\/disciplines\/semaine-des-maths\/wp-json\/wp\/v2\/media?parent=2146"}],"wp:term":[{"taxonomy":"category","embeddable":true,"href":"https:\/\/ent2d.ac-bordeaux.fr\/disciplines\/semaine-des-maths\/wp-json\/wp\/v2\/categories?post=2146"},{"taxonomy":"post_tag","embeddable":true,"href":"https:\/\/ent2d.ac-bordeaux.fr\/disciplines\/semaine-des-maths\/wp-json\/wp\/v2\/tags?post=2146"}],"curies":[{"name":"wp","href":"https:\/\/api.w.org\/{rel}","templated":true}]}}