{"id":2138,"date":"2017-09-06T12:37:17","date_gmt":"2017-09-06T10:37:17","guid":{"rendered":"https:\/\/ent2d.ac-bordeaux.fr\/disciplines\/semaine-des-maths\/?p=2138"},"modified":"2019-01-19T16:58:02","modified_gmt":"2019-01-19T15:58:02","slug":"forum-des-projets-culturels-scientifiques-20-septembre-2017","status":"publish","type":"post","link":"https:\/\/ent2d.ac-bordeaux.fr\/disciplines\/semaine-des-maths\/2017\/09\/06\/forum-des-projets-culturels-scientifiques-20-septembre-2017\/","title":{"rendered":"Forum de rentr\u00e9e des projets culturels scientifiques \u2013 20 septembre 2017"},"content":{"rendered":"<p>La D\u00e9l\u00e9gation acad\u00e9mique \u00e0 l\u2019action culturelle du Rectorat de Bordeaux (DAAC), en partenariat avec Cap Sciences, organise une\u00a0 nouvelle \u00e9dition du<strong> Forum de rentr\u00e9e des projets de culture scientifique, mercredi 20 septembre 2017 de 13h30 \u00e0 16h30, \u00e0 Cap Sciences<\/strong>, \u00e0 destination des enseignants du premier et second degr\u00e9 de l\u2019acad\u00e9mie de Bordeaux.<\/p>\n<p>Une vingtaine de partenaires pr\u00e9senteront leurs <strong>dispositifs et ressources p\u00e9dagogiques <\/strong>sous forme de <strong>stands et d\u2019ateliers scientifiques<\/strong> (<a href=\"https:\/\/docs.google.com\/forms\/d\/e\/1FAIpQLSdgZ2zWmivaP7ROJhlVqur_sHra1KCU1yufRWOGUisKo79KJA\/viewform\">une inscription pr\u00e9alable<\/a> est parfois n\u00e9cessaire).<\/p>\n<h1>Pour en savoir plus<\/h1>\n<ul>\n<li><a href=\"http:\/\/www2.ac-bordeaux.fr\/cid106192\/forum-de-rentree-des-projets-de-culture-scientifique.html\">Programme d\u00e9taill\u00e9 de l\u2019\u00e9v\u00e9nement<\/a> sur le site de la DAAC<\/li>\n<li><a href=\"http:\/\/www.cap-sciences.net\/au-programme\/evenement\/forum-de-rentree.html\">Sur le site de Cap Sciences <\/a>: programme de la journ\u00e9e, pr\u00e9sentation des expositions, plan d\u2019acc\u00e8s\u2026<\/li>\n<li><strong><a href=\"https:\/\/docs.google.com\/forms\/d\/e\/1FAIpQLSdgZ2zWmivaP7ROJhlVqur_sHra1KCU1yufRWOGUisKo79KJA\/viewform\">Formulaire d\u2019inscription<\/a> aux ateliers\/conf\u00e9rences<br \/>\n<\/strong><\/li>\n<\/ul>\n<p><img loading=\"lazy\" decoding=\"async\" class=\" wp-image-1280 aligncenter\" src=\"https:\/\/ent2d.ac-bordeaux.fr\/disciplines\/semaine-des-maths\/wp-content\/uploads\/sites\/17\/2016\/09\/forum-de-rentr\u00e9e.jpg\" alt=\"\" width=\"585\" height=\"438\" srcset=\"https:\/\/ent2d.ac-bordeaux.fr\/disciplines\/semaine-des-maths\/wp-content\/uploads\/sites\/17\/2016\/09\/forum-de-rentr\u00e9e.jpg 374w, https:\/\/ent2d.ac-bordeaux.fr\/disciplines\/semaine-des-maths\/wp-content\/uploads\/sites\/17\/2016\/09\/forum-de-rentr\u00e9e-300x225.jpg 300w\" sizes=\"auto, (max-width: 585px) 100vw, 585px\" \/><\/p>\n","protected":false},"excerpt":{"rendered":"<p>La D\u00e9l\u00e9gation acad\u00e9mique \u00e0 l\u2019action culturelle du Rectorat de Bordeaux (DAAC), en partenariat avec Cap Sciences, organise une  nouvelle \u00e9dition du Forum de rentr\u00e9e des projets de culture scientifique, mercredi 20 septembre 2017 de 13h30 \u00e0 16h30, \u00e0 Cap Sciences, \u00e0 destination des enseignants du premier et second degr\u00e9 de l\u2019acad\u00e9mie de Bordeaux.<\/p>\n","protected":false},"author":5,"featured_media":1280,"comment_status":"closed","ping_status":"closed","sticky":false,"template":"","format":"standard","meta":{"footnotes":""},"categories":[25,5,36,35],"tags":[],"class_list":["post-2138","post","type-post","status-publish","format-standard","has-post-thumbnail","hentry","category-annee-2018","category-conferences-evenements-expositions","category-formation","category-grand-public","nodate","item-wrap"],"_links":{"self":[{"href":"https:\/\/ent2d.ac-bordeaux.fr\/disciplines\/semaine-des-maths\/wp-json\/wp\/v2\/posts\/2138","targetHints":{"allow":["GET"]}}],"collection":[{"href":"https:\/\/ent2d.ac-bordeaux.fr\/disciplines\/semaine-des-maths\/wp-json\/wp\/v2\/posts"}],"about":[{"href":"https:\/\/ent2d.ac-bordeaux.fr\/disciplines\/semaine-des-maths\/wp-json\/wp\/v2\/types\/post"}],"author":[{"embeddable":true,"href":"https:\/\/ent2d.ac-bordeaux.fr\/disciplines\/semaine-des-maths\/wp-json\/wp\/v2\/users\/5"}],"replies":[{"embeddable":true,"href":"https:\/\/ent2d.ac-bordeaux.fr\/disciplines\/semaine-des-maths\/wp-json\/wp\/v2\/comments?post=2138"}],"version-history":[{"count":7,"href":"https:\/\/ent2d.ac-bordeaux.fr\/disciplines\/semaine-des-maths\/wp-json\/wp\/v2\/posts\/2138\/revisions"}],"predecessor-version":[{"id":2210,"href":"https:\/\/ent2d.ac-bordeaux.fr\/disciplines\/semaine-des-maths\/wp-json\/wp\/v2\/posts\/2138\/revisions\/2210"}],"wp:featuredmedia":[{"embeddable":true,"href":"https:\/\/ent2d.ac-bordeaux.fr\/disciplines\/semaine-des-maths\/wp-json\/wp\/v2\/media\/1280"}],"wp:attachment":[{"href":"https:\/\/ent2d.ac-bordeaux.fr\/disciplines\/semaine-des-maths\/wp-json\/wp\/v2\/media?parent=2138"}],"wp:term":[{"taxonomy":"category","embeddable":true,"href":"https:\/\/ent2d.ac-bordeaux.fr\/disciplines\/semaine-des-maths\/wp-json\/wp\/v2\/categories?post=2138"},{"taxonomy":"post_tag","embeddable":true,"href":"https:\/\/ent2d.ac-bordeaux.fr\/disciplines\/semaine-des-maths\/wp-json\/wp\/v2\/tags?post=2138"}],"curies":[{"name":"wp","href":"https:\/\/api.w.org\/{rel}","templated":true}]}}