{"id":2036,"date":"2017-03-29T09:25:29","date_gmt":"2017-03-29T07:25:29","guid":{"rendered":"https:\/\/ent2d.ac-bordeaux.fr\/disciplines\/semaine-des-maths\/?p=2036"},"modified":"2017-03-29T15:51:57","modified_gmt":"2017-03-29T13:51:57","slug":"lycee-arnaut-daniel-de-riberac-24","status":"publish","type":"post","link":"https:\/\/ent2d.ac-bordeaux.fr\/disciplines\/semaine-des-maths\/2017\/03\/29\/lycee-arnaut-daniel-de-riberac-24\/","title":{"rendered":"Lyc\u00e9e Arnaut Daniel de Rib\u00e9rac (24)"},"content":{"rendered":"<p>La semaine des math\u00e9matiques au lyc\u00e9e Arnaut Daniel (Rib\u00e9rac) a \u00e9t\u00e9 cette ann\u00e9e\u00a0encore, anim\u00e9e\u00a0et culturelle.<\/p>\n<ul>\n<li>8 classes du Lyc\u00e9e ont particip\u00e9 au Rallye Math\u00e9matique d\u2019Aquitaine,<\/li>\n<li>Le personnel et les \u00e9l\u00e8ves ont \u00e9t\u00e9 invit\u00e9 \u00e0 r\u00e9soudre des \u00e9nigmes tout au long de la semaine pour gagner des bons d\u2019achat \u00e0 la Librairie<\/li>\n<li>Les terminales S ont pu assister \u00e0 la conf\u00e9rence de M. Mouyssinat sur la naissance des algorithmes et des ordinateurs,<\/li>\n<li>Et 2 \u00e9l\u00e8ves ont particip\u00e9 \u00e0 la demi-finale r\u00e9gionale des jeux math\u00e9matiques et logiques \u00e0 Bordeaux.<\/li>\n<\/ul>\n<p>Bravo aux \u00e9l\u00e8ves et \u00e0 l\u00b4\u00e9quipe!<\/p>\n<p><img loading=\"lazy\" decoding=\"async\" class=\"alignnone wp-image-2038\" src=\"https:\/\/ent2d.ac-bordeaux.fr\/disciplines\/semaine-des-maths\/wp-content\/uploads\/sites\/17\/2017\/03\/rib\u00e9rac-2.jpg\" alt=\"\" width=\"297\" height=\"192\" \/><img loading=\"lazy\" decoding=\"async\" class=\"alignnone wp-image-2037\" src=\"https:\/\/ent2d.ac-bordeaux.fr\/disciplines\/semaine-des-maths\/wp-content\/uploads\/sites\/17\/2017\/03\/riberac-1.jpg\" alt=\"\" width=\"344\" height=\"193\" \/><\/p>\n","protected":false},"excerpt":{"rendered":"<p>La semaine des math\u00e9matiques au lyc\u00e9e Arnaut Daniel (Rib\u00e9rac) a \u00e9t\u00e9 cette ann\u00e9e\u00a0encore, anim\u00e9e\u00a0et culturelle. 8 classes du Lyc\u00e9e ont particip\u00e9 au Rallye Math\u00e9matique d\u2019Aquitaine, Le personnel et les \u00e9l\u00e8ves ont \u00e9t\u00e9 invit\u00e9 \u00e0 r\u00e9soudre des \u00e9nigmes tout au long de la semaine pour gagner des bons d\u2019achat \u00e0 la Librairie Les terminales S ont &hellip; <\/p>\n<p><a class=\"more-link btn\" href=\"https:\/\/ent2d.ac-bordeaux.fr\/disciplines\/semaine-des-maths\/2017\/03\/29\/lycee-arnaut-daniel-de-riberac-24\/\">Lire la suite<\/a><\/p>\n","protected":false},"author":64,"featured_media":2038,"comment_status":"closed","ping_status":"closed","sticky":false,"template":"","format":"standard","meta":{"footnotes":""},"categories":[22,6,8],"tags":[],"class_list":["post-2036","post","type-post","status-publish","format-standard","has-post-thumbnail","hentry","category-annee-2017","category-dans-les-etablissements","category-dordogne-24","nodate","item-wrap"],"_links":{"self":[{"href":"https:\/\/ent2d.ac-bordeaux.fr\/disciplines\/semaine-des-maths\/wp-json\/wp\/v2\/posts\/2036","targetHints":{"allow":["GET"]}}],"collection":[{"href":"https:\/\/ent2d.ac-bordeaux.fr\/disciplines\/semaine-des-maths\/wp-json\/wp\/v2\/posts"}],"about":[{"href":"https:\/\/ent2d.ac-bordeaux.fr\/disciplines\/semaine-des-maths\/wp-json\/wp\/v2\/types\/post"}],"author":[{"embeddable":true,"href":"https:\/\/ent2d.ac-bordeaux.fr\/disciplines\/semaine-des-maths\/wp-json\/wp\/v2\/users\/64"}],"replies":[{"embeddable":true,"href":"https:\/\/ent2d.ac-bordeaux.fr\/disciplines\/semaine-des-maths\/wp-json\/wp\/v2\/comments?post=2036"}],"version-history":[{"count":3,"href":"https:\/\/ent2d.ac-bordeaux.fr\/disciplines\/semaine-des-maths\/wp-json\/wp\/v2\/posts\/2036\/revisions"}],"predecessor-version":[{"id":2062,"href":"https:\/\/ent2d.ac-bordeaux.fr\/disciplines\/semaine-des-maths\/wp-json\/wp\/v2\/posts\/2036\/revisions\/2062"}],"wp:featuredmedia":[{"embeddable":true,"href":"https:\/\/ent2d.ac-bordeaux.fr\/disciplines\/semaine-des-maths\/wp-json\/wp\/v2\/media\/2038"}],"wp:attachment":[{"href":"https:\/\/ent2d.ac-bordeaux.fr\/disciplines\/semaine-des-maths\/wp-json\/wp\/v2\/media?parent=2036"}],"wp:term":[{"taxonomy":"category","embeddable":true,"href":"https:\/\/ent2d.ac-bordeaux.fr\/disciplines\/semaine-des-maths\/wp-json\/wp\/v2\/categories?post=2036"},{"taxonomy":"post_tag","embeddable":true,"href":"https:\/\/ent2d.ac-bordeaux.fr\/disciplines\/semaine-des-maths\/wp-json\/wp\/v2\/tags?post=2036"}],"curies":[{"name":"wp","href":"https:\/\/api.w.org\/{rel}","templated":true}]}}