{"id":191,"date":"2015-12-01T22:29:46","date_gmt":"2015-12-01T21:29:46","guid":{"rendered":"http:\/\/blogacabdx.ac-bordeaux.fr\/semaine-des-maths\/?p=191"},"modified":"2016-11-08T14:03:13","modified_gmt":"2016-11-08T13:03:13","slug":"college-henri-de-navarre-coutras","status":"publish","type":"post","link":"https:\/\/ent2d.ac-bordeaux.fr\/disciplines\/semaine-des-maths\/2015\/12\/01\/college-henri-de-navarre-coutras\/","title":{"rendered":"Coll\u00e8ge Henri de Navarre, Coutras"},"content":{"rendered":"<p><span lang=\"FR\">Les classes de 3<sup>\u00e8me<\/sup> D et 3<sup>\u00e8me<\/sup> E du Coll\u00e8ge Henri de Navarre de Coutras pr\u00e9parent une enqu\u00eate sur le th\u00e8me de \u00ab\u00a0La violence au coll\u00e8ge\u00a0\u00bb avec leur enseignant de math\u00e9matiques M. Guillaume BARRI\u00c8RE et une chercheuse universitaire, Mme Lisl WEYNANS (Ma\u00eetre de conf\u00e9rences en Math\u00e9matiques Appliqu\u00e9es \u00e0 l\u2019Institut de Math\u00e9matiques de Bordeaux)<br \/>\n<\/span><\/p>\n<p><span lang=\"FR\">Les r\u00e9sultats de cette enqu\u00eate feront l&#8217;objet d&#8217;\u00e9tudes statistiques (tri, repr\u00e9sentations graphiques, interpr\u00e9tations\u2026). L\u00b4objectif est de r\u00e9futer ou non un r\u00e9sultat obtenu l&#8217;ann\u00e9e pr\u00e9c\u00e9dente suite \u00e0 une enqu\u00eate sur le climat scolaire au sein de l&#8217;\u00e9tablissement mais \u00e9galement de faire apparaitre un paradoxe bien connu dans l&#8217;univers des statisticiens, le paradoxe de Simpson: le succ\u00e8s de plusieurs groupes semble s\u2019inverser lorsque les groupes sont combin\u00e9s.<br \/>\n<\/span><\/p>\n<p>Ce projet audacieux et passionnant est d\u00e9taill\u00e9 dans le document\u00a0 PDF ci-joint : <i><span lang=\"FR\"><a href=\"https:\/\/ent2d.ac-bordeaux.fr\/disciplines\/semaine-des-maths\/wp-content\/uploads\/sites\/17\/2015\/12\/Statistiques-coll\u00e8ge-lunap_weynans.pdf\">Description du projet Paradoxe<\/a><\/span><\/i><\/p>\n","protected":false},"excerpt":{"rendered":"<p>Les classes de 3\u00e8me D et 3\u00e8me E du Coll\u00e8ge Henri de Navarre de Coutras pr\u00e9parent une enqu\u00eate sur le th\u00e8me de \u00ab\u00a0La violence au coll\u00e8ge\u00a0\u00bb avec leur enseignant de math\u00e9matiques M. Guillaume BARRI\u00c8RE et une chercheuse universitaire, Mme Lisl WEYNANS (Ma\u00eetre de conf\u00e9rences en Math\u00e9matiques Appliqu\u00e9es \u00e0 l\u2019Institut de Math\u00e9matiques de Bordeaux) Les r\u00e9sultats &hellip; <\/p>\n<p><a class=\"more-link btn\" href=\"https:\/\/ent2d.ac-bordeaux.fr\/disciplines\/semaine-des-maths\/2015\/12\/01\/college-henri-de-navarre-coutras\/\">Lire la suite<\/a><\/p>\n","protected":false},"author":5,"featured_media":0,"comment_status":"closed","ping_status":"closed","sticky":false,"template":"","format":"standard","meta":{"footnotes":""},"categories":[20,6,10],"tags":[],"class_list":["post-191","post","type-post","status-publish","format-standard","hentry","category-annee-2016","category-dans-les-etablissements","category-gironde-33","nodate","item-wrap"],"_links":{"self":[{"href":"https:\/\/ent2d.ac-bordeaux.fr\/disciplines\/semaine-des-maths\/wp-json\/wp\/v2\/posts\/191","targetHints":{"allow":["GET"]}}],"collection":[{"href":"https:\/\/ent2d.ac-bordeaux.fr\/disciplines\/semaine-des-maths\/wp-json\/wp\/v2\/posts"}],"about":[{"href":"https:\/\/ent2d.ac-bordeaux.fr\/disciplines\/semaine-des-maths\/wp-json\/wp\/v2\/types\/post"}],"author":[{"embeddable":true,"href":"https:\/\/ent2d.ac-bordeaux.fr\/disciplines\/semaine-des-maths\/wp-json\/wp\/v2\/users\/5"}],"replies":[{"embeddable":true,"href":"https:\/\/ent2d.ac-bordeaux.fr\/disciplines\/semaine-des-maths\/wp-json\/wp\/v2\/comments?post=191"}],"version-history":[{"count":1,"href":"https:\/\/ent2d.ac-bordeaux.fr\/disciplines\/semaine-des-maths\/wp-json\/wp\/v2\/posts\/191\/revisions"}],"predecessor-version":[{"id":1270,"href":"https:\/\/ent2d.ac-bordeaux.fr\/disciplines\/semaine-des-maths\/wp-json\/wp\/v2\/posts\/191\/revisions\/1270"}],"wp:attachment":[{"href":"https:\/\/ent2d.ac-bordeaux.fr\/disciplines\/semaine-des-maths\/wp-json\/wp\/v2\/media?parent=191"}],"wp:term":[{"taxonomy":"category","embeddable":true,"href":"https:\/\/ent2d.ac-bordeaux.fr\/disciplines\/semaine-des-maths\/wp-json\/wp\/v2\/categories?post=191"},{"taxonomy":"post_tag","embeddable":true,"href":"https:\/\/ent2d.ac-bordeaux.fr\/disciplines\/semaine-des-maths\/wp-json\/wp\/v2\/tags?post=191"}],"curies":[{"name":"wp","href":"https:\/\/api.w.org\/{rel}","templated":true}]}}