{"id":178,"date":"2016-05-07T17:00:30","date_gmt":"2016-05-07T16:00:30","guid":{"rendered":"http:\/\/blogacabdx.ac-bordeaux.fr\/semaine-des-maths\/?p=178"},"modified":"2016-11-08T14:01:34","modified_gmt":"2016-11-08T13:01:34","slug":"lycee-supervielle-oloron-sainte-marie","status":"publish","type":"post","link":"https:\/\/ent2d.ac-bordeaux.fr\/disciplines\/semaine-des-maths\/2016\/05\/07\/lycee-supervielle-oloron-sainte-marie\/","title":{"rendered":"Lyc\u00e9e Jules Supervielle \u00e0 Oloron Sainte-Marie"},"content":{"rendered":"<div id=\"attachment_575\" style=\"width: 1024px\" class=\"wp-caption alignnone\"><a href=\"https:\/\/ent2d.ac-bordeaux.fr\/disciplines\/semaine-des-maths\/wp-content\/uploads\/sites\/17\/2015\/12\/trivial-plateau.jpg\"><img loading=\"lazy\" decoding=\"async\" aria-describedby=\"caption-attachment-575\" class=\"size-large wp-image-575\" src=\"https:\/\/ent2d.ac-bordeaux.fr\/disciplines\/semaine-des-maths\/wp-content\/uploads\/sites\/17\/2015\/12\/trivial-plateau-1024x670.jpg\" alt=\"Ressource produite par les enseignants du Lyc\u00e9e Jules Supervielle (Oloron Sainte Marie)\" width=\"1024\" height=\"670\" srcset=\"https:\/\/ent2d.ac-bordeaux.fr\/disciplines\/semaine-des-maths\/wp-content\/uploads\/sites\/17\/2015\/12\/trivial-plateau-1024x670.jpg 1024w, https:\/\/ent2d.ac-bordeaux.fr\/disciplines\/semaine-des-maths\/wp-content\/uploads\/sites\/17\/2015\/12\/trivial-plateau-300x196.jpg 300w, https:\/\/ent2d.ac-bordeaux.fr\/disciplines\/semaine-des-maths\/wp-content\/uploads\/sites\/17\/2015\/12\/trivial-plateau-768x503.jpg 768w\" sizes=\"auto, (max-width: 1024px) 100vw, 1024px\" \/><\/a><p id=\"caption-attachment-575\" class=\"wp-caption-text\">Ressource produite par les enseignants du Lyc\u00e9e Jules Supervielle (Oloron Sainte Marie)<\/p><\/div>\n<p>La semaine des maths est un \u00e9v\u00e9nement f\u00e9d\u00e9rateur au sein du Lyc\u00e9e Jules Supervielle \u00e0 Oloron Sainte Marie (64), tous les niveaux (2<sup>ndes<\/sup>, 1<sup>\u00e8res<\/sup> et Tales) et plusieurs disciplines sont mobilis\u00e9es.<\/p>\n<p>2016 \u00e9tant une ann\u00e9e olympique, <strong>des Olympiades<\/strong> sont \u00e9galement organis\u00e9es pour les 2<sup>ndes<\/sup> sur l\u2019ensemble de l\u2019ann\u00e9e scolaire. Tous les \u00e9l\u00e8ves de ce niveau sont confront\u00e9s \u00e0 plusieurs d\u00e9fis m\u00ealant les maths et le sport, dont <a href=\"https:\/\/ent2d.ac-bordeaux.fr\/disciplines\/semaine-des-maths\/wp-content\/uploads\/sites\/17\/2015\/12\/calcul-mental-sport-maths-entrainement.pdf\">un concours de calcul mental o\u00f9 chaque participant doit r\u00e9pondre \u00e0 15 questions en 7 minutes<\/a>, et une course d&#8217;orientation pr\u00e9par\u00e9e par la section sportive du coll\u00e8ge Tristan Der\u00eame.<\/p>\n<p>Pendant la semaine des maths, diverses actions ont \u00e9t\u00e9 men\u00e9es\u00a0: <strong>&#8211; <a href=\"https:\/\/ent2d.ac-bordeaux.fr\/disciplines\/semaine-des-maths\/wp-content\/uploads\/sites\/17\/2016\/05\/d\u00e9fis-1.pdf\">d\u00e9fis document PDF<\/a><\/strong><\/p>\n<ul>\n<li><a href=\"https:\/\/ent2d.ac-bordeaux.fr\/disciplines\/semaine-des-maths\/wp-content\/uploads\/sites\/17\/2015\/12\/trivial-plateau.jpg\"><strong>Jeu de plateau<\/strong> inspir\u00e9 du Trivial Pursuit<\/a>, \u00e9labor\u00e9 par les \u00e9quipes p\u00e9dagogiques et les \u00e9l\u00e8ves<\/li>\n<li><strong>Exposition de travaux d\u2019\u00e9l\u00e8ves<\/strong><\/li>\n<li><strong>D\u00e9fis-sports sur le terrain<br \/>\n<\/strong><\/li>\n<li><strong>Conf\u00e9rences du jeudi 17 mars <\/strong>(et pr\u00e9par\u00e9es en amont dans le cadre de l\u2019AP):<strong> <a href=\"https:\/\/ent2d.ac-bordeaux.fr\/disciplines\/semaine-des-maths\/wp-content\/uploads\/sites\/17\/2016\/05\/conf\u00e9rences-1.pdf\">conf\u00e9rences document PDF<\/a><br \/>\n<\/strong><\/p>\n<ul>\n<li><strong><em>\u00ab\u00a0Les math\u00e9matiques au service du sport\u00a0\u00bb<\/em><\/strong> pr\u00e9sent\u00e9e par Beno\u00eet Liquet, professeur au <a href=\"http:\/\/lma-umr5142.univ-pau.fr\/live\/equipes\/Probabilit\u00e9s+et+Statistique\">laboratoire <\/a><a href=\"http:\/\/lma-umr5142.univ-pau.fr\/live\/equipes\/Probabilit\u00e9s+et+Statistique\">de math\u00e9matiques \u00e0 l&#8217;UPPA<\/a> et sportif de haut niveau.<\/li>\n<li><strong><em>\u00ab\u00a0Le Big Data dans le Rugby , comment cr\u00e9er des indicateurs statistiques pour am\u00e9liorer les performances et pr\u00e9venir les blessures\u00a0?\u00a0\u00bb\u00a0<\/em><\/strong>: pr\u00e9sentation par les \u00e9tudiants de <a href=\"http:\/\/iutpa.univ-pau.fr\/live\/statistique-informatique-decisionnelle\">l&#8217;IUT STID <\/a><a href=\"http:\/\/iutpa.univ-pau.fr\/live\/statistique-informatique-decisionnelle\">de l&#8217;UPPA<\/a> de leur projet d&#8217;\u00e9tudes entre leur \u00e9cole, sous la direction de leur professeur Mohamed Khoudar, et la Section Paloise, en particulier, le rugbyman <a href=\"http:\/\/www.section-paloise.com\/equipe-pro\/effectif\/les-avants\/troisiemes-lignes\/95-jean-bouilhou\">Jean Bouilhou.<\/a><\/li>\n<li>Enfin, un <strong>atelier d&#8217;\u00e9criture<\/strong> anim\u00e9 par <a href=\"http:\/\/oulipo.net\/fr\/Oulipiens\/FF\">Fr\u00e9d\u00e9ric Forte,<\/a> \u00e9crivain Oulipien, pour les Terminales L Option Maths, associera les lettres et les math\u00e9matiques\u00a0: les \u00e9l\u00e8ves ont ainsi pu r\u00e9diger selon les contraintes de l\u2019OULIPO des textes m\u00e9langeant les maths et le sport.<\/li>\n<\/ul>\n<\/li>\n<\/ul>\n<p>Des \u00e9l\u00e8ves ayant particip\u00e9 nous laissent quelques t\u00e9moignages: <strong><a href=\"https:\/\/ent2d.ac-bordeaux.fr\/disciplines\/semaine-des-maths\/wp-content\/uploads\/sites\/17\/2016\/05\/impressions-1.pdf\">T\u00e9moignages.<\/a><\/strong><\/p>\n<p><a href=\"https:\/\/ent2d.ac-bordeaux.fr\/disciplines\/semaine-des-maths\/wp-content\/uploads\/sites\/17\/2016\/05\/t\u00e9moignages-2.png\"><img loading=\"lazy\" decoding=\"async\" class=\" wp-image-1139 alignleft\" src=\"https:\/\/ent2d.ac-bordeaux.fr\/disciplines\/semaine-des-maths\/wp-content\/uploads\/sites\/17\/2016\/05\/t\u00e9moignages-2-300x180.png\" alt=\"t\u00e9moignages 2\" width=\"340\" height=\"204\" srcset=\"https:\/\/ent2d.ac-bordeaux.fr\/disciplines\/semaine-des-maths\/wp-content\/uploads\/sites\/17\/2016\/05\/t\u00e9moignages-2-300x180.png 300w, https:\/\/ent2d.ac-bordeaux.fr\/disciplines\/semaine-des-maths\/wp-content\/uploads\/sites\/17\/2016\/05\/t\u00e9moignages-2-768x460.png 768w, https:\/\/ent2d.ac-bordeaux.fr\/disciplines\/semaine-des-maths\/wp-content\/uploads\/sites\/17\/2016\/05\/t\u00e9moignages-2-1024x614.png 1024w, https:\/\/ent2d.ac-bordeaux.fr\/disciplines\/semaine-des-maths\/wp-content\/uploads\/sites\/17\/2016\/05\/t\u00e9moignages-2.png 1688w\" sizes=\"auto, (max-width: 340px) 100vw, 340px\" \/><\/a><a href=\"https:\/\/ent2d.ac-bordeaux.fr\/disciplines\/semaine-des-maths\/wp-content\/uploads\/sites\/17\/2016\/05\/t\u00e9moignages-jules-supervielles.png\"><img loading=\"lazy\" decoding=\"async\" class=\" wp-image-1141 alignleft\" src=\"https:\/\/ent2d.ac-bordeaux.fr\/disciplines\/semaine-des-maths\/wp-content\/uploads\/sites\/17\/2016\/05\/t\u00e9moignages-jules-supervielles-300x148.png\" alt=\"t\u00e9moignages jules supervielles\" width=\"351\" height=\"173\" srcset=\"https:\/\/ent2d.ac-bordeaux.fr\/disciplines\/semaine-des-maths\/wp-content\/uploads\/sites\/17\/2016\/05\/t\u00e9moignages-jules-supervielles-300x148.png 300w, https:\/\/ent2d.ac-bordeaux.fr\/disciplines\/semaine-des-maths\/wp-content\/uploads\/sites\/17\/2016\/05\/t\u00e9moignages-jules-supervielles-768x378.png 768w, https:\/\/ent2d.ac-bordeaux.fr\/disciplines\/semaine-des-maths\/wp-content\/uploads\/sites\/17\/2016\/05\/t\u00e9moignages-jules-supervielles-1024x504.png 1024w, https:\/\/ent2d.ac-bordeaux.fr\/disciplines\/semaine-des-maths\/wp-content\/uploads\/sites\/17\/2016\/05\/t\u00e9moignages-jules-supervielles.png 1688w\" sizes=\"auto, (max-width: 351px) 100vw, 351px\" \/><\/a><a href=\"https:\/\/ent2d.ac-bordeaux.fr\/disciplines\/semaine-des-maths\/wp-content\/uploads\/sites\/17\/2016\/05\/conf\u00e9rence.png\"><img loading=\"lazy\" decoding=\"async\" class=\"wp-image-1147 alignleft\" src=\"https:\/\/ent2d.ac-bordeaux.fr\/disciplines\/semaine-des-maths\/wp-content\/uploads\/sites\/17\/2016\/05\/conf\u00e9rence-300x117.png\" alt=\"conf\u00e9rence\" width=\"389\" height=\"152\" srcset=\"https:\/\/ent2d.ac-bordeaux.fr\/disciplines\/semaine-des-maths\/wp-content\/uploads\/sites\/17\/2016\/05\/conf\u00e9rence-300x117.png 300w, https:\/\/ent2d.ac-bordeaux.fr\/disciplines\/semaine-des-maths\/wp-content\/uploads\/sites\/17\/2016\/05\/conf\u00e9rence-768x300.png 768w, https:\/\/ent2d.ac-bordeaux.fr\/disciplines\/semaine-des-maths\/wp-content\/uploads\/sites\/17\/2016\/05\/conf\u00e9rence-1024x400.png 1024w, https:\/\/ent2d.ac-bordeaux.fr\/disciplines\/semaine-des-maths\/wp-content\/uploads\/sites\/17\/2016\/05\/conf\u00e9rence.png 1740w\" sizes=\"auto, (max-width: 389px) 100vw, 389px\" \/><\/a><\/p>\n<p>&nbsp;<\/p>\n<p>&nbsp;<\/p>\n<p>&nbsp;<\/p>\n<p>&nbsp;<\/p>\n<p>&nbsp;<\/p>\n<p>&nbsp;<\/p>\n<p>&nbsp;<\/p>\n<p><a href=\"https:\/\/ent2d.ac-bordeaux.fr\/disciplines\/semaine-des-maths\/wp-content\/uploads\/sites\/17\/2016\/05\/jules-supervielle-course.png\"><img loading=\"lazy\" decoding=\"async\" class=\"alignnone wp-image-1138\" src=\"https:\/\/ent2d.ac-bordeaux.fr\/disciplines\/semaine-des-maths\/wp-content\/uploads\/sites\/17\/2016\/05\/jules-supervielle-course-300x192.png\" alt=\"jules supervielle course\" width=\"359\" height=\"230\" srcset=\"https:\/\/ent2d.ac-bordeaux.fr\/disciplines\/semaine-des-maths\/wp-content\/uploads\/sites\/17\/2016\/05\/jules-supervielle-course-300x192.png 300w, https:\/\/ent2d.ac-bordeaux.fr\/disciplines\/semaine-des-maths\/wp-content\/uploads\/sites\/17\/2016\/05\/jules-supervielle-course-768x490.png 768w, https:\/\/ent2d.ac-bordeaux.fr\/disciplines\/semaine-des-maths\/wp-content\/uploads\/sites\/17\/2016\/05\/jules-supervielle-course-1024x654.png 1024w, https:\/\/ent2d.ac-bordeaux.fr\/disciplines\/semaine-des-maths\/wp-content\/uploads\/sites\/17\/2016\/05\/jules-supervielle-course.png 1439w\" sizes=\"auto, (max-width: 359px) 100vw, 359px\" \/><\/a><\/p>\n<p><a href=\"https:\/\/ent2d.ac-bordeaux.fr\/disciplines\/semaine-des-maths\/wp-content\/uploads\/sites\/17\/2016\/05\/trivial-poursuite.png\"><img loading=\"lazy\" decoding=\"async\" class=\"alignnone wp-image-1146\" src=\"https:\/\/ent2d.ac-bordeaux.fr\/disciplines\/semaine-des-maths\/wp-content\/uploads\/sites\/17\/2016\/05\/trivial-poursuite-300x187.png\" alt=\"trivial poursuite\" width=\"359\" height=\"224\" srcset=\"https:\/\/ent2d.ac-bordeaux.fr\/disciplines\/semaine-des-maths\/wp-content\/uploads\/sites\/17\/2016\/05\/trivial-poursuite-300x187.png 300w, https:\/\/ent2d.ac-bordeaux.fr\/disciplines\/semaine-des-maths\/wp-content\/uploads\/sites\/17\/2016\/05\/trivial-poursuite-768x479.png 768w, https:\/\/ent2d.ac-bordeaux.fr\/disciplines\/semaine-des-maths\/wp-content\/uploads\/sites\/17\/2016\/05\/trivial-poursuite-1024x638.png 1024w, https:\/\/ent2d.ac-bordeaux.fr\/disciplines\/semaine-des-maths\/wp-content\/uploads\/sites\/17\/2016\/05\/trivial-poursuite.png 1503w\" sizes=\"auto, (max-width: 359px) 100vw, 359px\" \/><\/a><\/p>\n<p><strong>Le concours image &#8220;point de vue math\u00e9matiques du Sport&#8221;<\/strong><\/p>\n<p><a href=\"https:\/\/ent2d.ac-bordeaux.fr\/disciplines\/semaine-des-maths\/wp-content\/uploads\/sites\/17\/2016\/05\/concours-d\u00b4images.png\"><img loading=\"lazy\" decoding=\"async\" class=\"alignnone size-large wp-image-1149\" src=\"https:\/\/ent2d.ac-bordeaux.fr\/disciplines\/semaine-des-maths\/wp-content\/uploads\/sites\/17\/2016\/05\/concours-d\u00b4images-1024x418.png\" alt=\"concours d\u00b4images\" width=\"1024\" height=\"418\" srcset=\"https:\/\/ent2d.ac-bordeaux.fr\/disciplines\/semaine-des-maths\/wp-content\/uploads\/sites\/17\/2016\/05\/concours-d\u00b4images-1024x418.png 1024w, https:\/\/ent2d.ac-bordeaux.fr\/disciplines\/semaine-des-maths\/wp-content\/uploads\/sites\/17\/2016\/05\/concours-d\u00b4images-300x123.png 300w, https:\/\/ent2d.ac-bordeaux.fr\/disciplines\/semaine-des-maths\/wp-content\/uploads\/sites\/17\/2016\/05\/concours-d\u00b4images-768x314.png 768w, https:\/\/ent2d.ac-bordeaux.fr\/disciplines\/semaine-des-maths\/wp-content\/uploads\/sites\/17\/2016\/05\/concours-d\u00b4images.png 1349w\" sizes=\"auto, (max-width: 1024px) 100vw, 1024px\" \/><\/a> <a href=\"https:\/\/ent2d.ac-bordeaux.fr\/disciplines\/semaine-des-maths\/wp-content\/uploads\/sites\/17\/2016\/05\/concours-images.png\"><img loading=\"lazy\" decoding=\"async\" class=\"alignnone size-large wp-image-1150\" src=\"https:\/\/ent2d.ac-bordeaux.fr\/disciplines\/semaine-des-maths\/wp-content\/uploads\/sites\/17\/2016\/05\/concours-images-1024x623.png\" alt=\"concours images\" width=\"1024\" height=\"623\" srcset=\"https:\/\/ent2d.ac-bordeaux.fr\/disciplines\/semaine-des-maths\/wp-content\/uploads\/sites\/17\/2016\/05\/concours-images-1024x623.png 1024w, https:\/\/ent2d.ac-bordeaux.fr\/disciplines\/semaine-des-maths\/wp-content\/uploads\/sites\/17\/2016\/05\/concours-images-300x183.png 300w, https:\/\/ent2d.ac-bordeaux.fr\/disciplines\/semaine-des-maths\/wp-content\/uploads\/sites\/17\/2016\/05\/concours-images-768x467.png 768w, https:\/\/ent2d.ac-bordeaux.fr\/disciplines\/semaine-des-maths\/wp-content\/uploads\/sites\/17\/2016\/05\/concours-images.png 1265w\" sizes=\"auto, (max-width: 1024px) 100vw, 1024px\" \/><\/a><\/p>\n<p><a href=\"https:\/\/ent2d.ac-bordeaux.fr\/disciplines\/semaine-des-maths\/wp-content\/uploads\/sites\/17\/2015\/12\/trivial-plateau.jpg\" rel=\"attachment wp-att-575\">\u00a0<\/a><a href=\"http:\/\/blogacabdx.ac-bordeaux.fr\/semaine-des-maths\/2016\/01\/25\/liens-et-ressources-maths-sport\/\">Liens et ressources propo<\/a><a href=\"http:\/\/blogacabdx.ac-bordeaux.fr\/semaine-des-maths\/2016\/01\/25\/liens-et-ressources-maths-sport\/\">s\u00e9es par les enseignants du Lyc\u00e9e Supervielle<\/a><\/p>\n<p><a href=\"https:\/\/ent2d.ac-bordeaux.fr\/disciplines\/semaine-des-maths\/wp-content\/uploads\/sites\/17\/2015\/12\/calcul-mental-sport-maths-entrainement.pdf\">Questions pour le concours de calcul mental &#8220;Maths et Sports&#8221;<\/a><\/p>\n","protected":false},"excerpt":{"rendered":"<p>La semaine des maths est un \u00e9v\u00e9nement f\u00e9d\u00e9rateur au sein du Lyc\u00e9e Jules Supervielle \u00e0 Oloron Sainte Marie (64), tous les niveaux (2ndes, 1\u00e8res et Tales) et plusieurs disciplines sont mobilis\u00e9es. 2016 \u00e9tant une ann\u00e9e olympique, des Olympiades sont \u00e9galement organis\u00e9es pour les 2ndes sur l\u2019ensemble de l\u2019ann\u00e9e scolaire. Tous les \u00e9l\u00e8ves de ce niveau &hellip; <\/p>\n<p><a class=\"more-link btn\" href=\"https:\/\/ent2d.ac-bordeaux.fr\/disciplines\/semaine-des-maths\/2016\/05\/07\/lycee-supervielle-oloron-sainte-marie\/\">Lire la suite<\/a><\/p>\n","protected":false},"author":5,"featured_media":0,"comment_status":"closed","ping_status":"closed","sticky":false,"template":"","format":"standard","meta":{"footnotes":""},"categories":[20,6,21,13],"tags":[],"class_list":["post-178","post","type-post","status-publish","format-standard","hentry","category-annee-2016","category-dans-les-etablissements","category-maths-et-sport","category-pyrenees-atlantiques-64","nodate","item-wrap"],"_links":{"self":[{"href":"https:\/\/ent2d.ac-bordeaux.fr\/disciplines\/semaine-des-maths\/wp-json\/wp\/v2\/posts\/178","targetHints":{"allow":["GET"]}}],"collection":[{"href":"https:\/\/ent2d.ac-bordeaux.fr\/disciplines\/semaine-des-maths\/wp-json\/wp\/v2\/posts"}],"about":[{"href":"https:\/\/ent2d.ac-bordeaux.fr\/disciplines\/semaine-des-maths\/wp-json\/wp\/v2\/types\/post"}],"author":[{"embeddable":true,"href":"https:\/\/ent2d.ac-bordeaux.fr\/disciplines\/semaine-des-maths\/wp-json\/wp\/v2\/users\/5"}],"replies":[{"embeddable":true,"href":"https:\/\/ent2d.ac-bordeaux.fr\/disciplines\/semaine-des-maths\/wp-json\/wp\/v2\/comments?post=178"}],"version-history":[{"count":1,"href":"https:\/\/ent2d.ac-bordeaux.fr\/disciplines\/semaine-des-maths\/wp-json\/wp\/v2\/posts\/178\/revisions"}],"predecessor-version":[{"id":1215,"href":"https:\/\/ent2d.ac-bordeaux.fr\/disciplines\/semaine-des-maths\/wp-json\/wp\/v2\/posts\/178\/revisions\/1215"}],"wp:attachment":[{"href":"https:\/\/ent2d.ac-bordeaux.fr\/disciplines\/semaine-des-maths\/wp-json\/wp\/v2\/media?parent=178"}],"wp:term":[{"taxonomy":"category","embeddable":true,"href":"https:\/\/ent2d.ac-bordeaux.fr\/disciplines\/semaine-des-maths\/wp-json\/wp\/v2\/categories?post=178"},{"taxonomy":"post_tag","embeddable":true,"href":"https:\/\/ent2d.ac-bordeaux.fr\/disciplines\/semaine-des-maths\/wp-json\/wp\/v2\/tags?post=178"}],"curies":[{"name":"wp","href":"https:\/\/api.w.org\/{rel}","templated":true}]}}