{"id":1278,"date":"2016-09-16T15:25:40","date_gmt":"2016-09-16T13:25:40","guid":{"rendered":"https:\/\/ent2d.ac-bordeaux.fr\/disciplines\/semaine-des-maths\/?p=1278"},"modified":"2019-01-19T17:00:47","modified_gmt":"2019-01-19T16:00:47","slug":"3eme-forum-de-rentree-des-projets-culturels-scientifiques-a-cap-sciences-le-21-septembre-2016","status":"publish","type":"post","link":"https:\/\/ent2d.ac-bordeaux.fr\/disciplines\/semaine-des-maths\/2016\/09\/16\/3eme-forum-de-rentree-des-projets-culturels-scientifiques-a-cap-sciences-le-21-septembre-2016\/","title":{"rendered":"Forum de rentr\u00e9e des projets culturels  scientifiques &#8211; 21 septembre 2016"},"content":{"rendered":"<p>La D\u00e9l\u00e9gation acad\u00e9mique \u00e0 l&#8217;action culturelle du Rectorat de Bordeaux (DAAC), en partenariat avec Cap Sciences, organise la<strong> 3\u00e8me \u00e9dition du Forum de rentr\u00e9e des projets de culture scientifique, mercredi 21 septembre 2016 de 13h30 \u00e0 17h, \u00e0 Cap Sciences<\/strong>, \u00e0 destination des enseignants du premier et second degr\u00e9 de l\u2019acad\u00e9mie de Bordeaux.<\/p>\n<p>Une vingtaine de partenaires pr\u00e9senteront leurs <strong>dispositifs et ressources p\u00e9dagogiques <\/strong>sous forme de <strong>stands et d&#8217;ateliers scientifiques<\/strong>,\u00a0 ainsi que <strong>deux conf\u00e9rences<\/strong> \u00e0 destination des enseignants.<\/p>\n<p>Vous pourrez, \u00e0 cette occasion,<strong> d\u00e9couvrir les trois expositions<\/strong> de Cap Sciences:<\/p>\n<ul>\n<li>&#8220;Les momies ne mentent jamais&#8221; \u00e0 partir du CP &#8211; Visite \u00e0 14h<\/li>\n<li>&#8220;M\u00e9moire\/s&#8221; \u00e0 partir du CM1 &#8211; Visite \u00e0 15h<\/li>\n<li>&#8220;Kifkif le calife&#8221; pour les maternelles &#8211; Visite \u00e0 15h<\/li>\n<\/ul>\n<h1>Pour en savoir plus<\/h1>\n<ul>\n<li><a href=\"http:\/\/www2.ac-bordeaux.fr\/cid106192\/forum-de-rentree-des-projets-de-culture-scientifique.html\">Programme d\u00e9taill\u00e9e de l&#8217;\u00e9v\u00e9nement<\/a> sur le site de la DAAC<\/li>\n<li><a href=\"http:\/\/www.cap-sciences.net\/\">Site de Cap Sciences <\/a>: pr\u00e9sentation des expositions, plan d&#8217;acc\u00e8s&#8230;<\/li>\n<li><strong><a href=\"https:\/\/goo.gl\/forms\/cwQOBwqqmWXY10TH3\">Formulaire d&#8217;inscription aux ateliers\/conf\u00e9rences<\/a> \u00e0 remplir en ligne.<\/strong><\/li>\n<\/ul>\n<p><img loading=\"lazy\" decoding=\"async\" class=\"wp-image-1280 aligncenter\" src=\"https:\/\/ent2d.ac-bordeaux.fr\/disciplines\/semaine-des-maths\/wp-content\/uploads\/sites\/17\/2016\/09\/forum-de-rentr\u00e9e-300x225.jpg\" alt=\"forum-de-rentree\" width=\"584\" height=\"438\" srcset=\"https:\/\/ent2d.ac-bordeaux.fr\/disciplines\/semaine-des-maths\/wp-content\/uploads\/sites\/17\/2016\/09\/forum-de-rentr\u00e9e-300x225.jpg 300w, https:\/\/ent2d.ac-bordeaux.fr\/disciplines\/semaine-des-maths\/wp-content\/uploads\/sites\/17\/2016\/09\/forum-de-rentr\u00e9e.jpg 374w\" sizes=\"auto, (max-width: 584px) 100vw, 584px\" \/><\/p>\n<p>&nbsp;<\/p>\n","protected":false},"excerpt":{"rendered":"<p>La D\u00e9l\u00e9gation acad\u00e9mique \u00e0 l&#8217;action culturelle du Rectorat de Bordeaux (DAAC), en partenariat avec Cap Sciences, organise la 3\u00e8me \u00e9dition du Forum de rentr\u00e9e des projets de culture scientifique, mercredi 21 septembre 2016 de 13h30 \u00e0 17h, \u00e0 Cap Sciences, \u00e0 destination des enseignants du premier et second degr\u00e9 de l\u2019acad\u00e9mie de Bordeaux. Une vingtaine &hellip; <\/p>\n<p><a class=\"more-link btn\" href=\"https:\/\/ent2d.ac-bordeaux.fr\/disciplines\/semaine-des-maths\/2016\/09\/16\/3eme-forum-de-rentree-des-projets-culturels-scientifiques-a-cap-sciences-le-21-septembre-2016\/\">Lire la suite<\/a><\/p>\n","protected":false},"author":64,"featured_media":0,"comment_status":"closed","ping_status":"closed","sticky":false,"template":"","format":"standard","meta":{"footnotes":""},"categories":[22,5,36],"tags":[],"class_list":["post-1278","post","type-post","status-publish","format-standard","hentry","category-annee-2017","category-conferences-evenements-expositions","category-formation","nodate","item-wrap"],"_links":{"self":[{"href":"https:\/\/ent2d.ac-bordeaux.fr\/disciplines\/semaine-des-maths\/wp-json\/wp\/v2\/posts\/1278","targetHints":{"allow":["GET"]}}],"collection":[{"href":"https:\/\/ent2d.ac-bordeaux.fr\/disciplines\/semaine-des-maths\/wp-json\/wp\/v2\/posts"}],"about":[{"href":"https:\/\/ent2d.ac-bordeaux.fr\/disciplines\/semaine-des-maths\/wp-json\/wp\/v2\/types\/post"}],"author":[{"embeddable":true,"href":"https:\/\/ent2d.ac-bordeaux.fr\/disciplines\/semaine-des-maths\/wp-json\/wp\/v2\/users\/64"}],"replies":[{"embeddable":true,"href":"https:\/\/ent2d.ac-bordeaux.fr\/disciplines\/semaine-des-maths\/wp-json\/wp\/v2\/comments?post=1278"}],"version-history":[{"count":3,"href":"https:\/\/ent2d.ac-bordeaux.fr\/disciplines\/semaine-des-maths\/wp-json\/wp\/v2\/posts\/1278\/revisions"}],"predecessor-version":[{"id":1284,"href":"https:\/\/ent2d.ac-bordeaux.fr\/disciplines\/semaine-des-maths\/wp-json\/wp\/v2\/posts\/1278\/revisions\/1284"}],"wp:attachment":[{"href":"https:\/\/ent2d.ac-bordeaux.fr\/disciplines\/semaine-des-maths\/wp-json\/wp\/v2\/media?parent=1278"}],"wp:term":[{"taxonomy":"category","embeddable":true,"href":"https:\/\/ent2d.ac-bordeaux.fr\/disciplines\/semaine-des-maths\/wp-json\/wp\/v2\/categories?post=1278"},{"taxonomy":"post_tag","embeddable":true,"href":"https:\/\/ent2d.ac-bordeaux.fr\/disciplines\/semaine-des-maths\/wp-json\/wp\/v2\/tags?post=1278"}],"curies":[{"name":"wp","href":"https:\/\/api.w.org\/{rel}","templated":true}]}}