{"id":257,"date":"2022-10-06T14:14:40","date_gmt":"2022-10-06T12:14:40","guid":{"rendered":"https:\/\/ent2d.ac-bordeaux.fr\/disciplines\/portugais\/?p=257"},"modified":"2022-10-06T14:14:40","modified_gmt":"2022-10-06T12:14:40","slug":"exposition-o-candelabro-aristides-de-sousa-mendes-un-consul-en-resistance","status":"publish","type":"post","link":"https:\/\/ent2d.ac-bordeaux.fr\/disciplines\/portugais\/2022\/10\/06\/exposition-o-candelabro-aristides-de-sousa-mendes-un-consul-en-resistance\/","title":{"rendered":"Exposition O Candelabro. Aristides de Sousa Mendes, un consul en r\u00e9sistance"},"content":{"rendered":"\n<p>En juin 1940, Aristides de Sousa Mendes est Consul g\u00e9n\u00e9ral du Portugal \u00e0 Bordeaux.<\/p>\n\n\n\n<p>Plus d&rsquo;un million de r\u00e9fugi\u00e9s se pressent dans les rues de la ville, fuyant l\u2019avanc\u00e9e de l\u2019arm\u00e9e allemande du IIIe Reich. Contrevenant aux ordres du dictateur Salazar, Aristides de Sousa Mendes signe des milliers\u00a0de visas permettant de se rendre au Portugal&#8230;<a href=\"https:\/\/www.musee-aquitaine-bordeaux.fr\/fr\/exposition-o-candelabro-aristides-de-sousa-mendes-un-consul-en-resistance\" data-type=\"URL\" data-id=\"https:\/\/www.musee-aquitaine-bordeaux.fr\/fr\/exposition-o-candelabro-aristides-de-sousa-mendes-un-consul-en-resistance\">https:\/\/www.musee-aquitaine-bordeaux.fr\/fr\/exposition-o-candelabro-aristides-de-sousa-mendes-un-consul-en-resistance<\/a><\/p>\n\n\n\n<p><\/p>\n\n\n\n<h2 class=\"wp-block-heading\">Horaires<\/h2>\n\n\n\n<p>Ouvert du mardi au dimanche de 11h \u00e0 18h<\/p>\n\n\n\n<p>Ferm\u00e9 lundis et jours f\u00e9ri\u00e9s<\/p>\n\n\n\n<p>Ouvert 14 juillet et 15 ao\u00fbt<\/p>\n\n\n\n<p><a href=\"https:\/\/www.musee-aquitaine-bordeaux.fr\/fr\/bibliotheque\"><strong>Biblioth\u00e8que<\/strong><\/a><\/p>\n\n\n\n<p>du mardi au vendredi<\/p>\n\n\n\n<p>9h &#8211; 12h30 \/ 13h30 &#8211; 17h<\/p>\n\n\n\n<p><a href=\"https:\/\/www.musee-aquitaine-bordeaux.fr\/fr\/article\/visiter-en-groupe\"><strong>Accueil des groupes<\/strong><\/a><\/p>\n\n\n\n<p>05 56 01 51 04<\/p>\n\n\n\n<h2 class=\"wp-block-heading\">Mus\u00e9e<\/h2>\n\n\n\n<p>20 cours Pasteur<br>33000 Bordeaux<br>05 56 01 51 00<\/p>\n\n\n\n<p><\/p>\n","protected":false},"excerpt":{"rendered":"<p>En juin 1940, Aristides de Sousa Mendes est Consul g\u00e9n\u00e9ral du Portugal \u00e0 Bordeaux. Plus d&rsquo;un million de r\u00e9fugi\u00e9s se pressent dans les rues de la ville, fuyant l\u2019avanc\u00e9e de &#8230;<\/p>\n","protected":false},"author":564,"featured_media":258,"comment_status":"open","ping_status":"closed","sticky":false,"template":"","format":"standard","meta":{"footnotes":""},"categories":[1],"tags":[],"class_list":["post-257","post","type-post","status-publish","format-standard","has-post-thumbnail","hentry","category-non-classe"],"_links":{"self":[{"href":"https:\/\/ent2d.ac-bordeaux.fr\/disciplines\/portugais\/wp-json\/wp\/v2\/posts\/257","targetHints":{"allow":["GET"]}}],"collection":[{"href":"https:\/\/ent2d.ac-bordeaux.fr\/disciplines\/portugais\/wp-json\/wp\/v2\/posts"}],"about":[{"href":"https:\/\/ent2d.ac-bordeaux.fr\/disciplines\/portugais\/wp-json\/wp\/v2\/types\/post"}],"author":[{"embeddable":true,"href":"https:\/\/ent2d.ac-bordeaux.fr\/disciplines\/portugais\/wp-json\/wp\/v2\/users\/564"}],"replies":[{"embeddable":true,"href":"https:\/\/ent2d.ac-bordeaux.fr\/disciplines\/portugais\/wp-json\/wp\/v2\/comments?post=257"}],"version-history":[{"count":2,"href":"https:\/\/ent2d.ac-bordeaux.fr\/disciplines\/portugais\/wp-json\/wp\/v2\/posts\/257\/revisions"}],"predecessor-version":[{"id":260,"href":"https:\/\/ent2d.ac-bordeaux.fr\/disciplines\/portugais\/wp-json\/wp\/v2\/posts\/257\/revisions\/260"}],"wp:featuredmedia":[{"embeddable":true,"href":"https:\/\/ent2d.ac-bordeaux.fr\/disciplines\/portugais\/wp-json\/wp\/v2\/media\/258"}],"wp:attachment":[{"href":"https:\/\/ent2d.ac-bordeaux.fr\/disciplines\/portugais\/wp-json\/wp\/v2\/media?parent=257"}],"wp:term":[{"taxonomy":"category","embeddable":true,"href":"https:\/\/ent2d.ac-bordeaux.fr\/disciplines\/portugais\/wp-json\/wp\/v2\/categories?post=257"},{"taxonomy":"post_tag","embeddable":true,"href":"https:\/\/ent2d.ac-bordeaux.fr\/disciplines\/portugais\/wp-json\/wp\/v2\/tags?post=257"}],"curies":[{"name":"wp","href":"https:\/\/api.w.org\/{rel}","templated":true}]}}