{"id":187,"date":"2021-05-22T10:58:37","date_gmt":"2021-05-22T08:58:37","guid":{"rendered":"https:\/\/ent2d.ac-bordeaux.fr\/disciplines\/portugais\/?p=187"},"modified":"2021-05-22T11:07:54","modified_gmt":"2021-05-22T09:07:54","slug":"187","status":"publish","type":"post","link":"https:\/\/ent2d.ac-bordeaux.fr\/disciplines\/portugais\/2021\/05\/22\/187\/","title":{"rendered":""},"content":{"rendered":"\n<p><strong>Matin\u00e9e d&rsquo;\u00e9tude de la Soci\u00e9t\u00e9 des Langues N\u00e9o-latines<\/strong><\/p>\n\n\n\n<p><strong>Daniel RODRIGUES<\/strong> &#8211; Ma\u00eetre de conf\u00e9rences<br>Directeur du D\u00e9partement d&rsquo;\u00c9tudes Portugaises et Br\u00e9siliennesResponsable Mention Licence LLCERMembre du CELIS &#8211; \u00c9quipe \u00c9critures et interactions sociales<\/p>\n\n\n\n<p><\/p>\n\n\n\n<figure class=\"wp-block-image\"><img decoding=\"async\" src=\"https:\/\/cdn.uca.fr\/images\/email\/composantes\/LCC\/UFR-LCC-logo-long.png\" alt=\"Universit Clermont Auvergne - Langues, Cultures et Communication\" \/><\/figure>\n\n\n\n<p><\/p>\n\n\n\n<p>Ch\u00e8res et chers coll\u00e8gues,<em>Caros e caras colegas,<\/em><\/p>\n\n\n\n<p>Nous avons le plaisir de vous inviter \u00e0 la <strong>Matin\u00e9e d&rsquo;\u00e9tude de la Soci\u00e9t\u00e9 des Langues N\u00e9o-Latines: Le Portrait &#8211; Quels enseignements pour les cours de Portugais?<\/strong>Organisation : B\u00e9n\u00e9dicte Mathios et Daniel Rodriguesle 02 juin \u00e0 09h30 (heure Paris)<br><em>Temos o prazer de convidar a todos e a todas para a encontro <strong>Matin\u00e9e d&rsquo;\u00e9tude de la Soci\u00e9t\u00e9 des Langues N\u00e9o-Latines: Le Portrait &#8211; Quels enseignements pour les cours de Portugais?<\/strong><\/em><em>Organiza\u00e7\u00e3o: B\u00e9n\u00e9dicte Mathios et Daniel Rodrigues<\/em><em>Dia 02 de junho \u00e0s 09h30 (Paris)<\/em><\/p>\n\n\n\n<p>Inscri\u00e7\u00f5es\/ inscriptions : <a href=\"mailto:daniel.rodrigues@uca.fr\" target=\"_blank\" rel=\"noreferrer noopener\">daniel.rodrigues@uca.fr<\/a><br>Programme\/ Programa:<\/p>\n\n\n\n<p>09h30 &#8211; Eunice Ribeiro (UMinho, CEHUM) \u2013 \u201cDesloca\u00e7\u00f5es do Retrato no Novo Mil\u00e9nio (4 t\u00f3picos)\u201d<\/p>\n\n\n\n<p>10h00 &#8211; Bruno Marques (IHA, FCSH, Universidade NOVA de Lisboa) \u2013 \u201cUma revolta na melancolia? Cinco grupos de mulheres retratadas&nbsp;por Nikias Skapinakis antes do 25 de Abril de 1974\u201d<\/p>\n\n\n\n<p>10h30 &#8211; D\u00e9bat 1<\/p>\n\n\n\n<p>11h00 &#8211; Daniel Tavares (UMinho, CEHUM) \u2013 \u201cA extin\u00e7\u00e3o do verbo ser ou um retrato do desaparecimento\u201d<\/p>\n\n\n\n<p>11h30 &#8211; Daniel Rodrigues (UCA\/ CELIS) \u2013 \u201cM\u00e9moire et (auto)portraits po\u00e9tiques\u201d.<\/p>\n\n\n\n<p>12h00 &#8211; D\u00e9bat 2 suivi d\u2019un \u00e9change sur les pratiques p\u00e9dagogiques et l&rsquo;usage des portraits dans les s\u00e9quences p\u00e9dagogiques.<\/p>\n\n\n\n<p>13h00 &#8211; Fin<\/p>\n\n\n\n<p>Pour plus d&rsquo;informations\/ Par mais informa\u00e7\u00f5es: <strong><a href=\"https:\/\/neolatines.com\/slnl\/?p=5714&amp;fbclid=IwAR3j7Q-I7yGDQE99wRgmSsQqG2cFB3ri1bMqDj5n72rb6HAqNR9FeJnatao\" target=\"_blank\" rel=\"noreferrer noopener\">Soci\u00e9t\u00e9 des Langues N\u00e9o-Latines<\/a><\/strong><br>Cordialement,<em>Atenciosamente,<\/em><\/p>\n","protected":false},"excerpt":{"rendered":"<p>Matin\u00e9e d&rsquo;\u00e9tude de la Soci\u00e9t\u00e9 des Langues N\u00e9o-latines Daniel RODRIGUES &#8211; Ma\u00eetre de conf\u00e9rencesDirecteur du D\u00e9partement d&rsquo;\u00c9tudes Portugaises et Br\u00e9siliennesResponsable Mention Licence LLCERMembre du CELIS &#8211; \u00c9quipe \u00c9critures et interactions &#8230;<\/p>\n","protected":false},"author":564,"featured_media":190,"comment_status":"open","ping_status":"closed","sticky":false,"template":"","format":"standard","meta":{"footnotes":""},"categories":[10],"tags":[],"class_list":["post-187","post","type-post","status-publish","format-standard","has-post-thumbnail","hentry","category-formations-a-public-designe"],"_links":{"self":[{"href":"https:\/\/ent2d.ac-bordeaux.fr\/disciplines\/portugais\/wp-json\/wp\/v2\/posts\/187","targetHints":{"allow":["GET"]}}],"collection":[{"href":"https:\/\/ent2d.ac-bordeaux.fr\/disciplines\/portugais\/wp-json\/wp\/v2\/posts"}],"about":[{"href":"https:\/\/ent2d.ac-bordeaux.fr\/disciplines\/portugais\/wp-json\/wp\/v2\/types\/post"}],"author":[{"embeddable":true,"href":"https:\/\/ent2d.ac-bordeaux.fr\/disciplines\/portugais\/wp-json\/wp\/v2\/users\/564"}],"replies":[{"embeddable":true,"href":"https:\/\/ent2d.ac-bordeaux.fr\/disciplines\/portugais\/wp-json\/wp\/v2\/comments?post=187"}],"version-history":[{"count":3,"href":"https:\/\/ent2d.ac-bordeaux.fr\/disciplines\/portugais\/wp-json\/wp\/v2\/posts\/187\/revisions"}],"predecessor-version":[{"id":192,"href":"https:\/\/ent2d.ac-bordeaux.fr\/disciplines\/portugais\/wp-json\/wp\/v2\/posts\/187\/revisions\/192"}],"wp:featuredmedia":[{"embeddable":true,"href":"https:\/\/ent2d.ac-bordeaux.fr\/disciplines\/portugais\/wp-json\/wp\/v2\/media\/190"}],"wp:attachment":[{"href":"https:\/\/ent2d.ac-bordeaux.fr\/disciplines\/portugais\/wp-json\/wp\/v2\/media?parent=187"}],"wp:term":[{"taxonomy":"category","embeddable":true,"href":"https:\/\/ent2d.ac-bordeaux.fr\/disciplines\/portugais\/wp-json\/wp\/v2\/categories?post=187"},{"taxonomy":"post_tag","embeddable":true,"href":"https:\/\/ent2d.ac-bordeaux.fr\/disciplines\/portugais\/wp-json\/wp\/v2\/tags?post=187"}],"curies":[{"name":"wp","href":"https:\/\/api.w.org\/{rel}","templated":true}]}}