{"id":1539,"date":"2024-01-21T18:34:33","date_gmt":"2024-01-21T17:34:33","guid":{"rendered":"https:\/\/ent2d.ac-bordeaux.fr\/disciplines\/philosophie\/?p=1539"},"modified":"2025-10-15T23:44:08","modified_gmt":"2025-10-15T21:44:08","slug":"9e-rencontre-des-professeurs-de-la-philosophie-texte-de-sandra-mevrel-lycee-jean-renou-la-reole-le-culte-de-lhumanite-dans-la-philosophie-dauguste-comte","status":"publish","type":"post","link":"https:\/\/ent2d.ac-bordeaux.fr\/disciplines\/philosophie\/2024\/01\/21\/9e-rencontre-des-professeurs-de-la-philosophie-texte-de-sandra-mevrel-lycee-jean-renou-la-reole-le-culte-de-lhumanite-dans-la-philosophie-dauguste-comte\/","title":{"rendered":"9e Rencontre des professeurs de la philosophie. Texte de Sandra M\u00e9vrel (Lyc\u00e9e Jean Renou, La R\u00e9ole) : le culte de l&#8217;Humanit\u00e9 dans la philosophie d&#8217;Auguste Comte."},"content":{"rendered":"\n<div class=\"wp-block-file\"><a id=\"wp-block-file--media-8faf7ac4-7546-4172-81a1-d6df3504015c\" href=\"https:\/\/ent2d.ac-bordeaux.fr\/disciplines\/philosophie\/wp-content\/uploads\/sites\/24\/2024\/01\/Conference-Sandra-Mevrel-13-decembre-.docx\">Conference-Sandra-Mevrel-13-decembre-<\/a><a href=\"https:\/\/ent2d.ac-bordeaux.fr\/disciplines\/philosophie\/wp-content\/uploads\/sites\/24\/2024\/01\/Conference-Sandra-Mevrel-13-decembre-.docx\" class=\"wp-block-file__button wp-element-button\" download aria-describedby=\"wp-block-file--media-8faf7ac4-7546-4172-81a1-d6df3504015c\">T\u00e9l\u00e9charger<\/a><\/div>\n","protected":false},"excerpt":{"rendered":"","protected":false},"author":2078,"featured_media":0,"comment_status":"open","ping_status":"closed","sticky":false,"template":"","format":"standard","meta":{"footnotes":""},"categories":[25,6,21],"tags":[],"class_list":["post-1539","post","type-post","status-publish","format-standard","hentry","category-autour-de-la-formation-continue","category-formation-continue","category-actualite-philosophique","item-wrap"],"_links":{"self":[{"href":"https:\/\/ent2d.ac-bordeaux.fr\/disciplines\/philosophie\/wp-json\/wp\/v2\/posts\/1539","targetHints":{"allow":["GET"]}}],"collection":[{"href":"https:\/\/ent2d.ac-bordeaux.fr\/disciplines\/philosophie\/wp-json\/wp\/v2\/posts"}],"about":[{"href":"https:\/\/ent2d.ac-bordeaux.fr\/disciplines\/philosophie\/wp-json\/wp\/v2\/types\/post"}],"author":[{"embeddable":true,"href":"https:\/\/ent2d.ac-bordeaux.fr\/disciplines\/philosophie\/wp-json\/wp\/v2\/users\/2078"}],"replies":[{"embeddable":true,"href":"https:\/\/ent2d.ac-bordeaux.fr\/disciplines\/philosophie\/wp-json\/wp\/v2\/comments?post=1539"}],"version-history":[{"count":5,"href":"https:\/\/ent2d.ac-bordeaux.fr\/disciplines\/philosophie\/wp-json\/wp\/v2\/posts\/1539\/revisions"}],"predecessor-version":[{"id":1550,"href":"https:\/\/ent2d.ac-bordeaux.fr\/disciplines\/philosophie\/wp-json\/wp\/v2\/posts\/1539\/revisions\/1550"}],"wp:attachment":[{"href":"https:\/\/ent2d.ac-bordeaux.fr\/disciplines\/philosophie\/wp-json\/wp\/v2\/media?parent=1539"}],"wp:term":[{"taxonomy":"category","embeddable":true,"href":"https:\/\/ent2d.ac-bordeaux.fr\/disciplines\/philosophie\/wp-json\/wp\/v2\/categories?post=1539"},{"taxonomy":"post_tag","embeddable":true,"href":"https:\/\/ent2d.ac-bordeaux.fr\/disciplines\/philosophie\/wp-json\/wp\/v2\/tags?post=1539"}],"curies":[{"name":"wp","href":"https:\/\/api.w.org\/{rel}","templated":true}]}}