{"id":3846,"date":"2025-03-07T09:40:18","date_gmt":"2025-03-07T08:40:18","guid":{"rendered":"https:\/\/ent2d.ac-bordeaux.fr\/disciplines\/musique\/?p=3846"},"modified":"2025-03-07T09:48:01","modified_gmt":"2025-03-07T08:48:01","slug":"quand-les-colibris-accompagnent-le-ballet-malandain","status":"publish","type":"post","link":"https:\/\/ent2d.ac-bordeaux.fr\/disciplines\/musique\/2025\/03\/07\/quand-les-colibris-accompagnent-le-ballet-malandain\/","title":{"rendered":"Quand les Colibris accompagnent le Ballet Malandain&#8230;"},"content":{"rendered":"<p class=\"justif\"><a href=\"https:\/\/drive.google.com\/file\/d\/162y1tszJkDSHR9gHcBJOaMGdqKRTc3Us\/view\" target=\"_blank\" rel=\"noopener\"><img loading=\"lazy\" decoding=\"async\" class=\"alignright wp-image-3848 size-medium\" src=\"https:\/\/ent2d.ac-bordeaux.fr\/disciplines\/musique\/wp-content\/uploads\/sites\/32\/2025\/03\/Choeur-des-colibris-et-le-Malandain-Ballet-de-Biarritz-300x188.png\" alt=\"\" width=\"300\" height=\"188\" srcset=\"https:\/\/ent2d.ac-bordeaux.fr\/disciplines\/musique\/wp-content\/uploads\/sites\/32\/2025\/03\/Choeur-des-colibris-et-le-Malandain-Ballet-de-Biarritz-300x188.png 300w, https:\/\/ent2d.ac-bordeaux.fr\/disciplines\/musique\/wp-content\/uploads\/sites\/32\/2025\/03\/Choeur-des-colibris-et-le-Malandain-Ballet-de-Biarritz-768x480.png 768w, https:\/\/ent2d.ac-bordeaux.fr\/disciplines\/musique\/wp-content\/uploads\/sites\/32\/2025\/03\/Choeur-des-colibris-et-le-Malandain-Ballet-de-Biarritz-1536x960.png 1536w, https:\/\/ent2d.ac-bordeaux.fr\/disciplines\/musique\/wp-content\/uploads\/sites\/32\/2025\/03\/Choeur-des-colibris-et-le-Malandain-Ballet-de-Biarritz-2048x1280.png 2048w, https:\/\/ent2d.ac-bordeaux.fr\/disciplines\/musique\/wp-content\/uploads\/sites\/32\/2025\/03\/Choeur-des-colibris-et-le-Malandain-Ballet-de-Biarritz.png 1024w\" sizes=\"auto, (max-width: 300px) 100vw, 300px\" \/><\/a>Le Malandain Ballet Biarritz a invit\u00e9 le Ch\u0153ur des Colibris du coll\u00e8ge Saint-Michel Garico\u00efts de Cambo (Pyr\u00e9n\u00e9es-Atlantiques) pour co-interpr\u00e9ter le Bol\u00e9ro de Maurice Ravel \u00e0 la Gare du Midi de Biarritz puis \u00e0 la salle Lauga de Bayonne \u00e0 l&rsquo;occasion du Concert du Nouvel An, accompagn\u00e9s par l&rsquo;Orchestre Symphonique Pays Basque. Cinq belles repr\u00e9sentations qui ont marqu\u00e9 le 150\u00e8me anniversaire de Ravel.<\/p>\n<p class=\"justif\">Ne manquez pas de visionner <a href=\"https:\/\/drive.google.com\/file\/d\/162y1tszJkDSHR9gHcBJOaMGdqKRTc3Us\/view\" target=\"_blank\" rel=\"noopener\">un extrait de cette superbe prestation !<\/a> Un tr\u00e8s grand bravo aux \u00e9l\u00e8ves du Ch\u0153ur des Colibris et \u00e0 leur professeure Mme Nelly Guilhemsans !<\/p>\n","protected":false},"excerpt":{"rendered":"<p class=\"justif\">Le Malandain Ballet Biarritz a invit\u00e9 le Ch\u0153ur des Colibris du coll\u00e8ge Saint-Michel Garico\u00efts de Cambo (Pyr\u00e9n\u00e9es-Atlantiques) pour co-interpr\u00e9ter le Bol\u00e9ro de Maurice Ravel \u00e0 la Gare du Midi de Biarritz puis \u00e0 la salle Lauga de Bayonne \u00e0 l&rsquo;occasion du Concert du Nouvel An, accompagn\u00e9s par l&rsquo;Orchestre Symphonique Pays Basque. Cinq belles repr\u00e9sentations &hellip; <\/p>\n<p><a class=\"more-link block-button\" href=\"https:\/\/ent2d.ac-bordeaux.fr\/disciplines\/musique\/2025\/03\/07\/quand-les-colibris-accompagnent-le-ballet-malandain\/\">Lire la Suite &raquo;<\/a><\/p>\n","protected":false},"author":1669,"featured_media":3848,"comment_status":"open","ping_status":"closed","sticky":false,"template":"","format":"standard","meta":{"footnotes":""},"categories":[1],"tags":[],"class_list":["post-3846","post","type-post","status-publish","format-standard","has-post-thumbnail","hentry","category-didactique"],"_links":{"self":[{"href":"https:\/\/ent2d.ac-bordeaux.fr\/disciplines\/musique\/wp-json\/wp\/v2\/posts\/3846","targetHints":{"allow":["GET"]}}],"collection":[{"href":"https:\/\/ent2d.ac-bordeaux.fr\/disciplines\/musique\/wp-json\/wp\/v2\/posts"}],"about":[{"href":"https:\/\/ent2d.ac-bordeaux.fr\/disciplines\/musique\/wp-json\/wp\/v2\/types\/post"}],"author":[{"embeddable":true,"href":"https:\/\/ent2d.ac-bordeaux.fr\/disciplines\/musique\/wp-json\/wp\/v2\/users\/1669"}],"replies":[{"embeddable":true,"href":"https:\/\/ent2d.ac-bordeaux.fr\/disciplines\/musique\/wp-json\/wp\/v2\/comments?post=3846"}],"version-history":[{"count":7,"href":"https:\/\/ent2d.ac-bordeaux.fr\/disciplines\/musique\/wp-json\/wp\/v2\/posts\/3846\/revisions"}],"predecessor-version":[{"id":3854,"href":"https:\/\/ent2d.ac-bordeaux.fr\/disciplines\/musique\/wp-json\/wp\/v2\/posts\/3846\/revisions\/3854"}],"wp:featuredmedia":[{"embeddable":true,"href":"https:\/\/ent2d.ac-bordeaux.fr\/disciplines\/musique\/wp-json\/wp\/v2\/media\/3848"}],"wp:attachment":[{"href":"https:\/\/ent2d.ac-bordeaux.fr\/disciplines\/musique\/wp-json\/wp\/v2\/media?parent=3846"}],"wp:term":[{"taxonomy":"category","embeddable":true,"href":"https:\/\/ent2d.ac-bordeaux.fr\/disciplines\/musique\/wp-json\/wp\/v2\/categories?post=3846"},{"taxonomy":"post_tag","embeddable":true,"href":"https:\/\/ent2d.ac-bordeaux.fr\/disciplines\/musique\/wp-json\/wp\/v2\/tags?post=3846"}],"curies":[{"name":"wp","href":"https:\/\/api.w.org\/{rel}","templated":true}]}}