{"id":3810,"date":"2025-01-11T09:21:24","date_gmt":"2025-01-11T08:21:24","guid":{"rendered":"https:\/\/ent2d.ac-bordeaux.fr\/disciplines\/musique\/?p=3810"},"modified":"2025-01-11T22:42:16","modified_gmt":"2025-01-11T21:42:16","slug":"de-la-page-blanche-a-la-scene","status":"publish","type":"post","link":"https:\/\/ent2d.ac-bordeaux.fr\/disciplines\/musique\/2025\/01\/11\/de-la-page-blanche-a-la-scene\/","title":{"rendered":"\u00ab\u00a0De la page blanche \u00e0 la sc\u00e8ne !\u00a0\u00bb"},"content":{"rendered":"<p class=\"justif\"><a href=\"https:\/\/www.youtube.com\/watch?v=08A3zXo-Mik\" target=\"_blank\" rel=\"noopener\"><img loading=\"lazy\" decoding=\"async\" class=\"alignleft wp-image-3811\" src=\"https:\/\/ent2d.ac-bordeaux.fr\/disciplines\/musique\/wp-content\/uploads\/sites\/32\/2025\/01\/De-la-page-blanche-a\u0300-la-sce\u0300ne-Villeneuve.1-300x212.jpeg\" alt=\"\" width=\"385\" height=\"272\" srcset=\"https:\/\/ent2d.ac-bordeaux.fr\/disciplines\/musique\/wp-content\/uploads\/sites\/32\/2025\/01\/De-la-page-blanche-a\u0300-la-sce\u0300ne-Villeneuve.1-300x212.jpeg 300w, https:\/\/ent2d.ac-bordeaux.fr\/disciplines\/musique\/wp-content\/uploads\/sites\/32\/2025\/01\/De-la-page-blanche-a\u0300-la-sce\u0300ne-Villeneuve.1-768x543.jpeg 768w, https:\/\/ent2d.ac-bordeaux.fr\/disciplines\/musique\/wp-content\/uploads\/sites\/32\/2025\/01\/De-la-page-blanche-a\u0300-la-sce\u0300ne-Villeneuve.1-1536x1085.jpeg 1536w, https:\/\/ent2d.ac-bordeaux.fr\/disciplines\/musique\/wp-content\/uploads\/sites\/32\/2025\/01\/De-la-page-blanche-a\u0300-la-sce\u0300ne-Villeneuve.1.jpeg 1024w\" sizes=\"auto, (max-width: 385px) 100vw, 385px\" \/><\/a>Les \u00e9l\u00e8ves de la classe de la 3\u00e8me CHAM du coll\u00e8ge Anatole France \u00e0 Villeneuve sur Lot (47) ont eu le privil\u00e8ge de rencontrer l\u2019autrice-compositrice-interpr\u00e8te Bertille.<\/p>\n<p class=\"justif\">Dans un premier temps, l\u2019artiste a accompagn\u00e9 les \u00e9l\u00e8ves pour un atelier d\u2019\u00e9criture de chanson, en classe, en d\u00e9cembre 2024.<\/p>\n<p class=\"justif\">Au programme de ces ateliers : cr\u00e9ation des paroles, de la m\u00e9lodie et de l\u2019accompagnement musical de la chanson.<\/p>\n<p class=\"justif\">Dans un second temps, les \u00e9l\u00e8ves se sont produits sur la sc\u00e8ne du Th\u00e9\u00e2tre Georges Leygues le jeudi 12 novembre, pendant le spectacle de Bertille, et ont interpr\u00e9t\u00e9 leur chanson. Une rencontre inoubliable! <a href=\"https:\/\/www.youtube.com\/watch?v=08A3zXo-Mik\" target=\"_blank\" rel=\"noopener\">Une chanson incroyable<\/a> ! Un beau moment de plaisir musical partag\u00e9 !<\/p>\n<p class=\"justif\">Ce projet de cr\u00e9ation de chanson \u00ab\u00a0De la page blanche \u00e0 la sc\u00e8ne\u00a0\u00bb est r\u00e9alis\u00e9 gr\u00e2ce au partenariat entre l&rsquo;association \u00ab\u00a0Voix du sud\u00a0\u00bb, la mairie de Villeneuve sur Lot, le coll\u00e8ge Anatole France, le Conseil d\u00e9partemental (Convention \u00e9ducative) et la DRAC.<\/p>\n","protected":false},"excerpt":{"rendered":"<p class=\"justif\">Les \u00e9l\u00e8ves de la classe de la 3\u00e8me CHAM du coll\u00e8ge Anatole France \u00e0 Villeneuve sur Lot (47) ont eu le privil\u00e8ge de rencontrer l\u2019autrice-compositrice-interpr\u00e8te Bertille.<\/p>\n<p class=\"justif\">Dans un premier temps, l\u2019artiste a accompagn\u00e9 les \u00e9l\u00e8ves pour un atelier d\u2019\u00e9criture de chanson, en classe, en d\u00e9cembre 2024.<\/p>\n<p class=\"justif\">Au programme de ces ateliers : &hellip; <\/p>\n<p><a class=\"more-link block-button\" href=\"https:\/\/ent2d.ac-bordeaux.fr\/disciplines\/musique\/2025\/01\/11\/de-la-page-blanche-a-la-scene\/\">Lire la Suite &raquo;<\/a><\/p>\n","protected":false},"author":1669,"featured_media":3811,"comment_status":"open","ping_status":"closed","sticky":false,"template":"","format":"standard","meta":{"footnotes":""},"categories":[1],"tags":[],"class_list":["post-3810","post","type-post","status-publish","format-standard","has-post-thumbnail","hentry","category-didactique"],"_links":{"self":[{"href":"https:\/\/ent2d.ac-bordeaux.fr\/disciplines\/musique\/wp-json\/wp\/v2\/posts\/3810","targetHints":{"allow":["GET"]}}],"collection":[{"href":"https:\/\/ent2d.ac-bordeaux.fr\/disciplines\/musique\/wp-json\/wp\/v2\/posts"}],"about":[{"href":"https:\/\/ent2d.ac-bordeaux.fr\/disciplines\/musique\/wp-json\/wp\/v2\/types\/post"}],"author":[{"embeddable":true,"href":"https:\/\/ent2d.ac-bordeaux.fr\/disciplines\/musique\/wp-json\/wp\/v2\/users\/1669"}],"replies":[{"embeddable":true,"href":"https:\/\/ent2d.ac-bordeaux.fr\/disciplines\/musique\/wp-json\/wp\/v2\/comments?post=3810"}],"version-history":[{"count":6,"href":"https:\/\/ent2d.ac-bordeaux.fr\/disciplines\/musique\/wp-json\/wp\/v2\/posts\/3810\/revisions"}],"predecessor-version":[{"id":3820,"href":"https:\/\/ent2d.ac-bordeaux.fr\/disciplines\/musique\/wp-json\/wp\/v2\/posts\/3810\/revisions\/3820"}],"wp:featuredmedia":[{"embeddable":true,"href":"https:\/\/ent2d.ac-bordeaux.fr\/disciplines\/musique\/wp-json\/wp\/v2\/media\/3811"}],"wp:attachment":[{"href":"https:\/\/ent2d.ac-bordeaux.fr\/disciplines\/musique\/wp-json\/wp\/v2\/media?parent=3810"}],"wp:term":[{"taxonomy":"category","embeddable":true,"href":"https:\/\/ent2d.ac-bordeaux.fr\/disciplines\/musique\/wp-json\/wp\/v2\/categories?post=3810"},{"taxonomy":"post_tag","embeddable":true,"href":"https:\/\/ent2d.ac-bordeaux.fr\/disciplines\/musique\/wp-json\/wp\/v2\/tags?post=3810"}],"curies":[{"name":"wp","href":"https:\/\/api.w.org\/{rel}","templated":true}]}}