{"id":3541,"date":"2024-04-19T18:53:51","date_gmt":"2024-04-19T16:53:51","guid":{"rendered":"https:\/\/ent2d.ac-bordeaux.fr\/disciplines\/musique\/?p=3541"},"modified":"2024-04-30T11:48:21","modified_gmt":"2024-04-30T09:48:21","slug":"actualites-brulantes-des-concerts-dans-les-pyrenees-atlantiques","status":"publish","type":"post","link":"https:\/\/ent2d.ac-bordeaux.fr\/disciplines\/musique\/2024\/04\/19\/actualites-brulantes-des-concerts-dans-les-pyrenees-atlantiques\/","title":{"rendered":"Actualit\u00e9s br\u00fblantes des concerts dans les Pyr\u00e9n\u00e9es-Atlantiques !"},"content":{"rendered":"<p><a href=\"https:\/\/ent2d.ac-bordeaux.fr\/disciplines\/musique\/chant-choral\/concerts-deleves-en-confinement-4\/\" target=\"_blank\" rel=\"noopener\"><img loading=\"lazy\" decoding=\"async\" class=\"alignright wp-image-3558\" src=\"https:\/\/ent2d.ac-bordeaux.fr\/disciplines\/musique\/wp-content\/uploads\/sites\/32\/2024\/04\/Singing-AMERICA-lycee-Barthou-212x300.jpg\" alt=\"\" width=\"160\" height=\"226\" srcset=\"https:\/\/ent2d.ac-bordeaux.fr\/disciplines\/musique\/wp-content\/uploads\/sites\/32\/2024\/04\/Singing-AMERICA-lycee-Barthou-212x300.jpg 212w, https:\/\/ent2d.ac-bordeaux.fr\/disciplines\/musique\/wp-content\/uploads\/sites\/32\/2024\/04\/Singing-AMERICA-lycee-Barthou.jpg 595w\" sizes=\"auto, (max-width: 160px) 100vw, 160px\" \/><\/a><\/p>\n<p class=\"justif\">Retrouvez toutes l&rsquo;actualit\u00e9s des concerts des lyc\u00e9ens d&rsquo;ol\u00e9ron et de Pau \u00e0 la pages des concerts d&rsquo;\u00e9l\u00e8ves.<\/p>\n<ul>\n<li><em><strong>No day but today<\/strong><\/em>, la nouvelle com\u00e9die musicale des lyc\u00e9ens de l&rsquo;enseignement optionnel et de sp\u00e9cialit\u00e9 musique de J. Supervielle d&rsquo;Oloron et L. Barthou de Pau.<\/li>\n<li><em><strong>Singing America !!!<\/strong><\/em> Les \u00e9l\u00e8ves de l&rsquo;enseignement de sp\u00e9cialit\u00e9 de premi\u00e8re et de terminale du lyc\u00e9e Louis Barthou donneront un concert vocal au temple de Pau le 29 avril 2024 \u00e0 20 heures. Ils seront accompagn\u00e9s par le ch\u0153ur des adultes du Lyc\u00e9e Barthou ainsi que le ch\u0153ur du lyc\u00e9e Supervielle d&rsquo;Oloron-Sainte-Marie. Un programme en partenariat avec le CRD de Pau.<\/li>\n<\/ul>\n<p>Rendez-vous sur la page <a href=\"https:\/\/ent2d.ac-bordeaux.fr\/disciplines\/musique\/chant-choral\/concerts-deleves-en-confinement-4\/\" target=\"_blank\" rel=\"noopener\">des concerts d&rsquo;\u00e9l\u00e8ves<\/a> pour de plus amples informations sur ces deux \u00e9v\u00e8nements musicaux.<\/p>\n","protected":false},"excerpt":{"rendered":"<\/p>\n<p class=\"justif\">Retrouvez toutes l&rsquo;actualit\u00e9s des concerts des lyc\u00e9ens d&rsquo;ol\u00e9ron et de Pau \u00e0 la pages des concerts d&rsquo;\u00e9l\u00e8ves.<\/p>\n<ul>\n<li>No day but today, la nouvelle com\u00e9die musicale des lyc\u00e9ens de l&rsquo;enseignement optionnel et de sp\u00e9cialit\u00e9 musique de J. Supervielle d&rsquo;Oloron et L. Barthou de Pau.<\/li>\n<li>Singing America !!! Les \u00e9l\u00e8ves de l&rsquo;enseignement de sp\u00e9cialit\u00e9 &hellip;\n<p><a class=\"more-link block-button\" href=\"https:\/\/ent2d.ac-bordeaux.fr\/disciplines\/musique\/2024\/04\/19\/actualites-brulantes-des-concerts-dans-les-pyrenees-atlantiques\/\">Lire la Suite &raquo;<\/a><\/p>\n<\/li>\n<\/ul>\n","protected":false},"author":1669,"featured_media":3558,"comment_status":"open","ping_status":"closed","sticky":false,"template":"","format":"standard","meta":{"footnotes":""},"categories":[5],"tags":[],"class_list":["post-3541","post","type-post","status-publish","format-standard","has-post-thumbnail","hentry","category-actualite-concerts"],"_links":{"self":[{"href":"https:\/\/ent2d.ac-bordeaux.fr\/disciplines\/musique\/wp-json\/wp\/v2\/posts\/3541","targetHints":{"allow":["GET"]}}],"collection":[{"href":"https:\/\/ent2d.ac-bordeaux.fr\/disciplines\/musique\/wp-json\/wp\/v2\/posts"}],"about":[{"href":"https:\/\/ent2d.ac-bordeaux.fr\/disciplines\/musique\/wp-json\/wp\/v2\/types\/post"}],"author":[{"embeddable":true,"href":"https:\/\/ent2d.ac-bordeaux.fr\/disciplines\/musique\/wp-json\/wp\/v2\/users\/1669"}],"replies":[{"embeddable":true,"href":"https:\/\/ent2d.ac-bordeaux.fr\/disciplines\/musique\/wp-json\/wp\/v2\/comments?post=3541"}],"version-history":[{"count":12,"href":"https:\/\/ent2d.ac-bordeaux.fr\/disciplines\/musique\/wp-json\/wp\/v2\/posts\/3541\/revisions"}],"predecessor-version":[{"id":3578,"href":"https:\/\/ent2d.ac-bordeaux.fr\/disciplines\/musique\/wp-json\/wp\/v2\/posts\/3541\/revisions\/3578"}],"wp:featuredmedia":[{"embeddable":true,"href":"https:\/\/ent2d.ac-bordeaux.fr\/disciplines\/musique\/wp-json\/wp\/v2\/media\/3558"}],"wp:attachment":[{"href":"https:\/\/ent2d.ac-bordeaux.fr\/disciplines\/musique\/wp-json\/wp\/v2\/media?parent=3541"}],"wp:term":[{"taxonomy":"category","embeddable":true,"href":"https:\/\/ent2d.ac-bordeaux.fr\/disciplines\/musique\/wp-json\/wp\/v2\/categories?post=3541"},{"taxonomy":"post_tag","embeddable":true,"href":"https:\/\/ent2d.ac-bordeaux.fr\/disciplines\/musique\/wp-json\/wp\/v2\/tags?post=3541"}],"curies":[{"name":"wp","href":"https:\/\/api.w.org\/{rel}","templated":true}]}}