{"id":3526,"date":"2024-04-25T17:13:59","date_gmt":"2024-04-25T15:13:59","guid":{"rendered":"https:\/\/ent2d.ac-bordeaux.fr\/disciplines\/musique\/?p=3526"},"modified":"2024-04-25T18:01:47","modified_gmt":"2024-04-25T16:01:47","slug":"concert-anniversaire-faure","status":"publish","type":"post","link":"https:\/\/ent2d.ac-bordeaux.fr\/disciplines\/musique\/2024\/04\/25\/concert-anniversaire-faure\/","title":{"rendered":"CONCERT ANNIVERSAIRE FAUR\u00c9"},"content":{"rendered":"<h5><b>Concert anniversaire \u00ab\u00a0Faur\u00e9\u00a0\u00bb avec 120 choristes du lyc\u00e9e Palissy !<\/b><\/h5>\n<p class=\"justif\"><a href=\"https:\/\/ent2d.ac-bordeaux.fr\/disciplines\/musique\/actualites-departementales\/dept47\/\" target=\"_blank\" rel=\"noopener\"><img loading=\"lazy\" decoding=\"async\" class=\"alignleft wp-image-3528\" src=\"https:\/\/ent2d.ac-bordeaux.fr\/disciplines\/musique\/wp-content\/uploads\/sites\/32\/2024\/04\/Affiche-Requiem-FAURE\u0301-212x300.jpg\" alt=\"\" width=\"172\" height=\"243\" srcset=\"https:\/\/ent2d.ac-bordeaux.fr\/disciplines\/musique\/wp-content\/uploads\/sites\/32\/2024\/04\/Affiche-Requiem-FAURE\u0301-212x300.jpg 212w, https:\/\/ent2d.ac-bordeaux.fr\/disciplines\/musique\/wp-content\/uploads\/sites\/32\/2024\/04\/Affiche-Requiem-FAURE\u0301-768x1086.jpg 768w, https:\/\/ent2d.ac-bordeaux.fr\/disciplines\/musique\/wp-content\/uploads\/sites\/32\/2024\/04\/Affiche-Requiem-FAURE\u0301-1086x1536.jpg 1086w, https:\/\/ent2d.ac-bordeaux.fr\/disciplines\/musique\/wp-content\/uploads\/sites\/32\/2024\/04\/Affiche-Requiem-FAURE\u0301-1448x2048.jpg 1448w, https:\/\/ent2d.ac-bordeaux.fr\/disciplines\/musique\/wp-content\/uploads\/sites\/32\/2024\/04\/Affiche-Requiem-FAURE\u0301.jpg 724w\" sizes=\"auto, (max-width: 172px) 100vw, 172px\" \/><\/a>Gabriel Faur\u00e9 s\u2019est \u00e9teint voil\u00e0 cent ans, le 4 novembre 1924. Compositeur discret n\u00e9 en 1845, dont la notori\u00e9t\u00e9 est ind\u00e9fectiblement li\u00e9e encore aujourd\u2019hui \u00e0 une de ses \u0153uvres majeures : le \u00ab\u00a0Requiem\u00a0\u00bb.<\/p>\n<p>&nbsp;<\/p>\n<p class=\"justif\">\u00c0 l&rsquo;occasion du centenaire, les \u00e9l\u00e8ves de l&rsquo;option et sp\u00e9cialit\u00e9 musique du lyc\u00e9e Bernard Palissy d&rsquo;Agen auront le plaisir d&rsquo;interpr\u00e9ter, entre autres \u0153uvres, ce requiem, sous la direction de leur professeur, M. J\u00e9r\u00f4me Gose. Pour en savoir davantage, nous vous invitons \u00e0 consulter la page <a href=\"https:\/\/ent2d.ac-bordeaux.fr\/disciplines\/musique\/chant-choral\/concerts-deleves-en-confinement-4\/\" target=\"_blank\" rel=\"noopener\">des concerts d&rsquo;\u00e9l\u00e8ves<\/a>.<\/p>\n","protected":false},"excerpt":{"rendered":"<h5>Concert anniversaire \u00ab\u00a0Faur\u00e9\u00a0\u00bb avec 120 choristes du lyc\u00e9e Palissy !<\/h5>\n<p class=\"justif\">Gabriel Faur\u00e9 s\u2019est \u00e9teint voil\u00e0 cent ans, le 4 novembre 1924. Compositeur discret n\u00e9 en 1845, dont la notori\u00e9t\u00e9 est ind\u00e9fectiblement li\u00e9e encore aujourd\u2019hui \u00e0 une de ses \u0153uvres majeures : le \u00ab\u00a0Requiem\u00a0\u00bb.<\/p>\n<p>&nbsp;<\/p>\n<p class=\"justif\">\u00c0 l&rsquo;occasion du centenaire, les \u00e9l\u00e8ves de l&rsquo;option et &hellip; <\/p>\n<p><a class=\"more-link block-button\" href=\"https:\/\/ent2d.ac-bordeaux.fr\/disciplines\/musique\/2024\/04\/25\/concert-anniversaire-faure\/\">Lire la Suite &raquo;<\/a><\/p>\n","protected":false},"author":1669,"featured_media":3528,"comment_status":"open","ping_status":"closed","sticky":false,"template":"","format":"standard","meta":{"footnotes":""},"categories":[3,5],"tags":[],"class_list":["post-3526","post","type-post","status-publish","format-standard","has-post-thumbnail","hentry","category-actualite","category-actualite-concerts"],"_links":{"self":[{"href":"https:\/\/ent2d.ac-bordeaux.fr\/disciplines\/musique\/wp-json\/wp\/v2\/posts\/3526","targetHints":{"allow":["GET"]}}],"collection":[{"href":"https:\/\/ent2d.ac-bordeaux.fr\/disciplines\/musique\/wp-json\/wp\/v2\/posts"}],"about":[{"href":"https:\/\/ent2d.ac-bordeaux.fr\/disciplines\/musique\/wp-json\/wp\/v2\/types\/post"}],"author":[{"embeddable":true,"href":"https:\/\/ent2d.ac-bordeaux.fr\/disciplines\/musique\/wp-json\/wp\/v2\/users\/1669"}],"replies":[{"embeddable":true,"href":"https:\/\/ent2d.ac-bordeaux.fr\/disciplines\/musique\/wp-json\/wp\/v2\/comments?post=3526"}],"version-history":[{"count":7,"href":"https:\/\/ent2d.ac-bordeaux.fr\/disciplines\/musique\/wp-json\/wp\/v2\/posts\/3526\/revisions"}],"predecessor-version":[{"id":3555,"href":"https:\/\/ent2d.ac-bordeaux.fr\/disciplines\/musique\/wp-json\/wp\/v2\/posts\/3526\/revisions\/3555"}],"wp:featuredmedia":[{"embeddable":true,"href":"https:\/\/ent2d.ac-bordeaux.fr\/disciplines\/musique\/wp-json\/wp\/v2\/media\/3528"}],"wp:attachment":[{"href":"https:\/\/ent2d.ac-bordeaux.fr\/disciplines\/musique\/wp-json\/wp\/v2\/media?parent=3526"}],"wp:term":[{"taxonomy":"category","embeddable":true,"href":"https:\/\/ent2d.ac-bordeaux.fr\/disciplines\/musique\/wp-json\/wp\/v2\/categories?post=3526"},{"taxonomy":"post_tag","embeddable":true,"href":"https:\/\/ent2d.ac-bordeaux.fr\/disciplines\/musique\/wp-json\/wp\/v2\/tags?post=3526"}],"curies":[{"name":"wp","href":"https:\/\/api.w.org\/{rel}","templated":true}]}}