{"id":3408,"date":"2023-12-15T21:29:47","date_gmt":"2023-12-15T20:29:47","guid":{"rendered":"https:\/\/ent2d.ac-bordeaux.fr\/disciplines\/musique\/?p=3408"},"modified":"2023-12-18T21:31:51","modified_gmt":"2023-12-18T20:31:51","slug":"la-chorale-du-college-toulouse-lautrec-de-langon-en-premiere-partie-de-renan-luce","status":"publish","type":"post","link":"https:\/\/ent2d.ac-bordeaux.fr\/disciplines\/musique\/2023\/12\/15\/la-chorale-du-college-toulouse-lautrec-de-langon-en-premiere-partie-de-renan-luce\/","title":{"rendered":"La chorale du coll\u00e8ge Toulouse Lautrec de Langon en premi\u00e8re partie de Renan Luce"},"content":{"rendered":"<p><a href=\"https:\/\/ent2d.ac-bordeaux.fr\/disciplines\/musique\/actualites-departementales\/dept33\/\" target=\"_blank\" rel=\"noopener\"><img loading=\"lazy\" decoding=\"async\" class=\"alignright wp-image-3393\" src=\"https:\/\/ent2d.ac-bordeaux.fr\/disciplines\/musique\/wp-content\/uploads\/sites\/32\/2023\/12\/Affiche-chorale-Tlse-Lautrec-Langon-300x212.jpg\" alt=\"\" width=\"197\" height=\"139\" srcset=\"https:\/\/ent2d.ac-bordeaux.fr\/disciplines\/musique\/wp-content\/uploads\/sites\/32\/2023\/12\/Affiche-chorale-Tlse-Lautrec-Langon-300x212.jpg 300w, https:\/\/ent2d.ac-bordeaux.fr\/disciplines\/musique\/wp-content\/uploads\/sites\/32\/2023\/12\/Affiche-chorale-Tlse-Lautrec-Langon-768x543.jpg 768w, https:\/\/ent2d.ac-bordeaux.fr\/disciplines\/musique\/wp-content\/uploads\/sites\/32\/2023\/12\/Affiche-chorale-Tlse-Lautrec-Langon-1536x1085.jpg 1536w, https:\/\/ent2d.ac-bordeaux.fr\/disciplines\/musique\/wp-content\/uploads\/sites\/32\/2023\/12\/Affiche-chorale-Tlse-Lautrec-Langon-2048x1447.jpg 2048w, https:\/\/ent2d.ac-bordeaux.fr\/disciplines\/musique\/wp-content\/uploads\/sites\/32\/2023\/12\/Affiche-chorale-Tlse-Lautrec-Langon-scaled.jpg 1024w\" sizes=\"auto, (max-width: 197px) 100vw, 197px\" \/><\/a><\/p>\n<p class=\"justif\">Gr\u00e2ce au soutien des associations locales, la chorale inclusive du coll\u00e8ge Toulouse Lautrec de Langon s&rsquo;est vue charg\u00e9e d&rsquo;assurer la premi\u00e8re partie du concert de Renan Luce le 9 d\u00e9cembre 2023. Pour tout savoir sur cette aventure, rendez-vous sur cette <a href=\"https:\/\/ent2d.ac-bordeaux.fr\/disciplines\/musique\/actualites-departementales\/dept33\/\" target=\"_blank\" rel=\"noopener\">page<\/a> !<\/p>\n","protected":false},"excerpt":{"rendered":"<\/p>\n<p class=\"justif\">Gr\u00e2ce au soutien des associations locales, la chorale inclusive du coll\u00e8ge Toulouse Lautrec de Langon s&rsquo;est vue charg\u00e9e d&rsquo;assurer la premi\u00e8re partie du concert de Renan Luce le 9 d\u00e9cembre 2023. Pour tout savoir sur cette aventure, rendez-vous sur cette page !<\/p>\n","protected":false},"author":1669,"featured_media":3393,"comment_status":"open","ping_status":"closed","sticky":false,"template":"","format":"standard","meta":{"footnotes":""},"categories":[3,5],"tags":[],"class_list":["post-3408","post","type-post","status-publish","format-standard","has-post-thumbnail","hentry","category-actualite","category-actualite-concerts"],"_links":{"self":[{"href":"https:\/\/ent2d.ac-bordeaux.fr\/disciplines\/musique\/wp-json\/wp\/v2\/posts\/3408","targetHints":{"allow":["GET"]}}],"collection":[{"href":"https:\/\/ent2d.ac-bordeaux.fr\/disciplines\/musique\/wp-json\/wp\/v2\/posts"}],"about":[{"href":"https:\/\/ent2d.ac-bordeaux.fr\/disciplines\/musique\/wp-json\/wp\/v2\/types\/post"}],"author":[{"embeddable":true,"href":"https:\/\/ent2d.ac-bordeaux.fr\/disciplines\/musique\/wp-json\/wp\/v2\/users\/1669"}],"replies":[{"embeddable":true,"href":"https:\/\/ent2d.ac-bordeaux.fr\/disciplines\/musique\/wp-json\/wp\/v2\/comments?post=3408"}],"version-history":[{"count":1,"href":"https:\/\/ent2d.ac-bordeaux.fr\/disciplines\/musique\/wp-json\/wp\/v2\/posts\/3408\/revisions"}],"predecessor-version":[{"id":3409,"href":"https:\/\/ent2d.ac-bordeaux.fr\/disciplines\/musique\/wp-json\/wp\/v2\/posts\/3408\/revisions\/3409"}],"wp:featuredmedia":[{"embeddable":true,"href":"https:\/\/ent2d.ac-bordeaux.fr\/disciplines\/musique\/wp-json\/wp\/v2\/media\/3393"}],"wp:attachment":[{"href":"https:\/\/ent2d.ac-bordeaux.fr\/disciplines\/musique\/wp-json\/wp\/v2\/media?parent=3408"}],"wp:term":[{"taxonomy":"category","embeddable":true,"href":"https:\/\/ent2d.ac-bordeaux.fr\/disciplines\/musique\/wp-json\/wp\/v2\/categories?post=3408"},{"taxonomy":"post_tag","embeddable":true,"href":"https:\/\/ent2d.ac-bordeaux.fr\/disciplines\/musique\/wp-json\/wp\/v2\/tags?post=3408"}],"curies":[{"name":"wp","href":"https:\/\/api.w.org\/{rel}","templated":true}]}}