{"id":3404,"date":"2023-12-16T21:24:05","date_gmt":"2023-12-16T20:24:05","guid":{"rendered":"https:\/\/ent2d.ac-bordeaux.fr\/disciplines\/musique\/?p=3404"},"modified":"2023-12-18T21:44:36","modified_gmt":"2023-12-18T20:44:36","slug":"concert-des-eleves-de-la-cham-du-college-jacques-ellul-de-bordeaux","status":"publish","type":"post","link":"https:\/\/ent2d.ac-bordeaux.fr\/disciplines\/musique\/2023\/12\/16\/concert-des-eleves-de-la-cham-du-college-jacques-ellul-de-bordeaux\/","title":{"rendered":"Concert des \u00e9l\u00e8ves de la CHAM du coll\u00e8ge Jacques ELLUL de Bordeaux"},"content":{"rendered":"<p><a href=\"https:\/\/ent2d.ac-bordeaux.fr\/disciplines\/musique\/actualites-departementales\/dept33\/\" target=\"_blank\" rel=\"noopener\"><img loading=\"lazy\" decoding=\"async\" class=\"alignleft wp-image-3379\" src=\"https:\/\/ent2d.ac-bordeaux.fr\/disciplines\/musique\/wp-content\/uploads\/sites\/32\/2023\/09\/Affiche-CHAM-P.-Ellul-300x212.jpg\" alt=\"\" width=\"218\" height=\"154\" srcset=\"https:\/\/ent2d.ac-bordeaux.fr\/disciplines\/musique\/wp-content\/uploads\/sites\/32\/2023\/09\/Affiche-CHAM-P.-Ellul-300x212.jpg 300w, https:\/\/ent2d.ac-bordeaux.fr\/disciplines\/musique\/wp-content\/uploads\/sites\/32\/2023\/09\/Affiche-CHAM-P.-Ellul-768x543.jpg 768w, https:\/\/ent2d.ac-bordeaux.fr\/disciplines\/musique\/wp-content\/uploads\/sites\/32\/2023\/09\/Affiche-CHAM-P.-Ellul-1536x1085.jpg 1536w, https:\/\/ent2d.ac-bordeaux.fr\/disciplines\/musique\/wp-content\/uploads\/sites\/32\/2023\/09\/Affiche-CHAM-P.-Ellul.jpg 1024w\" sizes=\"auto, (max-width: 218px) 100vw, 218px\" \/><\/a><\/p>\n<p class=\"justif\">Les \u00e9l\u00e8ves des classes \u00ab\u00a0CHAM Musiques Actuelles et Jazz\u00a0\u00bb sont ravis de vous convier \u00e0 la pr\u00e9sentation de leurs r\u00e9alisations depuis la rentr\u00e9e 2023. Cette soir\u00e9e exceptionnelle aura lieu le jeudi 21 d\u00e9cembre \u00e0 partir de 19h30, dans le Hall du Conservatoire de Bordeaux. Un <a href=\"https:\/\/ent2d.ac-bordeaux.fr\/disciplines\/musique\/actualites-departementales\/dept33\/\" target=\"_blank\" rel=\"noopener\">programme<\/a> riche vous attend, offrant un moment de convivialit\u00e9 ponctuant cette p\u00e9riode avant les f\u00eates !<\/p>\n","protected":false},"excerpt":{"rendered":"<\/p>\n<p class=\"justif\">Les \u00e9l\u00e8ves des classes \u00ab\u00a0CHAM Musiques Actuelles et Jazz\u00a0\u00bb sont ravis de vous convier \u00e0 la pr\u00e9sentation de leurs r\u00e9alisations depuis la rentr\u00e9e 2023. Cette soir\u00e9e exceptionnelle aura lieu le jeudi 21 d\u00e9cembre \u00e0 partir de 19h30, dans le Hall du Conservatoire de Bordeaux. Un programme riche vous attend, offrant un moment de &hellip; <\/p>\n<p><a class=\"more-link block-button\" href=\"https:\/\/ent2d.ac-bordeaux.fr\/disciplines\/musique\/2023\/12\/16\/concert-des-eleves-de-la-cham-du-college-jacques-ellul-de-bordeaux\/\">Lire la Suite &raquo;<\/a><\/p>\n","protected":false},"author":1669,"featured_media":3379,"comment_status":"open","ping_status":"closed","sticky":false,"template":"","format":"standard","meta":{"footnotes":""},"categories":[3,5],"tags":[],"class_list":["post-3404","post","type-post","status-publish","format-standard","has-post-thumbnail","hentry","category-actualite","category-actualite-concerts"],"_links":{"self":[{"href":"https:\/\/ent2d.ac-bordeaux.fr\/disciplines\/musique\/wp-json\/wp\/v2\/posts\/3404","targetHints":{"allow":["GET"]}}],"collection":[{"href":"https:\/\/ent2d.ac-bordeaux.fr\/disciplines\/musique\/wp-json\/wp\/v2\/posts"}],"about":[{"href":"https:\/\/ent2d.ac-bordeaux.fr\/disciplines\/musique\/wp-json\/wp\/v2\/types\/post"}],"author":[{"embeddable":true,"href":"https:\/\/ent2d.ac-bordeaux.fr\/disciplines\/musique\/wp-json\/wp\/v2\/users\/1669"}],"replies":[{"embeddable":true,"href":"https:\/\/ent2d.ac-bordeaux.fr\/disciplines\/musique\/wp-json\/wp\/v2\/comments?post=3404"}],"version-history":[{"count":3,"href":"https:\/\/ent2d.ac-bordeaux.fr\/disciplines\/musique\/wp-json\/wp\/v2\/posts\/3404\/revisions"}],"predecessor-version":[{"id":3407,"href":"https:\/\/ent2d.ac-bordeaux.fr\/disciplines\/musique\/wp-json\/wp\/v2\/posts\/3404\/revisions\/3407"}],"wp:featuredmedia":[{"embeddable":true,"href":"https:\/\/ent2d.ac-bordeaux.fr\/disciplines\/musique\/wp-json\/wp\/v2\/media\/3379"}],"wp:attachment":[{"href":"https:\/\/ent2d.ac-bordeaux.fr\/disciplines\/musique\/wp-json\/wp\/v2\/media?parent=3404"}],"wp:term":[{"taxonomy":"category","embeddable":true,"href":"https:\/\/ent2d.ac-bordeaux.fr\/disciplines\/musique\/wp-json\/wp\/v2\/categories?post=3404"},{"taxonomy":"post_tag","embeddable":true,"href":"https:\/\/ent2d.ac-bordeaux.fr\/disciplines\/musique\/wp-json\/wp\/v2\/tags?post=3404"}],"curies":[{"name":"wp","href":"https:\/\/api.w.org\/{rel}","templated":true}]}}