{"id":1968,"date":"2020-11-01T17:16:35","date_gmt":"2020-11-01T16:16:35","guid":{"rendered":"https:\/\/ent2d.ac-bordeaux.fr\/disciplines\/musique\/?p=1968"},"modified":"2020-11-02T10:41:36","modified_gmt":"2020-11-02T09:41:36","slug":"liberte-egalite-fraternite","status":"publish","type":"post","link":"https:\/\/ent2d.ac-bordeaux.fr\/disciplines\/musique\/2020\/11\/01\/liberte-egalite-fraternite\/","title":{"rendered":"Libert\u00e9, \u00c9galit\u00e9, Fraternit\u00e9"},"content":{"rendered":"<h3 class=\"justif\"><span style=\"color: #99173c\">Des valeurs r\u00e9publicaines port\u00e9es par l&rsquo;enseignement d&rsquo;\u00c9ducation Musicale et de Chant Choral<br \/>\n<\/span><\/h3>\n<p class=\"justif\"><em><a href=\"https:\/\/ent2d.ac-bordeaux.fr\/disciplines\/musique\/wp-content\/uploads\/sites\/32\/2020\/11\/Liberte_Egalite_Fraternite.jpg\"><img loading=\"lazy\" decoding=\"async\" class=\"alignleft wp-image-1976 size-medium\" src=\"https:\/\/ent2d.ac-bordeaux.fr\/disciplines\/musique\/wp-content\/uploads\/sites\/32\/2020\/11\/Liberte_Egalite_Fraternite_s-300x225.jpg\" alt=\"\" width=\"300\" height=\"225\" srcset=\"https:\/\/ent2d.ac-bordeaux.fr\/disciplines\/musique\/wp-content\/uploads\/sites\/32\/2020\/11\/Liberte_Egalite_Fraternite_s-300x225.jpg 300w, https:\/\/ent2d.ac-bordeaux.fr\/disciplines\/musique\/wp-content\/uploads\/sites\/32\/2020\/11\/Liberte_Egalite_Fraternite_s.jpg 432w\" sizes=\"auto, (max-width: 300px) 100vw, 300px\" \/><\/a> Libert\u00e9, \u00c9galit\u00e9, Fraternit\u00e9<\/em> : un texte de Vincent Maestracci, IGESR, publi\u00e9 en 2016 sur le site de la <a href=\"http:\/\/fncs2020.fr\/\" target=\"_blank\" rel=\"noopener noreferrer\">F.N.C.S<\/a> et qui garde aujourd&rsquo;hui toute son actualit\u00e9. Au frontispice de toutes les chorales scolaires ?<\/p>\n<p class=\"justif\">\u00c0 <a href=\"https:\/\/www.education.gouv.fr\/media\/71370\/download\" target=\"_blank\" rel=\"noopener noreferrer\">consulter en ligne<\/a>, ou \u00e0 <a href=\"https:\/\/ent2d.ac-bordeaux.fr\/disciplines\/musique\/wp-content\/uploads\/sites\/32\/2020\/11\/edito-IG-FNCS-2015.pdf\" target=\"_blank\" rel=\"noopener noreferrer\">t\u00e9l\u00e9charger<\/a>.<\/p>\n<p>Des documents pour accompagner l&rsquo;hommage \u00e0 M. Samuel Paty sur la page <a href=\"https:\/\/eduscol.education.fr\/education-musicale\/actualites\/actualites\/article\/2-novembre-hommage-a-m-samuel-paty-et-unite-autour-des-valeurs-de-la-republique-6.html\" target=\"_blank\" rel=\"noopener noreferrer\">\u00c9ducation Musicale<\/a> d&rsquo;Eduscol.<\/p>\n<p>Quelques pistes de chansons pour r\u00e9fl\u00e9chir : <a href=\"https:\/\/youtu.be\/mqrp2qBZiuQ\" target=\"_blank\" rel=\"noopener noreferrer\"><em>Et si en plus y&rsquo;a personne<\/em><\/a> d&rsquo;Alain Souchon, <a href=\"https:\/\/youtu.be\/0qeV8PDBH8E\" target=\"_blank\" rel=\"noopener noreferrer\"><em>Manhattan Kaboul<\/em><\/a> de Renaud, et en contrepoint plus l\u00e9ger \u00e0 cet ensemble de ressources, la chanson <a href=\"https:\/\/youtu.be\/ZOfoN8u11Dc\" target=\"_blank\" rel=\"noopener noreferrer\">L.I.B.E.R.T.\u00c9.<\/a>, interpr\u00e9t\u00e9e par les <a href=\"https:\/\/lesenfantastiques.fr\/\" target=\"_blank\" rel=\"noopener noreferrer\">Enfantastiques<\/a>, dans le cadre d&rsquo;un projet sur les th\u00e8mes de l&rsquo;\u00e9ducation, la citoyennet\u00e9, la la\u00efcit\u00e9 et la libert\u00e9 d&rsquo;expression.<\/p>\n","protected":false},"excerpt":{"rendered":"<p>Des valeurs r\u00e9publicaines port\u00e9es par l&rsquo;enseignement d&rsquo;\u00c9ducation Musicale et de Chant Choral <\/p>\n<p class=\"justif\"> Libert\u00e9, \u00c9galit\u00e9, Fraternit\u00e9 : un texte de Vincent Maestracci, IGESR, publi\u00e9 en 2016 sur le site de la F.N.C.S et qui garde aujourd&rsquo;hui toute son actualit\u00e9. Au frontispice de toutes les chorales scolaires ?<\/p>\n<p class=\"justif\">\u00c0 consulter en ligne, ou \u00e0 &hellip; <\/p>\n<p><a class=\"more-link block-button\" href=\"https:\/\/ent2d.ac-bordeaux.fr\/disciplines\/musique\/2020\/11\/01\/liberte-egalite-fraternite\/\">Lire la Suite &raquo;<\/a><\/p>\n","protected":false},"author":178,"featured_media":1976,"comment_status":"open","ping_status":"closed","sticky":false,"template":"","format":"standard","meta":{"footnotes":""},"categories":[3],"tags":[],"class_list":["post-1968","post","type-post","status-publish","format-standard","has-post-thumbnail","hentry","category-actualite"],"_links":{"self":[{"href":"https:\/\/ent2d.ac-bordeaux.fr\/disciplines\/musique\/wp-json\/wp\/v2\/posts\/1968","targetHints":{"allow":["GET"]}}],"collection":[{"href":"https:\/\/ent2d.ac-bordeaux.fr\/disciplines\/musique\/wp-json\/wp\/v2\/posts"}],"about":[{"href":"https:\/\/ent2d.ac-bordeaux.fr\/disciplines\/musique\/wp-json\/wp\/v2\/types\/post"}],"author":[{"embeddable":true,"href":"https:\/\/ent2d.ac-bordeaux.fr\/disciplines\/musique\/wp-json\/wp\/v2\/users\/178"}],"replies":[{"embeddable":true,"href":"https:\/\/ent2d.ac-bordeaux.fr\/disciplines\/musique\/wp-json\/wp\/v2\/comments?post=1968"}],"version-history":[{"count":8,"href":"https:\/\/ent2d.ac-bordeaux.fr\/disciplines\/musique\/wp-json\/wp\/v2\/posts\/1968\/revisions"}],"predecessor-version":[{"id":1989,"href":"https:\/\/ent2d.ac-bordeaux.fr\/disciplines\/musique\/wp-json\/wp\/v2\/posts\/1968\/revisions\/1989"}],"wp:featuredmedia":[{"embeddable":true,"href":"https:\/\/ent2d.ac-bordeaux.fr\/disciplines\/musique\/wp-json\/wp\/v2\/media\/1976"}],"wp:attachment":[{"href":"https:\/\/ent2d.ac-bordeaux.fr\/disciplines\/musique\/wp-json\/wp\/v2\/media?parent=1968"}],"wp:term":[{"taxonomy":"category","embeddable":true,"href":"https:\/\/ent2d.ac-bordeaux.fr\/disciplines\/musique\/wp-json\/wp\/v2\/categories?post=1968"},{"taxonomy":"post_tag","embeddable":true,"href":"https:\/\/ent2d.ac-bordeaux.fr\/disciplines\/musique\/wp-json\/wp\/v2\/tags?post=1968"}],"curies":[{"name":"wp","href":"https:\/\/api.w.org\/{rel}","templated":true}]}}