{"id":2290,"date":"2019-09-15T13:26:51","date_gmt":"2019-09-15T11:26:51","guid":{"rendered":"https:\/\/ent2d.ac-bordeaux.fr\/disciplines\/maths-sciences\/?p=2290"},"modified":"2019-09-15T13:26:53","modified_gmt":"2019-09-15T11:26:53","slug":"fete-de-la-science-2019","status":"publish","type":"post","link":"https:\/\/ent2d.ac-bordeaux.fr\/disciplines\/maths-sciences\/fete-de-la-science-2019\/","title":{"rendered":"F\u00eate de la science 2019"},"content":{"rendered":"\n<p>La&nbsp;<a href=\"https:\/\/www.fetedelascience.fr\/\" target=\"_blank\" rel=\"noreferrer noopener\">F\u00eate de la scienc<\/a><a>e<\/a>&nbsp;aura lieu en France du 5 au 13 octobre 2019. Cette ann\u00e9e, l&rsquo;auteur de BD&nbsp;<a href=\"https:\/\/www.fetedelascience.fr\/pid34623-cid142376\/marion-montaigne-marraine-2019.html\" target=\"_blank\" rel=\"noreferrer noopener\">Marion Montaigne<\/a>&nbsp;est marraine de l\u2019\u00e9v\u00e8nement.<br>Dans toute l&rsquo;acad\u00e9mie sont propos\u00e9es des activit\u00e9s pour les scolaires que vous pouvez identifier gr\u00e2ce \u00e0 ce moteur de recherche :&nbsp;<a href=\"https:\/\/www.fetedelascience.fr\/pid35200\/recherche.html\" target=\"_blank\" rel=\"noreferrer noopener\">https:\/\/www.fetedelascience.fr\/pid35200\/recherche.html<\/a><br><em>N&rsquo;h\u00e9sitez pas \u00e0 consulter r\u00e9guli\u00e8rement ces pages car elles seront mises \u00e0 jour d&rsquo;ici la fin du mois de septembre.<\/em><br><\/p>\n\n\n\n<p>&#8211; \u00e0&nbsp;<strong>Bordeaux (33)&nbsp;<\/strong>:<br>* le&nbsp;circuit scientifique bordelais&nbsp;qui permet de participer aux ateliers des laboratoires du campus de la m\u00e9tropole bordelaise avec les \u00e9l\u00e8ves \/ Inscriptions :&nbsp;<a href=\"http:\/\/www.circuit-scientifique-bordelais.fr\/\" target=\"_blank\" rel=\"noreferrer noopener\">http:\/\/www.circuit-scientifique-bordelais.fr\/<\/a><br><em>Une aide partielle (50%) pour financer votre venue peut \u00e9ventuellement vous \u00eatre attribu\u00e9e (dans la limite de ma r\u00e9serve financi\u00e8re attribu\u00e9e par le comit\u00e9 de pilotage de la F\u00eate de la Science)<br><\/em>* la \u00ab\u00a0Nuit\u00a0\u00bb des chercheurs \u00e0 Cap Sciences le jeudi 26 septembre 2019; programme :&nbsp;&nbsp;<a href=\"http:\/\/www.ac-bordeaux.fr\/cid106314\/nuit-europeenne-des-chercheurs.html\" target=\"_blank\" rel=\"noreferrer noopener\">http:\/\/www.ac-bordeaux.fr\/cid106314\/nuit-europeenne-des-chercheurs.html<\/a><em><br>*&nbsp;<\/em>un atelier \u00ab\u00a0Voyage dans les atlas c\u00e9lestes&nbsp;anciens pour d\u00e9velopper un projet artistique et culturel avec les \u00e9l\u00e8ves\u00a0\u00bb le mercredi 9 de 14h30 \u00e0 16h30 \u00e0 la&nbsp;<a href=\"https:\/\/bibliotheques.u-bordeaux.fr\/Les-bibliotheques\/Sciences-et-Technologies\" target=\"_blank\" rel=\"noreferrer noopener\">BUST&nbsp;<\/a>pour les enseignants volontaires sur inscription aupr\u00e8s de Roseline Primout :&nbsp;<em><a href=\"mailto:roseline.primout@ac-bordeaux.fr\" target=\"_blank\" rel=\"noreferrer noopener\">roseline.primout@ac-bordeaux.fr<\/a><br><\/em><\/p>\n\n\n\n<p>&#8211; \u00e0<strong>&nbsp;Mourenx (64)<\/strong>&nbsp;: le&nbsp;<a href=\"https:\/\/www.fetedelascience.fr\/pid35201\/fiche-evenement.html?identifiant=21296968\" target=\"_blank\" rel=\"noreferrer noopener\">village des sciences<\/a>&nbsp;ouvre aux scolaires le mercredi 9 octobre au matin + le spectacle Maths et Musique<a href=\"https:\/\/www.fetedelascience.fr\/pid35201\/fiche-evenement.html?identifiant=46020002\" target=\"_blank\" rel=\"noreferrer noopener\">&nbsp;Louis 14.0.<\/a><br><\/p>\n\n\n\n<p>&#8211; \u00e0&nbsp;<strong>Biscarrose (40)<\/strong>&nbsp;: le&nbsp;<a href=\"https:\/\/www.fetedelascience.fr\/pid35201\/fiche-evenement.html?identifiant=46511468\" target=\"_blank\" rel=\"noreferrer noopener\">village des sciences<\/a>&nbsp;ouvre aux scolaires jeudi et vendredi 11<br>&#8211; \u00e0&nbsp;<strong>St Pierre du Monde (40)<\/strong>&nbsp;: le<a href=\"https:\/\/www.fetedelascience.fr\/pid35201\/fiche-evenement.html?identifiant=71336448\" target=\"_blank\" rel=\"noreferrer noopener\">&nbsp;village des sciences<\/a>&nbsp;ouvre aux scolaires jeudi 3 et vendredi 4 octobre\n\n<\/p>\n","protected":false},"excerpt":{"rendered":"<p>La&nbsp;F\u00eate de la science&nbsp;aura lieu en France du 5 au 13 octobre 2019. Cette ann\u00e9e, l&rsquo;auteur de BD&nbsp;Marion Montaigne&nbsp;est marraine<\/p>\n","protected":false},"author":43,"featured_media":2291,"comment_status":"closed","ping_status":"closed","sticky":false,"template":"","format":"standard","meta":{"_bbp_topic_count":0,"_bbp_reply_count":0,"_bbp_total_topic_count":0,"_bbp_total_reply_count":0,"_bbp_voice_count":0,"_bbp_anonymous_reply_count":0,"_bbp_topic_count_hidden":0,"_bbp_reply_count_hidden":0,"_bbp_forum_subforum_count":0,"footnotes":""},"categories":[4],"tags":[],"class_list":["post-2290","post","type-post","status-publish","format-standard","has-post-thumbnail","hentry","category-breves"],"_links":{"self":[{"href":"https:\/\/ent2d.ac-bordeaux.fr\/disciplines\/maths-sciences\/wp-json\/wp\/v2\/posts\/2290","targetHints":{"allow":["GET"]}}],"collection":[{"href":"https:\/\/ent2d.ac-bordeaux.fr\/disciplines\/maths-sciences\/wp-json\/wp\/v2\/posts"}],"about":[{"href":"https:\/\/ent2d.ac-bordeaux.fr\/disciplines\/maths-sciences\/wp-json\/wp\/v2\/types\/post"}],"author":[{"embeddable":true,"href":"https:\/\/ent2d.ac-bordeaux.fr\/disciplines\/maths-sciences\/wp-json\/wp\/v2\/users\/43"}],"replies":[{"embeddable":true,"href":"https:\/\/ent2d.ac-bordeaux.fr\/disciplines\/maths-sciences\/wp-json\/wp\/v2\/comments?post=2290"}],"version-history":[{"count":1,"href":"https:\/\/ent2d.ac-bordeaux.fr\/disciplines\/maths-sciences\/wp-json\/wp\/v2\/posts\/2290\/revisions"}],"predecessor-version":[{"id":2292,"href":"https:\/\/ent2d.ac-bordeaux.fr\/disciplines\/maths-sciences\/wp-json\/wp\/v2\/posts\/2290\/revisions\/2292"}],"wp:featuredmedia":[{"embeddable":true,"href":"https:\/\/ent2d.ac-bordeaux.fr\/disciplines\/maths-sciences\/wp-json\/wp\/v2\/media\/2291"}],"wp:attachment":[{"href":"https:\/\/ent2d.ac-bordeaux.fr\/disciplines\/maths-sciences\/wp-json\/wp\/v2\/media?parent=2290"}],"wp:term":[{"taxonomy":"category","embeddable":true,"href":"https:\/\/ent2d.ac-bordeaux.fr\/disciplines\/maths-sciences\/wp-json\/wp\/v2\/categories?post=2290"},{"taxonomy":"post_tag","embeddable":true,"href":"https:\/\/ent2d.ac-bordeaux.fr\/disciplines\/maths-sciences\/wp-json\/wp\/v2\/tags?post=2290"}],"curies":[{"name":"wp","href":"https:\/\/api.w.org\/{rel}","templated":true}]}}