{"id":2285,"date":"2019-09-14T22:16:50","date_gmt":"2019-09-14T20:16:50","guid":{"rendered":"https:\/\/ent2d.ac-bordeaux.fr\/disciplines\/maths-sciences\/?p=2285"},"modified":"2019-09-22T18:03:55","modified_gmt":"2019-09-22T16:03:55","slug":"annee-des-mathematiques","status":"publish","type":"post","link":"https:\/\/ent2d.ac-bordeaux.fr\/disciplines\/maths-sciences\/annee-des-mathematiques\/","title":{"rendered":"2019-2020, ann\u00e9e des math\u00e9matiques"},"content":{"rendered":"\n<p><strong>2019-2020 est l\u2019<a href=\"http:\/\/www.cnrs.fr\/fr\/cnrsinfo\/annee-des-mathematiques-rapprocher-chercheurs-et-enseignants\" target=\"_blank\" rel=\"noreferrer noopener\" aria-label=\" (s\u2019ouvre dans un nouvel onglet)\">ann\u00e9e des math\u00e9matiques<\/a>&nbsp;!<\/strong>&nbsp;L\u2019un des temps forts de cette ann\u00e9e sera bien s\u00fbr la Semaine des Math\u00e9matiques qui se tiendra du<strong>&nbsp;9 au 14 mars 2020<\/strong>&nbsp;sur le th\u00e8me&nbsp;<strong>\u00ab&nbsp;Mettons en sc\u00e8ne les math\u00e9matiques&nbsp;\u00bb<\/strong>. Pour des id\u00e9es d\u2019actions \u00e0 mettre en place, nous vous sugg\u00e9rons de lire le&nbsp;<strong><a rel=\"noreferrer noopener\" aria-label=\" (s\u2019ouvre dans un nouvel onglet)\" href=\"https:\/\/ent2d.ac-bordeaux.fr\/disciplines\/semaine-des-maths\/wp-content\/uploads\/sites\/17\/2018\/12\/Guide-national-2019-Semaine-des-maths.pdf\" target=\"_blank\">guide national de la Semaine des Maths 2019<\/a><\/strong>.<\/p>\n\n\n\n<p>De nombreuses actions vous seront propos\u00e9es dans l\u2019acad\u00e9mie de Bordeaux :&nbsp;<a rel=\"noreferrer noopener\" aria-label=\" (s\u2019ouvre dans un nouvel onglet)\" href=\"https:\/\/ent2d.ac-bordeaux.fr\/disciplines\/semaine-des-maths\/les-concours-de-mathematiques\/\" target=\"_blank\">Concours<\/a>,&nbsp;<a rel=\"noreferrer noopener\" aria-label=\" (s\u2019ouvre dans un nouvel onglet)\" href=\"https:\/\/ent2d.ac-bordeaux.fr\/disciplines\/semaine-des-maths\/category\/enigmes\/\" target=\"_blank\">\u00c9nigmes<\/a>,&nbsp;<a rel=\"noreferrer noopener\" aria-label=\" (s\u2019ouvre dans un nouvel onglet)\" href=\"https:\/\/ent2d.ac-bordeaux.fr\/disciplines\/semaine-des-maths\/2018\/11\/20\/des-universitaires-dans-les-classes-2\/\" target=\"_blank\">Conf\u00e9rences de scientifiques<\/a>,&nbsp;<a rel=\"noreferrer noopener\" aria-label=\" (s\u2019ouvre dans un nouvel onglet)\" href=\"https:\/\/ent2d.ac-bordeaux.fr\/disciplines\/semaine-des-maths\/category\/conferences-evenements-expositions\/\" target=\"_blank\">\u00c9v\u00e9nements ouverts \u00e0 tous<\/a>, Films ou spectacles scientifiques, Conf\u00e9rences d\u2019\u00e9l\u00e8ves, Ateliers de jeux math\u00e9matiques,&nbsp;<a href=\"https:\/\/ent2d.ac-bordeaux.fr\/disciplines\/semaine-des-maths\/category\/ressources\/\" target=\"_blank\" rel=\"noreferrer noopener\" aria-label=\" (s\u2019ouvre dans un nouvel onglet)\">ressources pour la classe<\/a>\u2026<\/p>\n\n\n\n<p> &nbsp;Rendez-vous le 2 octobre apr\u00e8s-midi pour le lancement de l\u2019ann\u00e9e des Math\u00e9matiques &nbsp;\u00e0 la Sorbonne \u2013 Grand Amphi et Peristyle &#8211; &nbsp;en pr\u00e9sence de Monsieur le Ministre. &nbsp;&nbsp;La c\u00e9r\u00e9monie de lancement est organis\u00e9e par le CNRS entre 13h30 et 19h30. <\/p>\n\n\n\n<p><\/p>\n","protected":false},"excerpt":{"rendered":"<p>2019-2020 est l\u2019ann\u00e9e des math\u00e9matiques&nbsp;!&nbsp;L\u2019un des temps forts de cette ann\u00e9e sera bien s\u00fbr la Semaine des Math\u00e9matiques qui se<\/p>\n","protected":false},"author":43,"featured_media":2286,"comment_status":"closed","ping_status":"closed","sticky":false,"template":"","format":"standard","meta":{"_bbp_topic_count":0,"_bbp_reply_count":0,"_bbp_total_topic_count":0,"_bbp_total_reply_count":0,"_bbp_voice_count":0,"_bbp_anonymous_reply_count":0,"_bbp_topic_count_hidden":0,"_bbp_reply_count_hidden":0,"_bbp_forum_subforum_count":0,"footnotes":""},"categories":[3],"tags":[],"class_list":["post-2285","post","type-post","status-publish","format-standard","has-post-thumbnail","hentry","category-actualites"],"_links":{"self":[{"href":"https:\/\/ent2d.ac-bordeaux.fr\/disciplines\/maths-sciences\/wp-json\/wp\/v2\/posts\/2285","targetHints":{"allow":["GET"]}}],"collection":[{"href":"https:\/\/ent2d.ac-bordeaux.fr\/disciplines\/maths-sciences\/wp-json\/wp\/v2\/posts"}],"about":[{"href":"https:\/\/ent2d.ac-bordeaux.fr\/disciplines\/maths-sciences\/wp-json\/wp\/v2\/types\/post"}],"author":[{"embeddable":true,"href":"https:\/\/ent2d.ac-bordeaux.fr\/disciplines\/maths-sciences\/wp-json\/wp\/v2\/users\/43"}],"replies":[{"embeddable":true,"href":"https:\/\/ent2d.ac-bordeaux.fr\/disciplines\/maths-sciences\/wp-json\/wp\/v2\/comments?post=2285"}],"version-history":[{"count":3,"href":"https:\/\/ent2d.ac-bordeaux.fr\/disciplines\/maths-sciences\/wp-json\/wp\/v2\/posts\/2285\/revisions"}],"predecessor-version":[{"id":2289,"href":"https:\/\/ent2d.ac-bordeaux.fr\/disciplines\/maths-sciences\/wp-json\/wp\/v2\/posts\/2285\/revisions\/2289"}],"wp:featuredmedia":[{"embeddable":true,"href":"https:\/\/ent2d.ac-bordeaux.fr\/disciplines\/maths-sciences\/wp-json\/wp\/v2\/media\/2286"}],"wp:attachment":[{"href":"https:\/\/ent2d.ac-bordeaux.fr\/disciplines\/maths-sciences\/wp-json\/wp\/v2\/media?parent=2285"}],"wp:term":[{"taxonomy":"category","embeddable":true,"href":"https:\/\/ent2d.ac-bordeaux.fr\/disciplines\/maths-sciences\/wp-json\/wp\/v2\/categories?post=2285"},{"taxonomy":"post_tag","embeddable":true,"href":"https:\/\/ent2d.ac-bordeaux.fr\/disciplines\/maths-sciences\/wp-json\/wp\/v2\/tags?post=2285"}],"curies":[{"name":"wp","href":"https:\/\/api.w.org\/{rel}","templated":true}]}}