{"id":8555,"date":"2023-09-09T08:36:31","date_gmt":"2023-09-09T07:36:31","guid":{"rendered":"https:\/\/ent2d.ac-bordeaux.fr\/disciplines\/mathematiques\/?p=8555"},"modified":"2026-01-21T16:16:13","modified_gmt":"2026-01-21T15:16:13","slug":"20-septembre-2023-journee-dediee-aux-enseignants-a-cap-sciences","status":"publish","type":"post","link":"https:\/\/ent2d.ac-bordeaux.fr\/disciplines\/mathematiques\/20-septembre-2023-journee-dediee-aux-enseignants-a-cap-sciences\/","title":{"rendered":"Journ\u00e9e d\u00e9di\u00e9e aux enseignants \u00e0 Cap Sciences : 20 septembre 2023"},"content":{"rendered":"\n<div class=\"wp-block-cover is-light\"><span aria-hidden=\"true\" class=\"wp-block-cover__background has-background-dim\"><\/span><img decoding=\"async\" class=\"wp-block-cover__image-background wp-image-6274\" alt=\"\" src=\"https:\/\/ent2d.ac-bordeaux.fr\/disciplines\/semaine-des-maths\/wp-content\/uploads\/sites\/17\/2023\/09\/Logo-Cap-Sciences_Bordeaux.jpg\" data-object-fit=\"cover\" \/><div class=\"wp-block-cover__inner-container is-layout-flow wp-block-cover-is-layout-flow\">\n<p class=\"has-text-align-center has-large-font-size\"><\/p>\n<\/div><\/div>\n\n\n\n<p class=\"has-regular-font-size\">Cap Sciences invite les enseignants <strong>le mercredi 20 septembre<\/strong> <strong>2023<\/strong> \u00e0 une journ\u00e9e portes ouvertes pour venir d\u00e9couvrir gratuitement  :<\/p>\n\n\n\n<ul class=\"wp-block-list\">\n<li>La grande exposition \u00ab&nbsp;Mini-monstres&nbsp;\u00bb \u00e0 10h30 et 14h<\/li>\n\n\n\n<li>L\u2019exposition th\u00e9ma \u00ab&nbsp;Cervorama&nbsp;\u00bb \u00e0 9h30 et 15h30<\/li>\n\n\n\n<li>L\u2019exposition-atelier des 3-6 ans \u2018Le Petit explorateur des sciences&nbsp;\u00bb \u00e0 11h et 13h30<\/li>\n<\/ul>\n\n\n\n<p>Ce sera l&#8217;occasion de d\u00e9couvrir les lieux, pr\u00e9parer une future visite, prendre contact avec l&#8217;\u00e9quipe et \u00e9changer autour des projets.<\/p>\n\n\n\n<p><a href=\"https:\/\/www.cap-sciences.net\/vous-etes\/espace-enseignants\/journees-et-stages-enseignants\/\" data-type=\"URL\" data-id=\"https:\/\/www.cap-sciences.net\/vous-etes\/espace-enseignants\/journees-et-stages-enseignants\/\">L&#8217;inscription est obligatoire.<\/a><\/p>\n","protected":false},"excerpt":{"rendered":"<p>Cap Sciences invite les enseignants le mercredi 20 septembre 2023 \u00e0 une journ\u00e9e portes ouvertes pour venir d\u00e9couvrir gratuitement : Ce sera l&#8217;occasion de d\u00e9couvrir les lieux, pr\u00e9parer une future visite, prendre contact avec l&#8217;\u00e9quipe et \u00e9changer autour des projets. L&#8217;inscription est obligatoire.<\/p>\n","protected":false},"author":2011,"featured_media":0,"comment_status":"closed","ping_status":"closed","sticky":false,"template":"","format":"standard","meta":{"_bbp_topic_count":0,"_bbp_reply_count":0,"_bbp_total_topic_count":0,"_bbp_total_reply_count":0,"_bbp_voice_count":0,"_bbp_anonymous_reply_count":0,"_bbp_topic_count_hidden":0,"_bbp_reply_count_hidden":0,"_bbp_forum_subforum_count":0,"footnotes":""},"categories":[1],"tags":[],"class_list":["post-8555","post","type-post","status-publish","format-standard","hentry","category-non-classe","nodate","item-wrap"],"_links":{"self":[{"href":"https:\/\/ent2d.ac-bordeaux.fr\/disciplines\/mathematiques\/wp-json\/wp\/v2\/posts\/8555","targetHints":{"allow":["GET"]}}],"collection":[{"href":"https:\/\/ent2d.ac-bordeaux.fr\/disciplines\/mathematiques\/wp-json\/wp\/v2\/posts"}],"about":[{"href":"https:\/\/ent2d.ac-bordeaux.fr\/disciplines\/mathematiques\/wp-json\/wp\/v2\/types\/post"}],"author":[{"embeddable":true,"href":"https:\/\/ent2d.ac-bordeaux.fr\/disciplines\/mathematiques\/wp-json\/wp\/v2\/users\/2011"}],"replies":[{"embeddable":true,"href":"https:\/\/ent2d.ac-bordeaux.fr\/disciplines\/mathematiques\/wp-json\/wp\/v2\/comments?post=8555"}],"version-history":[{"count":2,"href":"https:\/\/ent2d.ac-bordeaux.fr\/disciplines\/mathematiques\/wp-json\/wp\/v2\/posts\/8555\/revisions"}],"predecessor-version":[{"id":8557,"href":"https:\/\/ent2d.ac-bordeaux.fr\/disciplines\/mathematiques\/wp-json\/wp\/v2\/posts\/8555\/revisions\/8557"}],"wp:attachment":[{"href":"https:\/\/ent2d.ac-bordeaux.fr\/disciplines\/mathematiques\/wp-json\/wp\/v2\/media?parent=8555"}],"wp:term":[{"taxonomy":"category","embeddable":true,"href":"https:\/\/ent2d.ac-bordeaux.fr\/disciplines\/mathematiques\/wp-json\/wp\/v2\/categories?post=8555"},{"taxonomy":"post_tag","embeddable":true,"href":"https:\/\/ent2d.ac-bordeaux.fr\/disciplines\/mathematiques\/wp-json\/wp\/v2\/tags?post=8555"}],"curies":[{"name":"wp","href":"https:\/\/api.w.org\/{rel}","templated":true}]}}