{"id":8526,"date":"2023-09-07T09:38:54","date_gmt":"2023-09-07T08:38:54","guid":{"rendered":"https:\/\/ent2d.ac-bordeaux.fr\/disciplines\/mathematiques\/?p=8526"},"modified":"2025-09-22T21:12:37","modified_gmt":"2025-09-22T20:12:37","slug":"lettre-de-rentree-2023-2024-des-ia-ipr-de-mathematiques","status":"publish","type":"post","link":"https:\/\/ent2d.ac-bordeaux.fr\/disciplines\/mathematiques\/lettre-de-rentree-2023-2024-des-ia-ipr-de-mathematiques\/","title":{"rendered":"Lettre de rentr\u00e9e 2023-2024 des IA-IPR de math\u00e9matiques"},"content":{"rendered":"\n<p>Nous esp\u00e9rons que vous avez pass\u00e9 des cong\u00e9s d\u2019\u00e9t\u00e9 reposants.<\/p>\n\n\n\n<p>Nous souhaitons la bienvenue aux nouveaux coll\u00e8gues, titulaires, stagiaires et contractuels de l\u2019enseignement public comme priv\u00e9 sous contrat affect\u00e9s dans notre acad\u00e9mie. Nous tenons par ailleurs \u00e0 vous remercier pour votre engagement aupr\u00e8s de vos \u00e9l\u00e8ves et nous remercions \u00e9galement les coll\u00e8gues qui ont accept\u00e9 d\u2019endosser les diff\u00e9rentes missions d\u2019accompagnement pour lesquelles nous les avons sollicit\u00e9s.<\/p>\n\n\n\n<p><\/p>\n\n\n\n<ol class=\"wp-block-list\">\n<li><\/li>\n<\/ol>\n\n\n\n<ol class=\"wp-block-list\">\n<li><\/li>\n<\/ol>\n\n\n\n<ol class=\"wp-block-list\" style=\"list-style-type:1\">\n<li class=\"has-large-font-size\"><strong>Les grandes orientations nationales<\/strong><\/li>\n<\/ol>\n\n\n\n<ul class=\"wp-block-list\">\n<li>Une nouvelle sixi\u00e8me<\/li>\n<\/ul>\n\n\n\n<p>La mise en place d\u2019une heure hebdomadaire en math\u00e9matiques et en fran\u00e7ais sera l\u2019occasion de renforcer les comp\u00e9tences en math\u00e9matiques. Dans ce cadre, nous vous rappelons cet article d\u00e9di\u00e9 de notre site acad\u00e9mique (&#8220;Ressources acad\u00e9miques pour les heures de soutien-approfondissement en 6<sup>e<\/sup>&#8221; : <a href=\"https:\/\/ent2d.ac-bordeaux.fr\/disciplines\/mathematiques\/ressources-academiques-pour-les-heures-de-soutien-approfondissement-en-6eme\/\">https:\/\/ent2d.ac-bordeaux.fr\/disciplines\/mathematiques\/ressources-academiques-pour-les-heures-de-soutien-approfondissement-en-6eme\/<\/a>) pr\u00e9sentant des ressources acad\u00e9miques produites par le groupe de formateurs et plus particuli\u00e8rement sept s\u00e9ances progressives de soutien en Num\u00e9ration et r\u00e9solution de probl\u00e8mes, cl\u00e9s en main pour le professeur. D&#8217;autres ressources cl\u00e9s en main seront publi\u00e9es \u00e0 la rentr\u00e9e sur page Cycle 3 du site acad\u00e9mique, sur laquelle figure \u00e9galement un article pr\u00e9sentant diff\u00e9rentes conceptions et modalit\u00e9s de diff\u00e9renciation en classe : classe enti\u00e8re, groupes d&#8217;AP alphab\u00e9tiques, groupes cibl\u00e9s pour le soutien, etc.<\/p>\n\n\n\n<p>Le dispositif \u00ab&nbsp;<a href=\"https:\/\/eduscol.education.fr\/620\/devoirs-faits-une-aide-aux-devoirs-pour-les-collegiens\">Devoirs faits&nbsp;<\/a>\u00bb va \u00eatre \u00e9tendu \u00e0 tous les \u00e9l\u00e8ves et constitue un \u00e9l\u00e9ment fondamental de la r\u00e9ussite de tous les \u00e9l\u00e8ves.<\/p>\n\n\n\n<ul class=\"wp-block-list\">\n<li>Ancrer la culture de l\u2019\u00e9valuation<\/li>\n<\/ul>\n\n\n\n<p>Au m\u00eame titre que les \u00e9l\u00e8ves de 6<sup>e<\/sup> et de seconde, tous les \u00e9l\u00e8ves 4<sup>e<\/sup> passeront d\u00e9sormais des tests de math\u00e9matiques afin de donner aux professeurs des<strong> outils pour&nbsp;mieux suivre les progr\u00e8s des \u00e9l\u00e8ves<\/strong> tout au long de la scolarit\u00e9 obligatoire.<\/p>\n\n\n\n<ul class=\"wp-block-list\">\n<li>Les six comp\u00e9tences en math\u00e9matiques<\/li>\n<\/ul>\n\n\n\n<p>Afin de conforter la prise en compte des comp\u00e9tences de math\u00e9matiques dans la formation des \u00e9l\u00e8ves comme de v\u00e9ritables objectifs d&#8217;apprentissage, nous vous rappelons <a href=\"https:\/\/ent2d.ac-bordeaux.fr\/disciplines\/mathematiques\/les-six-competences-en-mathematiques\/\">la publication d&#8217;un document<\/a> national de l&#8217;inspection g\u00e9n\u00e9rale visant \u00e0 expliciter les six comp\u00e9tences des programmes de math\u00e9matiques.<\/p>\n\n\n\n<ul class=\"wp-block-list\">\n<li>Prolongement du plan Math\u00e9matiques<\/li>\n<\/ul>\n\n\n\n<p>L\u2019\u00e9dition de <a href=\"https:\/\/eduscol.education.fr\/251\/mathematiques-cycle-3\">guides de r\u00e9f\u00e9rence<\/a> et la formation des professeurs se poursuivent en compl\u00e9ment de la mise en place des <a href=\"https:\/\/ent2d.ac-bordeaux.fr\/disciplines\/mathematiques\/formation-des-enseignants\/laboratoires-de-mathematiques\/\">laboratoires de math\u00e9matiques<\/a> au coll\u00e8ge comme au lyc\u00e9e.<\/p>\n\n\n\n<ul class=\"wp-block-list\">\n<li>Renforcement des math\u00e9matiques dans le tronc commun au lyc\u00e9e g\u00e9n\u00e9ral<\/li>\n<\/ul>\n\n\n\n<p><a href=\"https:\/\/www.education.gouv.fr\/reussir-au-lycee\/renforcement-des-mathematiques-en-1re-generale-341408\">L\u2019enseignement des math\u00e9matiques<\/a> devient obligatoire pour tous les \u00e9l\u00e8ves de premi\u00e8re. Le <a href=\"https:\/\/www.education.gouv.fr\/bo\/22\/Hebdo27\/MENE2218178A.htm\">programme de l\u2019enseignement sp\u00e9cifique de premi\u00e8re<\/a>, r\u00e9serv\u00e9 aux \u00e9l\u00e8ves ne suivant pas la sp\u00e9cialit\u00e9 math\u00e9matiques, souligne notamment l\u2019importance de construire des activit\u00e9s s\u2019articulant autour du triptyque <em>Manipuler <\/em>\u2013 <em>Verbaliser <\/em>\u2013 <em>Abstraire<\/em>. Des <a href=\"https:\/\/eduscol.education.fr\/1723\/programmes-et-ressources-en-mathematiques-voie-gt#summary-item-2\">ressources d\u2019accompagnement<\/a>, qui pr\u00e9sentent les enjeux de ce programme et quelques exemples d\u2019activit\u00e9s, ont \u00e9galement \u00e9t\u00e9 publi\u00e9es.<\/p>\n\n\n\n<p class=\"has-large-font-size\"><strong>2. L&#8217;offre de formation en math\u00e9matiques<\/strong><\/p>\n\n\n\n<p>Compte tenu de l\u2019\u00e9volution des contraintes li\u00e9es \u00e0 l\u2019organisation des stages de formation continue, l\u2019offre de formation en math\u00e9matiques sera communiqu\u00e9e ult\u00e9rieurement.<\/p>\n\n\n\n<p class=\"has-large-font-size\"><strong>3. Les \u00e9valuations nationales de 6<sup>e<\/sup>, de 4<sup>e<\/sup> et les tests de positionnement en 2<sup>de<\/sup><\/strong><\/p>\n\n\n\n<ul class=\"wp-block-list\">\n<li><\/li>\n<\/ul>\n\n\n\n<p>La maitrise des savoirs fondamentaux &#8211; la lecture, l&#8217;\u00e9criture, les math\u00e9matiques &#8211; conditionne la r\u00e9ussite scolaire et constitue ainsi l&#8217;objectif prioritaire de nos politiques de r\u00e9duction des in\u00e9galit\u00e9s. Il est indispensable que les professeurs puissent positionner au plus vite leurs \u00e9l\u00e8ves de 6<sup>e<\/sup>, de 4<sup>e<\/sup> ou de 2<sup>de<\/sup>. Pour pr\u00e9venir les difficult\u00e9s et apporter les r\u00e9ponses les plus rapides, le calendrier de passation a \u00e9t\u00e9 avanc\u00e9, <strong>du 11 au 29 septembre 2023<\/strong>. Nous invitons les coll\u00e8gues enseignant en 6<sup>e<\/sup>, 4<sup>e<\/sup> ou 2<sup>de<\/sup> \u00e0 assister \u00e0 ces passations.<\/p>\n\n\n\n<p><strong>En coll\u00e8ge<\/strong>, le site \u00c9duscol, avec la page d\u00e9di\u00e9e pour <a href=\"https:\/\/eduscol.education.fr\/2304\/les-evaluations-nationales-de-sixieme\">les \u00e9valuations 6<sup>e<\/sup><\/a> et celle pour <a href=\"https:\/\/eduscol.education.fr\/3836\/les-evaluations-nationales-de-quatrieme\">les \u00e9valuations 4<sup>e<\/sup><\/a>, vous permettra de retrouver toutes les informations n\u00e9cessaires \u00e0 la passation ainsi que des fiches de travail d\u00e9di\u00e9es \u00e0 certains th\u00e8mes du programme de cycle 3. Cette ann\u00e9e encore, des \u00e9volutions du protocole sont mises en place, permettant l\u2019acc\u00e8s \u00e0 l\u2019ensemble des r\u00e9sultats individuels des \u00e9l\u00e8ves sur les parties sp\u00e9cifiques de <em><strong>r\u00e9solution de probl\u00e8mes<\/strong><\/em><strong> et d\u2019automatismes.<\/strong><\/p>\n\n\n\n<p><strong>Le caract\u00e8re adaptatif<\/strong> des tests a \u00e9t\u00e9<strong> supprim\u00e9<\/strong> afin de rendre plus lisible la passation.<\/p>\n\n\n\n<p>Nous vous invitons \u00e0 \u00e9couter la pr\u00e9sentation de ces \u00e9valuations en suivant <a href=\"https:\/\/www.youtube.com\/watch?v=gTXz1Y6fKiY\">ce lien<\/a> .<\/p>\n\n\n\n<p><strong>En lyc\u00e9e<\/strong>, le test de positionnement en d\u00e9but de 2<sup>de<\/sup> est la<strong> premi\u00e8re \u00e9tape de l\u2019accompagnement personnalis\u00e9<\/strong>, qui permet aux lyc\u00e9ens notamment de consolider leur maitrise de l\u2019expression \u00e9crite et orale et des comp\u00e9tences math\u00e9matiques essentielles dans la vie personnelle, professionnelle et n\u00e9cessaires pour une poursuite dans l\u2019enseignement sup\u00e9rieur ou une insertion dans l\u2019emploi.<\/p>\n\n\n\n<p>Le site <a href=\"https:\/\/eduscol.education.fr\/document\/11447\/download\">\u00c9duscol<\/a> clarifie les attendus de ces tests (dont <a href=\"https:\/\/eduscol.education.fr\/document\/11354\/download\">certains sp\u00e9cifiques aux automatismes<\/a>). Cette ann\u00e9e, des \u00e9volutions du protocole sont mises en place, permettant l\u2019acc\u00e8s \u00e0 l\u2019ensemble des r\u00e9sultats individuels des \u00e9l\u00e8ves sur la partie <em>automatismes<\/em>.<\/p>\n\n\n\n<p>Si vous le souhaitez, un accompagnement ponctuel peut vous \u00eatre propos\u00e9 afin de partager l\u2019analyse des r\u00e9sultats de vos \u00e9l\u00e8ves et envisager des strat\u00e9gies de rem\u00e9diation \u00e0 mettre en place. Ce temps pourra \u00eatre prolong\u00e9 par une formation sp\u00e9cifique dans l\u2019un des domaines que vous consid\u00e9rez comme un axe de fragilit\u00e9 dans votre \u00e9tablissement. Il convient pour cela de contacter Francis PETIT \u00e0 l\u2019adresse <a href=\"mailto:francis.petit@ac-bordeaux.fr\">francis.petit@ac-bordeaux.fr<\/a>.<\/p>\n\n\n\n<p class=\"has-large-font-size\"><strong>4. La culture math\u00e9matique<\/strong><\/p>\n\n\n\n<ul class=\"wp-block-list\">\n<li><\/li>\n<\/ul>\n\n\n\n<p>La prochaine <strong>Semaine des Math\u00e9matiques<\/strong> se tiendra du mercredi 13 au dimanche 24 mars <em>2024<\/em> sur le th\u00e8me &#8220;<strong>Les Math\u00e9matiques&nbsp;: l\u2019important c\u2019est de participer<\/strong>&#8220;. Elle sera l\u2019occasion de rappeler que la culture math\u00e9matique contribue \u00e0 motiver les \u00e9l\u00e8ves, renforcer le lien avec l\u2019\u00e9cole et susciter des vocations scientifiques.<\/p>\n\n\n\n<p>Des actions acad\u00e9miques vous seront propos\u00e9es (conf\u00e9rences, \u00e9v\u00e8nements, ressources). Vous pouvez en particulier inscrire vos \u00e9l\u00e8ves d\u00e8s maintenant pour&nbsp;:<\/p>\n\n\n\n<ul class=\"wp-block-list\">\n<li>le <a href=\"https:\/\/ent2d.ac-bordeaux.fr\/disciplines\/semaine-des-maths\/2023\/02\/22\/les-gagnants-du-concours-daffiche-2023\/\">concours d\u2019affiche de la Semaine des maths de l\u2019acad\u00e9mie de Bordeaux<\/a><\/li>\n\n\n\n<li>le <a href=\"https:\/\/ent2d.ac-bordeaux.fr\/disciplines\/mathematiques\/actions-de-culture-mathematique-2023-appel-a-projets-et-financements\/\">Pass Culture<\/a>, dispositif permet de f<strong>inancer<\/strong> des projets autour de la culture Math\u00e9matiques et notamment de faire vivre <a href=\"https:\/\/ent2d.ac-bordeaux.fr\/disciplines\/mathematiques\/les-clubs-de-mathematiques-dans-lacademie-de-bordeaux\/\" target=\"_blank\" rel=\"noreferrer noopener\"><strong>des clubs en lien avec les math\u00e9matiques<\/strong><\/a><strong> (promus par la mission Villani-Torossian) <\/strong>par des sorties culturelles sur les th\u00e8mes \u00e9tudi\u00e9s : visite \u00e0 Cap Sciences ou Lacq Odyss\u00e9, participation \u00e0 un congr\u00e8s MATh.en.JEANS, location d\u2019une exposition itin\u00e9rante, financement d\u2019une pi\u00e8ce de th\u00e9\u00e2tre math\u00e9matique\u2026<\/li>\n\n\n\n<li>Le th\u00e8me \u00ab&nbsp;<strong>Les Math\u00e9matiques&nbsp;: l\u2019important c\u2019est de participer<\/strong>&nbsp;\u00bb insiste sur le fait de motiver les \u00e9l\u00e8ves autour d\u2019actions de math\u00e9matiques ludiques, attractives et originales afin de les engager dans cette discipline. Sur ce point, on pourra s\u2019inspirer de la construction d\u2019<a href=\"https:\/\/ent2d.ac-bordeaux.fr\/disciplines\/semaine-des-maths\/2019\/11\/30\/jeux\/\">escape games<\/a> ou encore de l\u2019utilisation de l\u2019<a href=\"https:\/\/ent2d.ac-bordeaux.fr\/disciplines\/semaine-des-maths\/2022\/03\/16\/parcours-enigmes-mathcitymap\/\">application MathsCityMap<\/a>. L\u2019ann\u00e9e 2024, qui sera marqu\u00e9e par les Jeux olympiques et paralympiques, pourra inspirer de nombreux sujets de r\u00e9flexion aupr\u00e8s des \u00e9l\u00e8ves en lien avec la culture math\u00e9matique.<\/li>\n<\/ul>\n\n\n\n<p>La place grandissante de l\u2019oral dans les contenus des programmes invite les enseignants \u00e0 r\u00e9affirmer la pratique de l\u2019oral dans leur p\u00e9dagogie. C\u2019est pourquoi la production de vid\u00e9os pr\u00e9sentant une curiosit\u00e9 math\u00e9matique (une \u00e9nigme, un probl\u00e8me, un contenu math\u00e9matique, l\u2019explicitation d\u2019une d\u00e9monstration, une probl\u00e9matique) en lien avec le th\u00e8me peut contribuer \u00e0 d\u00e9velopper une image vivante des math\u00e9matiques.<\/p>\n\n\n\n<p>De nombreuses actions sont d\u00e9velopp\u00e9es pour faire \u00e9voluer les repr\u00e9sentations des \u00e9l\u00e8ves sur les math\u00e9matiques et en particulier agir sur l\u2019\u00e9galit\u00e9 filles-gar\u00e7ons avec par exemple <a href=\"https:\/\/math-interactions.u-bordeaux.fr\/Nos-projets-evenements\/Moi-Informaticienne-Moi-Mathematicienne\">La semaine &#8220;Moi Informaticienne &#8211; Moi Math\u00e9maticienne&#8221;<\/a> propos\u00e9e par l&#8217;universit\u00e9 de Bordeaux du 15 au 19 avril 2024.<\/p>\n\n\n\n<ul class=\"wp-block-list\">\n<li>La culture financi\u00e8re et les math\u00e9matiques&nbsp;: de nombreuses <a href=\"https:\/\/eduscol.education.fr\/180\/education-economique-budgetaire-et-financiere#summary-item-12\">ressources<\/a> sont disponibles pour sensibiliser les \u00e9l\u00e8ves \u00e0 l\u2019\u00e9conomie via des situations d\u2019apprentissages ancr\u00e9es dans la vie r\u00e9elle. Nous allons accompagner des coll\u00e8ges pour faire passer le passeport EDUCFI aupr\u00e8s des \u00e9l\u00e8ves de cycle 4.<\/li>\n<\/ul>\n\n\n\n<p>Si vous souhaitez d\u00e9velopper des actions de culture math\u00e9matiques plus sp\u00e9cifiques, vous pouvez contacter Lo\u00efc CHAPELLIER \u00e0 l\u2019adresse <a href=\"mailto:loic.chapellier@ac-bordeaux.fr\">loic.chapellier@ac-bordeaux.fr<\/a> .<\/p>\n\n\n\n<p class=\"has-large-font-size\"><strong>5. Le site acad\u00e9mique<\/strong><\/p>\n\n\n\n<p>Consultable \u00e0 l\u2019adresse <a href=\"https:\/\/ent2d.ac-bordeaux.fr\/disciplines\/mathematiques\/\">https:\/\/ent2d.ac-bordeaux.fr\/disciplines\/mathematiques\/<\/a>, le site acad\u00e9mique de math\u00e9matiques fait peau neuve. Organis\u00e9 autour de nouvelles rubriques et r\u00e9guli\u00e8rement mis \u00e0 jour, il relaie les informations et ressources importantes de notre discipline tout au long de l\u2019ann\u00e9e.<\/p>\n\n\n\n<p>Dans l\u2019onglet <a href=\"https:\/\/ent2d.ac-bordeaux.fr\/disciplines\/mathematiques\/category\/formations\/\">\u00ab&nbsp;Se former&nbsp;\u00bb<\/a>, vous retrouverez <a href=\"https:\/\/ent2d.ac-bordeaux.fr\/disciplines\/mathematiques\/vademecum-inspection-mathematiques\/\">la page<\/a> qui vous propose des documents, liens et informations qui vous permettront de pr\u00e9parer au mieux <strong>visite-conseil<\/strong> ou <strong>rendez-vous de carri\u00e8re<\/strong>.<\/p>\n\n\n\n<p>Nous tenons \u00e0 vous assurer de notre volont\u00e9 de vous accompagner dans l\u2019exercice de votre m\u00e9tier et vous souhaitons que cette ann\u00e9e scolaire se d\u00e9roule de la meilleure des mani\u00e8res, pour vous et vos \u00e9l\u00e8ves.<\/p>\n\n\n\n<p>Les IA-IPR de math\u00e9matiques<\/p>\n\n\n\n<p><\/p>\n\n\n\n<ul class=\"wp-block-list\">\n<li><strong><a href=\"https:\/\/ent2d.ac-bordeaux.fr\/disciplines\/mathematiques\/wp-content\/uploads\/sites\/3\/2023\/09\/Lettre-de-rentree-23-24-mathematiques.pdf\" target=\"_blank\" rel=\"noreferrer noopener\">Lettre de rentr\u00e9e Math\u00e9matiques 2023-2024 au format PDF<\/a><\/strong><\/li>\n<\/ul>\n","protected":false},"excerpt":{"rendered":"<p>Nous esp\u00e9rons que vous avez pass\u00e9 des cong\u00e9s d\u2019\u00e9t\u00e9 reposants. Nous souhaitons la bienvenue aux nouveaux coll\u00e8gues, titulaires, stagiaires et contractuels de l\u2019enseignement public comme priv\u00e9 sous contrat affect\u00e9s dans notre acad\u00e9mie. Nous tenons par ailleurs \u00e0 vous remercier pour votre engagement aupr\u00e8s de vos \u00e9l\u00e8ves et nous remercions \u00e9galement les coll\u00e8gues qui ont accept\u00e9 &hellip; <\/p>\n<p><a class=\"more-link btn\" href=\"https:\/\/ent2d.ac-bordeaux.fr\/disciplines\/mathematiques\/lettre-de-rentree-2023-2024-des-ia-ipr-de-mathematiques\/\">Lire la suite<\/a><\/p>\n","protected":false},"author":2011,"featured_media":0,"comment_status":"closed","ping_status":"closed","sticky":false,"template":"","format":"standard","meta":{"_bbp_topic_count":0,"_bbp_reply_count":0,"_bbp_total_topic_count":0,"_bbp_total_reply_count":0,"_bbp_voice_count":0,"_bbp_anonymous_reply_count":0,"_bbp_topic_count_hidden":0,"_bbp_reply_count_hidden":0,"_bbp_forum_subforum_count":0,"footnotes":""},"categories":[186],"tags":[],"class_list":["post-8526","post","type-post","status-publish","format-standard","hentry","category-archives","nodate","item-wrap"],"_links":{"self":[{"href":"https:\/\/ent2d.ac-bordeaux.fr\/disciplines\/mathematiques\/wp-json\/wp\/v2\/posts\/8526","targetHints":{"allow":["GET"]}}],"collection":[{"href":"https:\/\/ent2d.ac-bordeaux.fr\/disciplines\/mathematiques\/wp-json\/wp\/v2\/posts"}],"about":[{"href":"https:\/\/ent2d.ac-bordeaux.fr\/disciplines\/mathematiques\/wp-json\/wp\/v2\/types\/post"}],"author":[{"embeddable":true,"href":"https:\/\/ent2d.ac-bordeaux.fr\/disciplines\/mathematiques\/wp-json\/wp\/v2\/users\/2011"}],"replies":[{"embeddable":true,"href":"https:\/\/ent2d.ac-bordeaux.fr\/disciplines\/mathematiques\/wp-json\/wp\/v2\/comments?post=8526"}],"version-history":[{"count":8,"href":"https:\/\/ent2d.ac-bordeaux.fr\/disciplines\/mathematiques\/wp-json\/wp\/v2\/posts\/8526\/revisions"}],"predecessor-version":[{"id":11126,"href":"https:\/\/ent2d.ac-bordeaux.fr\/disciplines\/mathematiques\/wp-json\/wp\/v2\/posts\/8526\/revisions\/11126"}],"wp:attachment":[{"href":"https:\/\/ent2d.ac-bordeaux.fr\/disciplines\/mathematiques\/wp-json\/wp\/v2\/media?parent=8526"}],"wp:term":[{"taxonomy":"category","embeddable":true,"href":"https:\/\/ent2d.ac-bordeaux.fr\/disciplines\/mathematiques\/wp-json\/wp\/v2\/categories?post=8526"},{"taxonomy":"post_tag","embeddable":true,"href":"https:\/\/ent2d.ac-bordeaux.fr\/disciplines\/mathematiques\/wp-json\/wp\/v2\/tags?post=8526"}],"curies":[{"name":"wp","href":"https:\/\/api.w.org\/{rel}","templated":true}]}}