{"id":6526,"date":"2021-01-28T18:44:47","date_gmt":"2021-01-28T17:44:47","guid":{"rendered":"https:\/\/ent2d.ac-bordeaux.fr\/disciplines\/mathematiques\/?p=6526"},"modified":"2023-05-23T19:56:01","modified_gmt":"2023-05-23T18:56:01","slug":"adaptation-des-modalites-dorganisation-du-baccalaureat-au-contexte-sanitaire","status":"publish","type":"post","link":"https:\/\/ent2d.ac-bordeaux.fr\/disciplines\/mathematiques\/adaptation-des-modalites-dorganisation-du-baccalaureat-au-contexte-sanitaire\/","title":{"rendered":"Adaptation des modalit\u00e9s d&#8217;organisation du baccalaur\u00e9at au contexte sanitaire"},"content":{"rendered":"<p>Suite \u00e0 l&#8217;\u00e9volution de la crise sanitaire en janvier 2021, <a href=\"https:\/\/www.education.gouv.fr\/baccalaureat-general-et-technologique-adaptation-des-modalites-d-organisation-de-l-examen-au-309041\">de nouvelles adaptations du baccalaur\u00e9at ont \u00e9t\u00e9 annonc\u00e9es sur Eduscol<\/a>.<\/p>\n<p>Elle pr\u00e9voient notamment :<\/p>\n<ul>\n<li>l&#8217;<strong>annulation des \u00e9preuves terminales d&#8217;enseignement de sp\u00e9cialit\u00e9<\/strong> initialement pr\u00e9vues en mars 2021<\/li>\n<li>le <strong>maintien du Grand Oral<\/strong> pr\u00e9vu entre le 21 juin et le 2 juillet.<\/li>\n<\/ul>\n<p>&nbsp;<\/p>\n","protected":false},"excerpt":{"rendered":"<p>Suite \u00e0 l&#8217;\u00e9volution de la crise sanitaire en janvier 2021, de nouvelles adaptations du baccalaur\u00e9at ont \u00e9t\u00e9 annonc\u00e9es sur Eduscol. Elle pr\u00e9voient notamment : l&#8217;annulation des \u00e9preuves terminales d&#8217;enseignement de sp\u00e9cialit\u00e9 initialement pr\u00e9vues en mars 2021 le maintien du Grand Oral pr\u00e9vu entre le 21 juin et le 2 juillet. &nbsp;<\/p>\n","protected":false},"author":5,"featured_media":0,"comment_status":"open","ping_status":"closed","sticky":false,"template":"","format":"standard","meta":{"_bbp_topic_count":0,"_bbp_reply_count":0,"_bbp_total_topic_count":0,"_bbp_total_reply_count":0,"_bbp_voice_count":0,"_bbp_anonymous_reply_count":0,"_bbp_topic_count_hidden":0,"_bbp_reply_count_hidden":0,"_bbp_forum_subforum_count":0,"footnotes":""},"categories":[186],"tags":[],"class_list":["post-6526","post","type-post","status-publish","format-standard","hentry","category-archives","nodate","item-wrap"],"_links":{"self":[{"href":"https:\/\/ent2d.ac-bordeaux.fr\/disciplines\/mathematiques\/wp-json\/wp\/v2\/posts\/6526","targetHints":{"allow":["GET"]}}],"collection":[{"href":"https:\/\/ent2d.ac-bordeaux.fr\/disciplines\/mathematiques\/wp-json\/wp\/v2\/posts"}],"about":[{"href":"https:\/\/ent2d.ac-bordeaux.fr\/disciplines\/mathematiques\/wp-json\/wp\/v2\/types\/post"}],"author":[{"embeddable":true,"href":"https:\/\/ent2d.ac-bordeaux.fr\/disciplines\/mathematiques\/wp-json\/wp\/v2\/users\/5"}],"replies":[{"embeddable":true,"href":"https:\/\/ent2d.ac-bordeaux.fr\/disciplines\/mathematiques\/wp-json\/wp\/v2\/comments?post=6526"}],"version-history":[{"count":1,"href":"https:\/\/ent2d.ac-bordeaux.fr\/disciplines\/mathematiques\/wp-json\/wp\/v2\/posts\/6526\/revisions"}],"predecessor-version":[{"id":6527,"href":"https:\/\/ent2d.ac-bordeaux.fr\/disciplines\/mathematiques\/wp-json\/wp\/v2\/posts\/6526\/revisions\/6527"}],"wp:attachment":[{"href":"https:\/\/ent2d.ac-bordeaux.fr\/disciplines\/mathematiques\/wp-json\/wp\/v2\/media?parent=6526"}],"wp:term":[{"taxonomy":"category","embeddable":true,"href":"https:\/\/ent2d.ac-bordeaux.fr\/disciplines\/mathematiques\/wp-json\/wp\/v2\/categories?post=6526"},{"taxonomy":"post_tag","embeddable":true,"href":"https:\/\/ent2d.ac-bordeaux.fr\/disciplines\/mathematiques\/wp-json\/wp\/v2\/tags?post=6526"}],"curies":[{"name":"wp","href":"https:\/\/api.w.org\/{rel}","templated":true}]}}