{"id":5880,"date":"2020-05-05T11:14:12","date_gmt":"2020-05-05T10:14:12","guid":{"rendered":"https:\/\/ent2d.ac-bordeaux.fr\/disciplines\/mathematiques\/?p=5880"},"modified":"2023-05-23T19:58:32","modified_gmt":"2023-05-23T18:58:32","slug":"reouverture-des-etablissements","status":"publish","type":"post","link":"https:\/\/ent2d.ac-bordeaux.fr\/disciplines\/mathematiques\/reouverture-des-etablissements\/","title":{"rendered":"R\u00e9ouverture des \u00e9tablissements et conditions de poursuite des apprentissages"},"content":{"rendered":"<p>Des documents de r\u00e9f\u00e9rence nationaux et des recommandations p\u00e9dagogiques ont \u00e9t\u00e9 publi\u00e9s en cette rentr\u00e9e de mai pour accompagner les professionnels dans le processus de reprise des cours.<\/p>\n<p>Vous pourrez consulter en particulier :<\/p>\n<ul>\n<li><a href=\"https:\/\/www.education.gouv.fr\/circulaire-relative-la-reouverture-des-ecoles-et-etablissements-et-aux-conditions-de-poursuite-des-303552\">Circulaire du 4 mai 2020 relative \u00e0 la r\u00e9ouverture des \u00e9tablissements et aux conditions de poursuite des apprentissages<\/a><\/li>\n<li><a href=\"https:\/\/www.education.gouv.fr\/media\/67185\/download\">Protocole sanitaire pour la reprise des coll\u00e8ges et des lyc\u00e9es<\/a><\/li>\n<li>\u00a0<a href=\"https:\/\/eduscol.education.fr\/cid151499\/reouverture-des-ecoles.html\"><strong>Page Eduscol d\u00e9di\u00e9e \u00e0 la reprise<\/strong><\/a>, qui propose notamment\u00a0les fiches suivantes :\n<ul>\n<li>\u00a0<a href=\"https:\/\/cache.media.eduscol.education.fr\/file\/Reprise_deconfinement_Mai2020\/08\/9\/Fiche_College_accueillir_dialoguer_1280089.pdf\">Accueillir et dialoguer entre les \u00e9l\u00e8ves<\/a><\/li>\n<li>Les <strong>points prioritaires pour chaque niveau<\/strong> dans la mise en \u0153uvre des enseignements lors de la reprise annonc\u00e9e : <a href=\"https:\/\/cache.media.eduscol.education.fr\/file\/Reprise_deconfinement_Mai2020\/08\/8\/Fiche_College_6e_1280088.pdf\">Sixi\u00e8me<\/a>, <a href=\"https:\/\/cache.media.eduscol.education.fr\/file\/Reprise_deconfinement_Mai2020\/08\/7\/Fiche_College_5e_1280087.pdf\">Cinqui\u00e8me<\/a>, <a href=\"https:\/\/cache.media.eduscol.education.fr\/file\/Reprise_deconfinement_Mai2020\/08\/6\/Fiche_College_4e_1280086.pdf\">Quatri\u00e8me<\/a>, <a href=\"https:\/\/cache.media.eduscol.education.fr\/file\/Reprise_deconfinement_Mai2020\/08\/5\/Fiche_College_3e_1280085.pdf\">Troisi\u00e8me<\/a>.<\/li>\n<\/ul>\n<\/li>\n<\/ul>\n<p>&nbsp;<\/p>\n<p><a href=\"https:\/\/ent2d.ac-bordeaux.fr\/disciplines\/mathematiques\/continuite-pedagogique\/\">La page &#8220;Continuit\u00e9 p\u00e9dagogique&#8221; de ce site<\/a> propose par ailleurs de nombreux liens et ressources utiles.<\/p>\n<p>&nbsp;<\/p>\n","protected":false},"excerpt":{"rendered":"<p>Des documents de r\u00e9f\u00e9rence nationaux et des recommandations p\u00e9dagogiques ont \u00e9t\u00e9 publi\u00e9s en cette rentr\u00e9e de mai pour accompagner les professionnels dans le processus de reprise des cours.\u00a0<\/p><p><a class=\"more-link btn\" href=\"https:\/\/ent2d.ac-bordeaux.fr\/disciplines\/mathematiques\/reouverture-des-etablissements\/\">Lire la suite<\/a><\/p>\n","protected":false},"author":5,"featured_media":0,"comment_status":"open","ping_status":"closed","sticky":false,"template":"","format":"standard","meta":{"_bbp_topic_count":0,"_bbp_reply_count":0,"_bbp_total_topic_count":0,"_bbp_total_reply_count":0,"_bbp_voice_count":0,"_bbp_anonymous_reply_count":0,"_bbp_topic_count_hidden":0,"_bbp_reply_count_hidden":0,"_bbp_forum_subforum_count":0,"footnotes":""},"categories":[186],"tags":[],"class_list":["post-5880","post","type-post","status-publish","format-standard","hentry","category-archives","nodate","item-wrap"],"_links":{"self":[{"href":"https:\/\/ent2d.ac-bordeaux.fr\/disciplines\/mathematiques\/wp-json\/wp\/v2\/posts\/5880","targetHints":{"allow":["GET"]}}],"collection":[{"href":"https:\/\/ent2d.ac-bordeaux.fr\/disciplines\/mathematiques\/wp-json\/wp\/v2\/posts"}],"about":[{"href":"https:\/\/ent2d.ac-bordeaux.fr\/disciplines\/mathematiques\/wp-json\/wp\/v2\/types\/post"}],"author":[{"embeddable":true,"href":"https:\/\/ent2d.ac-bordeaux.fr\/disciplines\/mathematiques\/wp-json\/wp\/v2\/users\/5"}],"replies":[{"embeddable":true,"href":"https:\/\/ent2d.ac-bordeaux.fr\/disciplines\/mathematiques\/wp-json\/wp\/v2\/comments?post=5880"}],"version-history":[{"count":2,"href":"https:\/\/ent2d.ac-bordeaux.fr\/disciplines\/mathematiques\/wp-json\/wp\/v2\/posts\/5880\/revisions"}],"predecessor-version":[{"id":5882,"href":"https:\/\/ent2d.ac-bordeaux.fr\/disciplines\/mathematiques\/wp-json\/wp\/v2\/posts\/5880\/revisions\/5882"}],"wp:attachment":[{"href":"https:\/\/ent2d.ac-bordeaux.fr\/disciplines\/mathematiques\/wp-json\/wp\/v2\/media?parent=5880"}],"wp:term":[{"taxonomy":"category","embeddable":true,"href":"https:\/\/ent2d.ac-bordeaux.fr\/disciplines\/mathematiques\/wp-json\/wp\/v2\/categories?post=5880"},{"taxonomy":"post_tag","embeddable":true,"href":"https:\/\/ent2d.ac-bordeaux.fr\/disciplines\/mathematiques\/wp-json\/wp\/v2\/tags?post=5880"}],"curies":[{"name":"wp","href":"https:\/\/api.w.org\/{rel}","templated":true}]}}