{"id":5311,"date":"2020-02-15T16:29:35","date_gmt":"2020-02-15T15:29:35","guid":{"rendered":"https:\/\/ent2d.ac-bordeaux.fr\/disciplines\/mathematiques\/?p=5311"},"modified":"2023-05-23T15:20:57","modified_gmt":"2023-05-23T14:20:57","slug":"formations-reforme-du-lycee-2020","status":"publish","type":"post","link":"https:\/\/ent2d.ac-bordeaux.fr\/disciplines\/mathematiques\/formations-reforme-du-lycee-2020\/","title":{"rendered":"Formations R\u00e9forme du lyc\u00e9e 2020"},"content":{"rendered":"<p>Ces ressources sont celles des stages de formation qui ont eu lieu de f\u00e9vrier \u00e0 avril 2020, \u00e0 destination des professeurs de lyc\u00e9e de l&#8217;acad\u00e9mie de BORDEAUX, concernant notamment la classe de Terminale : g\u00e9n\u00e9ralit\u00e9s, focus sur certains programmes de math\u00e9matiques, le grand oral etc&#8230;<\/p>\n<ul>\n<li><a href=\"https:\/\/ent2d.ac-bordeaux.fr\/disciplines\/mathematiques\/wp-content\/uploads\/sites\/3\/2020\/02\/Diaporama-ouverture-IA-IPR.pdf\">Diaporama d&#8217;ouverture de la formation<\/a> par les IA-IPR de math\u00e9matiques<\/li>\n<\/ul>\n<h2>Atelier &#8220;Oral&#8221;<\/h2>\n<p>L&#8217;objectif est d&#8217;\u00e9tudier la place de l&#8217;oral dans l&#8217;enseignement au lyc\u00e9e et dans l&#8217;enseignement des math\u00e9matiques en particulier : \u00e0 la fois modalit\u00e9 d&#8217;enseignement, outil au service de la pens\u00e9e et objet d&#8217;enseignement en soi. L&#8217;atelier \u00e9voque \u00e9galement les modalit\u00e9s du grand oral de fin de terminale.<\/p>\n<ul>\n<li>T\u00e9l\u00e9charger l&#8217;<a href=\"https:\/\/ent2d.ac-bordeaux.fr\/disciplines\/mathematiques\/wp-content\/uploads\/sites\/3\/2020\/02\/Atelier-Oral.zip\">ensemble des ressources de l&#8217;atelier Oral<\/a><\/li>\n<\/ul>\n<h2>Atelier &#8220;Math\u00e9matiques en s\u00e9rie technologique&#8221;<\/h2>\n<p>L&#8217;objectif est de r\u00e9fl\u00e9chir \u00e0 la mise en \u0153uvre des programmes de math\u00e9matiques du tronc commun de l&#8217;enseignement technologique : place des automatismes, des quelques d\u00e9monstrations sugg\u00e9r\u00e9es et de la mise en \u0153uvre en classe des situations algorithmiques explicites dans ces programmes.<\/p>\n<ul>\n<li>T\u00e9l\u00e9charger <a href=\"https:\/\/ent2d.ac-bordeaux.fr\/disciplines\/mathematiques\/wp-content\/uploads\/sites\/3\/2020\/02\/Atelier-S\u00e9rie-technologique.zip\">l&#8217;ensemble des ressources de l&#8217;atelier S\u00e9rie technologique<\/a><\/li>\n<\/ul>\n<h2>Atelier &#8220;Option Math\u00e9matiques compl\u00e9mentaires&#8221;<\/h2>\n<p>L&#8217;objectif est de s&#8217;emparer de la structure singuli\u00e8re du programme de l&#8217;option &#8220;Math\u00e9matiques compl\u00e9mentaires&#8221;, par exemple en envisageant une progression avec entr\u00e9e par les th\u00e8mes du programme, et les fa\u00e7ons d&#8217;articuler les contenus et les probl\u00e8mes possibles dans cette programmation par th\u00e8mes.<\/p>\n<ul>\n<li>T\u00e9l\u00e9charger <a href=\"https:\/\/ent2d.ac-bordeaux.fr\/disciplines\/mathematiques\/wp-content\/uploads\/sites\/3\/2020\/02\/Atelier-Maths-compl\u00e9mentaires.zip\">l&#8217;ensemble des ressources de l&#8217;atelier Maths compl\u00e9mentaires<\/a><\/li>\n<\/ul>\n","protected":false},"excerpt":{"rendered":"<p>Ces ressources sont celles des stages de formation qui ont eu lieu de f\u00e9vrier \u00e0 avril 2020, \u00e0 destination des professeurs de lyc\u00e9e de l&#8217;acad\u00e9mie de BORDEAUX, concernant notamment la classe de Terminale : g\u00e9n\u00e9ralit\u00e9s, focus sur certains programmes de math\u00e9matiques, le grand oral etc&#8230; Diaporama d&#8217;ouverture de la formation par les IA-IPR de math\u00e9matiques &hellip; <\/p>\n<p><a class=\"more-link btn\" href=\"https:\/\/ent2d.ac-bordeaux.fr\/disciplines\/mathematiques\/formations-reforme-du-lycee-2020\/\">Lire la suite<\/a><\/p>\n","protected":false},"author":38,"featured_media":0,"comment_status":"open","ping_status":"closed","sticky":false,"template":"","format":"standard","meta":{"_bbp_topic_count":0,"_bbp_reply_count":0,"_bbp_total_topic_count":0,"_bbp_total_reply_count":0,"_bbp_voice_count":0,"_bbp_anonymous_reply_count":0,"_bbp_topic_count_hidden":0,"_bbp_reply_count_hidden":0,"_bbp_forum_subforum_count":0,"footnotes":""},"categories":[186],"tags":[],"class_list":["post-5311","post","type-post","status-publish","format-standard","hentry","category-archives","nodate","item-wrap"],"_links":{"self":[{"href":"https:\/\/ent2d.ac-bordeaux.fr\/disciplines\/mathematiques\/wp-json\/wp\/v2\/posts\/5311","targetHints":{"allow":["GET"]}}],"collection":[{"href":"https:\/\/ent2d.ac-bordeaux.fr\/disciplines\/mathematiques\/wp-json\/wp\/v2\/posts"}],"about":[{"href":"https:\/\/ent2d.ac-bordeaux.fr\/disciplines\/mathematiques\/wp-json\/wp\/v2\/types\/post"}],"author":[{"embeddable":true,"href":"https:\/\/ent2d.ac-bordeaux.fr\/disciplines\/mathematiques\/wp-json\/wp\/v2\/users\/38"}],"replies":[{"embeddable":true,"href":"https:\/\/ent2d.ac-bordeaux.fr\/disciplines\/mathematiques\/wp-json\/wp\/v2\/comments?post=5311"}],"version-history":[{"count":14,"href":"https:\/\/ent2d.ac-bordeaux.fr\/disciplines\/mathematiques\/wp-json\/wp\/v2\/posts\/5311\/revisions"}],"predecessor-version":[{"id":5405,"href":"https:\/\/ent2d.ac-bordeaux.fr\/disciplines\/mathematiques\/wp-json\/wp\/v2\/posts\/5311\/revisions\/5405"}],"wp:attachment":[{"href":"https:\/\/ent2d.ac-bordeaux.fr\/disciplines\/mathematiques\/wp-json\/wp\/v2\/media?parent=5311"}],"wp:term":[{"taxonomy":"category","embeddable":true,"href":"https:\/\/ent2d.ac-bordeaux.fr\/disciplines\/mathematiques\/wp-json\/wp\/v2\/categories?post=5311"},{"taxonomy":"post_tag","embeddable":true,"href":"https:\/\/ent2d.ac-bordeaux.fr\/disciplines\/mathematiques\/wp-json\/wp\/v2\/tags?post=5311"}],"curies":[{"name":"wp","href":"https:\/\/api.w.org\/{rel}","templated":true}]}}