{"id":5215,"date":"2020-01-17T16:49:55","date_gmt":"2020-01-17T15:49:55","guid":{"rendered":"https:\/\/ent2d.ac-bordeaux.fr\/disciplines\/mathematiques\/?p=5215"},"modified":"2026-01-21T16:19:34","modified_gmt":"2026-01-21T15:19:34","slug":"lettre-edu_num-maths-n32","status":"publish","type":"post","link":"https:\/\/ent2d.ac-bordeaux.fr\/disciplines\/mathematiques\/lettre-edu_num-maths-n32\/","title":{"rendered":"Lettre Edu_Num Maths n\u00b032"},"content":{"rendered":"<p><!-- this is the main text of the newsletter --><\/p>\n<div id=\"newsletter-gris\" style=\"width: 100%;max-width: 600px;margin: 0 auto;padding: 5px;font-size: 13px;font-family: Helvetica, Verdana, Arial, sans-serif;background-color: white;border-top: 1px solid #53617b;border-left: 1px solid #53617b;border-right: 3px solid #aaa;border-bottom: 3px solid #aaa\">\n<h1 style=\"height: auto;width: auto;font-family: Helvetica, Verdana, Arial, sans-serif;font-size: 2em;margin: 0;padding: 3px 25px;background-color: #92a8b7;color: #fff\">Lettre \u00c9du_Num Maths N\u00b032<\/h1>\n<h1 class=\"sous_titre\" style=\"height: auto;width: auto;font-family: Helvetica, Verdana, Arial, sans-serif;font-size: 1.5em;margin: 0;padding: 3px 25px;background-color: #53617b;color: #e0e8e9\">Janvier 2020<\/h1>\n<p style=\"height: auto;width: auto;font-family: Helvetica, Verdana, Arial, sans-serif\"><a href=\"https:\/\/eduscol.education.fr\/maths\/edunum\"><img decoding=\"async\" class=\"image-inline\" title=\"TICEdu-T_Maths\" src=\"https:\/\/eduscol.education.fr\/bank\/tetiere-edu_num\/edu_num-maths.png\/@@images\/6f4a4546-d861-418b-8151-ae634f05d9d1.png\" alt=\"Toutes les Lettres des Maths\" \/><\/a><\/p>\n<p class=\"encadre\" style=\"height: auto;width: auto;font-family: Helvetica, Verdana, Arial, sans-serif;font-size: 1em;color: black;padding: 3px 10px;margin: 0;background-color: #e0e8e9;border: 1px solid #53617b\"><strong>Sommaire<\/strong><\/p>\n<div id=\"Sommaire3\" style=\"padding: 10px;font-size: 0.85em;border: 1px solid #000;background-color: #e0e8e9;border-color: #53617b\">\n<p style=\"height: auto;width: auto;font-family: Helvetica, Verdana, Arial, sans-serif;font-weight: bold;line-height: 1.5em;margin-bottom: 0;text-align: left;text-transform: uppercase;margin: 0\"><a style=\"height: auto;width: auto;font-family: Helvetica, Verdana, Arial, sans-serif;border-bottom: medium none;text-decoration: none\" href=\"https:\/\/contrib.eduscol.education.fr\/maths\/edunum\/edunum-maths-32\/@@newsletter-raw-html?_authenticator=6dc7dafc5357b11312c601eb978f80e35337acf3#header-1\">Zoom sur&#8230;<\/a><\/p>\n<ul style=\"height: auto;width: auto;font-family: Helvetica, Verdana, Arial, sans-serif;margin: 0;padding: 0;margin-left: 0.5em\">\n<li style=\"height: auto;width: auto;font-family: Helvetica, Verdana, Arial, sans-serif;margin-left: 20px;line-height: 1.2em;margin: 0\"><a style=\"height: auto;width: auto;font-family: Helvetica, Verdana, Arial, sans-serif;border-bottom: medium none;text-decoration: none\" href=\"https:\/\/contrib.eduscol.education.fr\/maths\/edunum\/edunum-maths-32\/@@newsletter-raw-html?_authenticator=6dc7dafc5357b11312c601eb978f80e35337acf3#header-2\">Calculatrice et BAC 2021<\/a><\/li>\n<li style=\"height: auto;width: auto;font-family: Helvetica, Verdana, Arial, sans-serif;margin-left: 20px;line-height: 1.2em;margin: 0\"><a style=\"height: auto;width: auto;font-family: Helvetica, Verdana, Arial, sans-serif;border-bottom: medium none;text-decoration: none\" href=\"https:\/\/contrib.eduscol.education.fr\/maths\/edunum\/edunum-maths-32\/@@newsletter-raw-html?_authenticator=6dc7dafc5357b11312c601eb978f80e35337acf3#header-4\">Gazette des maths<\/a><\/li>\n<\/ul>\n<p style=\"height: auto;width: auto;font-family: Helvetica, Verdana, Arial, sans-serif;font-weight: bold;line-height: 1.5em;margin-bottom: 0;text-align: left;text-transform: uppercase;margin: 0\"><a style=\"height: auto;width: auto;font-family: Helvetica, Verdana, Arial, sans-serif;border-bottom: medium none;text-decoration: none\" href=\"https:\/\/contrib.eduscol.education.fr\/maths\/edunum\/edunum-maths-32\/@@newsletter-raw-html?_authenticator=6dc7dafc5357b11312c601eb978f80e35337acf3#header-5\">\u00e9v\u00e9nements<\/a><\/p>\n<ul style=\"height: auto;width: auto;font-family: Helvetica, Verdana, Arial, sans-serif;margin: 0;padding: 0;margin-left: 0.5em\">\n<li style=\"height: auto;width: auto;font-family: Helvetica, Verdana, Arial, sans-serif;margin-left: 20px;line-height: 1.2em;margin: 0\"><a style=\"height: auto;width: auto;font-family: Helvetica, Verdana, Arial, sans-serif;border-bottom: medium none;text-decoration: none\" href=\"https:\/\/contrib.eduscol.education.fr\/maths\/edunum\/edunum-maths-32\/@@newsletter-raw-html?_authenticator=6dc7dafc5357b11312c601eb978f80e35337acf3#header-6\">Ann\u00e9e des math\u00e9matiques<\/a><\/li>\n<\/ul>\n<p style=\"height: auto;width: auto;font-family: Helvetica, Verdana, Arial, sans-serif;font-weight: bold;line-height: 1.5em;margin-bottom: 0;text-align: left;text-transform: uppercase;margin: 0\"><a style=\"height: auto;width: auto;font-family: Helvetica, Verdana, Arial, sans-serif;border-bottom: medium none;text-decoration: none\" href=\"https:\/\/contrib.eduscol.education.fr\/maths\/edunum\/edunum-maths-32\/@@newsletter-raw-html?_authenticator=6dc7dafc5357b11312c601eb978f80e35337acf3#header-9\">Enseigner avec le Num\u00e9rique<\/a><\/p>\n<ul style=\"height: auto;width: auto;font-family: Helvetica, Verdana, Arial, sans-serif;margin: 0;padding: 0;margin-left: 0.5em\">\n<li style=\"height: auto;width: auto;font-family: Helvetica, Verdana, Arial, sans-serif;margin-left: 20px;line-height: 1.2em;margin: 0\"><a style=\"height: auto;width: auto;font-family: Helvetica, Verdana, Arial, sans-serif;border-bottom: medium none;text-decoration: none\" href=\"https:\/\/contrib.eduscol.education.fr\/maths\/edunum\/edunum-maths-32\/@@newsletter-raw-html?_authenticator=6dc7dafc5357b11312c601eb978f80e35337acf3#header-10\">M@ths en vie &#8211; le r\u00e9seau<\/a><\/li>\n<li style=\"height: auto;width: auto;font-family: Helvetica, Verdana, Arial, sans-serif;margin-left: 20px;line-height: 1.2em;margin: 0\"><a style=\"height: auto;width: auto;font-family: Helvetica, Verdana, Arial, sans-serif;border-bottom: medium none;text-decoration: none\" href=\"https:\/\/contrib.eduscol.education.fr\/maths\/edunum\/edunum-maths-32\/@@newsletter-raw-html?_authenticator=6dc7dafc5357b11312c601eb978f80e35337acf3#header-11\">Une nouvelle BRNE pour le FLE<\/a><\/li>\n<li style=\"height: auto;width: auto;font-family: Helvetica, Verdana, Arial, sans-serif;margin-left: 20px;line-height: 1.2em;margin: 0\"><a style=\"height: auto;width: auto;font-family: Helvetica, Verdana, Arial, sans-serif;border-bottom: medium none;text-decoration: none\" href=\"https:\/\/contrib.eduscol.education.fr\/maths\/edunum\/edunum-maths-32\/@@newsletter-raw-html?_authenticator=6dc7dafc5357b11312c601eb978f80e35337acf3#header-12\">LUMNI<\/a><\/li>\n<li style=\"height: auto;width: auto;font-family: Helvetica, Verdana, Arial, sans-serif;margin-left: 20px;line-height: 1.2em;margin: 0\"><a style=\"height: auto;width: auto;font-family: Helvetica, Verdana, Arial, sans-serif;border-bottom: medium none;text-decoration: none\" href=\"https:\/\/contrib.eduscol.education.fr\/maths\/edunum\/edunum-maths-32\/@@newsletter-raw-html?_authenticator=6dc7dafc5357b11312c601eb978f80e35337acf3#header-14\">\u00c9dubase<\/a><\/li>\n<\/ul>\n<p style=\"height: auto;width: auto;font-family: Helvetica, Verdana, Arial, sans-serif;font-weight: bold;line-height: 1.5em;margin-bottom: 0;text-align: left;text-transform: uppercase;margin: 0\"><a style=\"height: auto;width: auto;font-family: Helvetica, Verdana, Arial, sans-serif;border-bottom: medium none;text-decoration: none\" href=\"https:\/\/contrib.eduscol.education.fr\/maths\/edunum\/edunum-maths-32\/@@newsletter-raw-html?_authenticator=6dc7dafc5357b11312c601eb978f80e35337acf3#header-15\">Se tenir inform\u00e9<\/a><\/p>\n<ul style=\"height: auto;width: auto;font-family: Helvetica, Verdana, Arial, sans-serif;margin: 0;padding: 0;margin-left: 0.5em\">\n<li style=\"height: auto;width: auto;font-family: Helvetica, Verdana, Arial, sans-serif;margin-left: 20px;line-height: 1.2em;margin: 0\"><a style=\"height: auto;width: auto;font-family: Helvetica, Verdana, Arial, sans-serif;border-bottom: medium none;text-decoration: none\" href=\"https:\/\/contrib.eduscol.education.fr\/maths\/edunum\/edunum-maths-32\/@@newsletter-raw-html?_authenticator=6dc7dafc5357b11312c601eb978f80e35337acf3#header-16\">Twitter \u00e9duscol Maths<\/a><\/li>\n<li style=\"height: auto;width: auto;font-family: Helvetica, Verdana, Arial, sans-serif;margin-left: 20px;line-height: 1.2em;margin: 0\"><a style=\"height: auto;width: auto;font-family: Helvetica, Verdana, Arial, sans-serif;border-bottom: medium none;text-decoration: none\" href=\"https:\/\/contrib.eduscol.education.fr\/maths\/edunum\/edunum-maths-32\/@@newsletter-raw-html?_authenticator=6dc7dafc5357b11312c601eb978f80e35337acf3#header-17\">Twitter DNE<\/a><\/li>\n<li style=\"height: auto;width: auto;font-family: Helvetica, Verdana, Arial, sans-serif;margin-left: 20px;line-height: 1.2em;margin: 0\"><a style=\"height: auto;width: auto;font-family: Helvetica, Verdana, Arial, sans-serif;border-bottom: medium none;text-decoration: none\" href=\"https:\/\/contrib.eduscol.education.fr\/maths\/edunum\/edunum-maths-32\/@@newsletter-raw-html?_authenticator=6dc7dafc5357b11312c601eb978f80e35337acf3#header-18\">Twitter d&#8217;\u00e9duscol<\/a><\/li>\n<li style=\"height: auto;width: auto;font-family: Helvetica, Verdana, Arial, sans-serif;margin-left: 20px;line-height: 1.2em;margin: 0\"><a style=\"height: auto;width: auto;font-family: Helvetica, Verdana, Arial, sans-serif;border-bottom: medium none;text-decoration: none\" href=\"https:\/\/contrib.eduscol.education.fr\/maths\/edunum\/edunum-maths-32\/@@newsletter-raw-html?_authenticator=6dc7dafc5357b11312c601eb978f80e35337acf3#header-19\">Fil RSS \u00c9du_Num<\/a><\/li>\n<li style=\"height: auto;width: auto;font-family: Helvetica, Verdana, Arial, sans-serif;margin-left: 20px;line-height: 1.2em;margin: 0\"><a style=\"height: auto;width: auto;font-family: Helvetica, Verdana, Arial, sans-serif;border-bottom: medium none;text-decoration: none\" href=\"https:\/\/contrib.eduscol.education.fr\/maths\/edunum\/edunum-maths-32\/@@newsletter-raw-html?_authenticator=6dc7dafc5357b11312c601eb978f80e35337acf3#header-20\">Fil RSS du portail des math\u00e9matiques<\/a><\/li>\n<li style=\"height: auto;width: auto;font-family: Helvetica, Verdana, Arial, sans-serif;margin-left: 20px;line-height: 1.2em;margin: 0\"><a style=\"height: auto;width: auto;font-family: Helvetica, Verdana, Arial, sans-serif;border-bottom: medium none;text-decoration: none\" href=\"https:\/\/contrib.eduscol.education.fr\/maths\/edunum\/edunum-maths-32\/@@newsletter-raw-html?_authenticator=6dc7dafc5357b11312c601eb978f80e35337acf3#header-21\">Fil RSS \u00c9dubase<\/a><\/li>\n<\/ul>\n<\/div>\n<hr \/>\n<p style=\"height: auto;width: auto;font-family: Helvetica, Verdana, Arial, sans-serif\"><strong><em>Introduction<\/em> <\/strong><\/p>\n<h2 id=\"header-1\" style=\"height: auto;width: auto;font-family: Helvetica, Verdana, Arial, sans-serif;clear: both;font-size: 1.5em;font-weight: bold;margin: 25px 0 10px;padding: 0 0 1px;border-bottom: 2px solid #53617b;text-transform: uppercase;color: #53617b\">Zoom sur&#8230;<\/h2>\n<h3 id=\"header-2\" style=\"height: auto;width: auto;font-family: Helvetica, Verdana, Arial, sans-serif;clear: both;font-size: 1.3em;margin: 15px 0 5px;color: #53617b\"><b>Calculatrice et BAC 2021<\/b><\/h3>\n<h3 id=\"header-7\"><img loading=\"lazy\" decoding=\"async\" class=\"size-medium wp-image-5222 alignright\" src=\"https:\/\/ent2d.ac-bordeaux.fr\/disciplines\/mathematiques\/wp-content\/uploads\/sites\/3\/2020\/01\/9450c91c-9713-48b8-8e8b-bd378b2af3bb-300x81.jpeg\" alt=\"\" width=\"300\" height=\"81\" srcset=\"https:\/\/ent2d.ac-bordeaux.fr\/disciplines\/mathematiques\/wp-content\/uploads\/sites\/3\/2020\/01\/9450c91c-9713-48b8-8e8b-bd378b2af3bb-300x81.jpeg 300w, https:\/\/ent2d.ac-bordeaux.fr\/disciplines\/mathematiques\/wp-content\/uploads\/sites\/3\/2020\/01\/9450c91c-9713-48b8-8e8b-bd378b2af3bb.jpeg 582w\" sizes=\"auto, (max-width: 300px) 100vw, 300px\" \/><\/h3>\n<p style=\"height: auto;width: auto;font-family: Helvetica, Verdana, Arial, sans-serif\">La circulaire du 1er octobre 2015 sur l\u2019utilisation de calculatrice en mode examen sera mise en oeuvre pour la session 2020 du baccalaur\u00e9at pour les voies g\u00e9n\u00e9rales et technologiques.<\/p>\n<p style=\"height: auto;width: auto;font-family: Helvetica, Verdana, Arial, sans-serif\"><a style=\"height: auto;width: auto;font-family: Helvetica, Verdana, Arial, sans-serif\" href=\"https:\/\/eduscol.education.fr\/cid126801\/utilisation-de-la-calculatrice-aux-examens-pour-la-session-2018.html\">https:\/\/eduscol.education.fr\/cid126801\/utilisation-de-la-calculatrice-aux-examens-pour-la-session-2018.html<\/a><\/p>\n<h3 id=\"header-3\" style=\"height: auto;width: auto;font-family: Helvetica, Verdana, Arial, sans-serif;clear: both;font-size: 1.3em;margin: 15px 0 5px;color: #53617b\"><\/h3>\n<h3 id=\"header-4\" style=\"height: auto;width: auto;font-family: Helvetica, Verdana, Arial, sans-serif;clear: both;font-size: 1.3em;margin: 15px 0 5px;color: #53617b\"><b style=\"color: #53617b;font-size: 1.3em\">Gazette des maths<\/b><\/h3>\n<p style=\"height: auto;width: auto;font-family: Helvetica, Verdana, Arial, sans-serif\"><img loading=\"lazy\" decoding=\"async\" class=\"size-medium wp-image-5223 alignleft\" src=\"https:\/\/ent2d.ac-bordeaux.fr\/disciplines\/mathematiques\/wp-content\/uploads\/sites\/3\/2020\/01\/68822e4b-2bf9-4d28-a70f-97db74994edd-300x123.png\" alt=\"\" width=\"300\" height=\"123\" srcset=\"https:\/\/ent2d.ac-bordeaux.fr\/disciplines\/mathematiques\/wp-content\/uploads\/sites\/3\/2020\/01\/68822e4b-2bf9-4d28-a70f-97db74994edd-300x123.png 300w, https:\/\/ent2d.ac-bordeaux.fr\/disciplines\/mathematiques\/wp-content\/uploads\/sites\/3\/2020\/01\/68822e4b-2bf9-4d28-a70f-97db74994edd.png 350w\" sizes=\"auto, (max-width: 300px) 100vw, 300px\" \/>Plusieurs fois par an, \u201cLa gazette des m@ths\u201d est publi\u00e9e sur le site math\u00e9matiques de l\u2019acad\u00e9mie de Strasbourg. On y retrouve l\u2019actualit\u00e9 (num\u00e9rique mais pas que) li\u00e9e \u00e0 notre discipline que ce soit au niveau local ou national.<\/p>\n<p style=\"height: auto;width: auto;font-family: Helvetica, Verdana, Arial, sans-serif\">Une lecture riche qui permet de (re)d\u00e9couvrir des ressources pour l\u2019enseignement des math\u00e9matiques au coll\u00e8ge comme au lyc\u00e9e.<\/p>\n<p style=\"height: auto;width: auto;font-family: Helvetica, Verdana, Arial, sans-serif\"><a style=\"height: auto;width: auto;font-family: Helvetica, Verdana, Arial, sans-serif\" href=\"https:\/\/www.ac-strasbourg.fr\/pedagogie\/mathematiques\/informations\/la-gazette-des-mths\/\">https:\/\/www.ac-strasbourg.fr\/pedagogie\/mathematiques\/informations\/la-gazette-des-mths\/<\/a><\/p>\n<h2 id=\"header-5\" style=\"height: auto;width: auto;font-family: Helvetica, Verdana, Arial, sans-serif;clear: both;font-size: 1.5em;font-weight: bold;margin: 25px 0 10px;padding: 0 0 1px;border-bottom: 2px solid #53617b;text-transform: uppercase;color: #53617b\">\u00e9v\u00e9nements<\/h2>\n<h3 id=\"header-6\" style=\"height: auto;width: auto;font-family: Helvetica, Verdana, Arial, sans-serif;clear: both;font-size: 1.3em;margin: 15px 0 5px;color: #53617b\"><strong>Ann\u00e9e des math\u00e9matiques<\/strong><\/h3>\n<h3 id=\"header-7\"><img loading=\"lazy\" decoding=\"async\" class=\"alignleft\" src=\"https:\/\/eduscol.education.fr\/maths\/edunum\/images\/edunum-31\/logo-annee-des-maths\/@@images\/68659134-392b-4d24-9674-3ac50f7404e3.jpeg\" alt=\"logo-annee-des-maths\" width=\"225\" height=\"108\" \/><\/h3>\n<p style=\"height: auto;width: auto;font-family: Helvetica, Verdana, Arial, sans-serif\">Depuis son ouverture en octobre 2019 \u00e0 la Sorbonne, l\u2019ann\u00e9e des math\u00e9matiques ne cesse de proposer des actions et des \u00e9v\u00e9nements que l\u2019on retrouve sur une page \u00e9duscol d\u00e9di\u00e9e:<\/p>\n<p style=\"height: auto;width: auto;font-family: Helvetica, Verdana, Arial, sans-serif\"><a style=\"height: auto;width: auto;font-family: Helvetica, Verdana, Arial, sans-serif\" href=\"https:\/\/eduscol.education.fr\/pid39215\/annees-des-maths-2019-2020.html\">https:\/\/eduscol.education.fr\/pid39215\/annees-des-maths-2019-2020.html<\/a><\/p>\n<p style=\"height: auto;width: auto;font-family: Helvetica, Verdana, Arial, sans-serif\">Ainsi, retenons en particulier la traditionnelle semaine des math\u00e9matiques, du 9 au 15 mars 2020 avec la fameuse &#8220;<em>Journ\u00e9e de Pi<\/em>&#8221; le 14 mars. Le th\u00e8me retenu pour cette ann\u00e9e est : \u201dMettons en sc\u00e8ne les math\u00e9matiques\u201d.<\/p>\n<p style=\"height: auto;width: auto;font-family: Helvetica, Verdana, Arial, sans-serif\"><a style=\"height: auto;width: auto;font-family: Helvetica, Verdana, Arial, sans-serif\" href=\"https:\/\/eduscol.education.fr\/cid59178\/semaine-des-mathematiques.html\">https:\/\/eduscol.education.fr\/cid59178\/semaine-des-mathematiques.html<\/a><\/p>\n<p style=\"height: auto;width: auto;font-family: Helvetica, Verdana, Arial, sans-serif\">Plus proche de nous, se tiendra du 27 au 31 janvier 2020 la \u201c<em>Semaine math\u00e9matiques et num\u00e9rique<\/em>\u201d. Des \u00e9v\u00e9nements seront organis\u00e9s dans chaque acad\u00e9mie avec une journ\u00e9e en temps fort.<\/p>\n<p style=\"height: auto;width: auto;font-family: Helvetica, Verdana, Arial, sans-serif\">Une page \u00e9duscol est consacr\u00e9e \u00e0 cette semaine, on y retrouve toutes les actions pr\u00e9vues :\u00a0<a style=\"height: auto;width: auto;font-family: Helvetica, Verdana, Arial, sans-serif\" href=\"https:\/\/eduscol.education.fr\/cid147150\/semaine-maths-numerique.html#lien2\">https:\/\/eduscol.education.fr\/cid147150\/semaine-maths-numerique.html#lien2<\/a><\/p>\n<p style=\"height: auto;width: auto;font-family: Helvetica, Verdana, Arial, sans-serif\">Voici quelques exemples d&#8217;acad\u00e9mies avec un programme de leurs actions :<\/p>\n<ul style=\"height: auto;width: auto;font-family: Helvetica, Verdana, Arial, sans-serif\">\n<li style=\"height: auto;width: auto;font-family: Helvetica, Verdana, Arial, sans-serif;margin-left: 20px\"><a style=\"height: auto;width: auto;font-family: Helvetica, Verdana, Arial, sans-serif\" href=\"https:\/\/cache.media.eduscol.education.fr\/file\/CST\/16\/0\/AIX-MARSEILLE_1219160.pdf\">Acad\u00e9mie d&#8217;Aix-Marseille<\/a><\/li>\n<\/ul>\n<ul style=\"height: auto;width: auto;font-family: Helvetica, Verdana, Arial, sans-serif\">\n<li style=\"height: auto;width: auto;font-family: Helvetica, Verdana, Arial, sans-serif;margin-left: 20px\"><a style=\"height: auto;width: auto;font-family: Helvetica, Verdana, Arial, sans-serif\" href=\"https:\/\/cache.media.eduscol.education.fr\/file\/CST\/87\/0\/CORSE_1219870.pdf\">Acad\u00e9mie de Corse<\/a><\/li>\n<\/ul>\n<ul style=\"height: auto;width: auto;font-family: Helvetica, Verdana, Arial, sans-serif\">\n<li style=\"height: auto;width: auto;font-family: Helvetica, Verdana, Arial, sans-serif;margin-left: 20px\"><a style=\"height: auto;width: auto;font-family: Helvetica, Verdana, Arial, sans-serif\" href=\"https:\/\/cache.media.eduscol.education.fr\/file\/CST\/86\/8\/CRETEIL_1219868.pdf\">Acad\u00e9mie de Cr\u00e9teil<\/a><\/li>\n<\/ul>\n<ul style=\"height: auto;width: auto;font-family: Helvetica, Verdana, Arial, sans-serif\">\n<li style=\"height: auto;width: auto;font-family: Helvetica, Verdana, Arial, sans-serif;margin-left: 20px\"><a style=\"height: auto;width: auto;font-family: Helvetica, Verdana, Arial, sans-serif\" href=\"https:\/\/cache.media.eduscol.education.fr\/file\/CST\/25\/3\/GUADELOUPE_1219253.pdf\">Acad\u00e9mie de Guadeloupe<\/a><\/li>\n<\/ul>\n<ul style=\"height: auto;width: auto;font-family: Helvetica, Verdana, Arial, sans-serif\">\n<li style=\"height: auto;width: auto;font-family: Helvetica, Verdana, Arial, sans-serif;margin-left: 20px\"><a style=\"height: auto;width: auto;font-family: Helvetica, Verdana, Arial, sans-serif\" href=\"https:\/\/cache.media.eduscol.education.fr\/file\/CST\/16\/5\/GUYANE_1219165.pdf\">Acad\u00e9mie de Guyane<\/a><\/li>\n<\/ul>\n<ul style=\"height: auto;width: auto;font-family: Helvetica, Verdana, Arial, sans-serif\">\n<li style=\"height: auto;width: auto;font-family: Helvetica, Verdana, Arial, sans-serif;margin-left: 20px\"><a style=\"height: auto;width: auto;font-family: Helvetica, Verdana, Arial, sans-serif\" href=\"https:\/\/cache.media.eduscol.education.fr\/file\/CST\/25\/5\/LILLE_1219255.pdf\">Acad\u00e9mie de Lille<\/a><\/li>\n<\/ul>\n<ul style=\"height: auto;width: auto;font-family: Helvetica, Verdana, Arial, sans-serif\">\n<li style=\"height: auto;width: auto;font-family: Helvetica, Verdana, Arial, sans-serif;margin-left: 20px\"><a style=\"height: auto;width: auto;font-family: Helvetica, Verdana, Arial, sans-serif\" href=\"https:\/\/cache.media.eduscol.education.fr\/file\/CST\/21\/5\/LIMOGES_1219215.pdf\">Acad\u00e9mie de Limoges<\/a><\/li>\n<\/ul>\n<ul style=\"height: auto;width: auto;font-family: Helvetica, Verdana, Arial, sans-serif\">\n<li style=\"height: auto;width: auto;font-family: Helvetica, Verdana, Arial, sans-serif;margin-left: 20px\"><a style=\"height: auto;width: auto;font-family: Helvetica, Verdana, Arial, sans-serif\" href=\"https:\/\/cache.media.eduscol.education.fr\/file\/CST\/46\/2\/STRASBOURG_1220462.pdf\">Acad\u00e9mie de Strasbourg<\/a><\/li>\n<\/ul>\n<ul style=\"height: auto;width: auto;font-family: Helvetica, Verdana, Arial, sans-serif\">\n<li style=\"height: auto;width: auto;font-family: Helvetica, Verdana, Arial, sans-serif;margin-left: 20px\"><a style=\"height: auto;width: auto;font-family: Helvetica, Verdana, Arial, sans-serif\" href=\"https:\/\/cache.media.eduscol.education.fr\/file\/CST\/23\/5\/TOULOUSE_1219235.pdf\">Acad\u00e9mie de Toulouse<\/a><\/li>\n<\/ul>\n<h2 id=\"header-9\" style=\"height: auto;width: auto;font-family: Helvetica, Verdana, Arial, sans-serif;clear: both;font-size: 1.5em;font-weight: bold;margin: 25px 0 10px;padding: 0 0 1px;border-bottom: 2px solid #53617b;text-transform: uppercase;color: #53617b\">Enseigner avec le Num\u00e9rique<\/h2>\n<h3 id=\"header-10\" style=\"height: auto;width: auto;font-family: Helvetica, Verdana, Arial, sans-serif;clear: both;font-size: 1.3em;margin: 15px 0 5px;color: #53617b\"><b>M@ths en vie &#8211; le r\u00e9seau<\/b><\/h3>\n<p style=\"height: auto;width: auto;font-family: Helvetica, Verdana, Arial, sans-serif\">Depuis la rentr\u00e9e de septembre, le dispositif M@aths En Vie \u00e9volue et propose 4 comptes Twitter, un par cycle de l\u2019\u00e9cole maternelle \u00e0 la fin de coll\u00e8ge:<\/p>\n<p style=\"height: auto;width: auto;font-family: Helvetica, Verdana, Arial, sans-serif\"><img loading=\"lazy\" decoding=\"async\" class=\"wp-image-5228 alignright\" src=\"https:\/\/ent2d.ac-bordeaux.fr\/disciplines\/mathematiques\/wp-content\/uploads\/sites\/3\/2020\/01\/ad38675c-b38e-4842-a0a4-1b1ffd3c4fe7-300x300.png\" alt=\"\" width=\"130\" height=\"130\" srcset=\"https:\/\/ent2d.ac-bordeaux.fr\/disciplines\/mathematiques\/wp-content\/uploads\/sites\/3\/2020\/01\/ad38675c-b38e-4842-a0a4-1b1ffd3c4fe7-300x300.png 300w, https:\/\/ent2d.ac-bordeaux.fr\/disciplines\/mathematiques\/wp-content\/uploads\/sites\/3\/2020\/01\/ad38675c-b38e-4842-a0a4-1b1ffd3c4fe7-150x150.png 150w, https:\/\/ent2d.ac-bordeaux.fr\/disciplines\/mathematiques\/wp-content\/uploads\/sites\/3\/2020\/01\/ad38675c-b38e-4842-a0a4-1b1ffd3c4fe7.png 768w\" sizes=\"auto, (max-width: 130px) 100vw, 130px\" \/><\/p>\n<p style=\"height: auto;width: auto;font-family: Helvetica, Verdana, Arial, sans-serif\"><a style=\"height: auto;width: auto;font-family: Helvetica, Verdana, Arial, sans-serif\" title=\"https:\/\/twitter.com\/mathsenvie1\" href=\"https:\/\/twitter.com\/mathsenvie1\" target=\"_blank\" rel=\"noopener noreferrer\">@mathsenvie1<\/a>\u00a0<a style=\"height: auto;width: auto;font-family: Helvetica, Verdana, Arial, sans-serif\" title=\"https:\/\/twitter.com\/mathsenvie2\" href=\"https:\/\/twitter.com\/mathsenvie2\" target=\"_blank\" rel=\"noopener noreferrer\">@mathsenvie2<\/a>\u00a0<a style=\"height: auto;width: auto;font-family: Helvetica, Verdana, Arial, sans-serif\" title=\"https:\/\/twitter.com\/mathsenvie3\" href=\"https:\/\/twitter.com\/mathsenvie3\" target=\"_blank\" rel=\"noopener noreferrer\">@mathsenvie3<\/a>\u00a0et\u00a0<a style=\"height: auto;width: auto;font-family: Helvetica, Verdana, Arial, sans-serif\" title=\"https:\/\/twitter.com\/mathsenvie4\" href=\"https:\/\/twitter.com\/mathsenvie4\" target=\"_blank\" rel=\"noopener noreferrer\">@mathsenvie4<\/a>. Ces derniers permettent aux \u00e9l\u00e8ves de poser des probl\u00e8mes \u00e0 l\u2019ensemble des classes qui suivent le compte et aussi de r\u00e9pondre aux d\u00e9fis pos\u00e9s par les autres classes. Ces \u00e9changes se font au travers d&#8217;un compte classe g\u00e9r\u00e9 par l&#8217;enseignant. Un dispositif donc de plus en plus riche autour de l\u2019enseignement des maths et du fran\u00e7ais.<\/p>\n<p style=\"height: auto;width: auto;font-family: Helvetica, Verdana, Arial, sans-serif\"><a style=\"height: auto;width: auto;font-family: Helvetica, Verdana, Arial, sans-serif\" href=\"http:\/\/www.mathsenvie.fr\/\">http:\/\/www.mathsenvie.fr\/<\/a><\/p>\n<h3 id=\"header-11\" style=\"height: auto;width: auto;font-family: Helvetica, Verdana, Arial, sans-serif;clear: both;font-size: 1.3em;margin: 15px 0 5px;color: #53617b\"><b>Une nouvelle BRNE pour le FLE<\/b><\/h3>\n<p style=\"height: auto;width: auto;font-family: Helvetica, Verdana, Arial, sans-serif\"><img loading=\"lazy\" decoding=\"async\" class=\"wp-image-5219 alignleft\" src=\"https:\/\/ent2d.ac-bordeaux.fr\/disciplines\/mathematiques\/wp-content\/uploads\/sites\/3\/2020\/01\/2c784711-3148-490a-a47e-fd521454070c-300x52.jpeg\" alt=\"\" width=\"334\" height=\"58\" srcset=\"https:\/\/ent2d.ac-bordeaux.fr\/disciplines\/mathematiques\/wp-content\/uploads\/sites\/3\/2020\/01\/2c784711-3148-490a-a47e-fd521454070c-300x52.jpeg 300w, https:\/\/ent2d.ac-bordeaux.fr\/disciplines\/mathematiques\/wp-content\/uploads\/sites\/3\/2020\/01\/2c784711-3148-490a-a47e-fd521454070c.jpeg 623w\" sizes=\"auto, (max-width: 334px) 100vw, 334px\" \/>Parmi les nouvelles banques de ressources num\u00e9riques apparues fin 2019, nous portons une attention particuli\u00e8re sur celle de Fran\u00e7ais Langue \u00c9trang\u00e8re. En effet, cette derni\u00e8re contient des ressources math\u00e9matiques adapt\u00e9es aux \u00e9l\u00e8ves ayant des difficult\u00e9s de compr\u00e9hension du fran\u00e7ais. Disponible pour tous les enseignants avec son adresse acad\u00e9mique, elle est gratuite et la majorit\u00e9 des ressources sont t\u00e9l\u00e9chargeables. Elle propose des ressources du cycle 2 jusqu&#8217;\u00e0 la terminale.<\/p>\n<p style=\"height: auto;width: auto;font-family: Helvetica, Verdana, Arial, sans-serif\"><b><a style=\"height: auto;width: auto;font-family: Helvetica, Verdana, Arial, sans-serif\" title=\"https:\/\/didier-equipereussite.com\" href=\"https:\/\/didier-equipereussite.com\/\" target=\"_blank\" rel=\"noopener noreferrer\">https:\/\/didier-equipereussite.com<\/a><\/b><\/p>\n<h3 id=\"header-12\" style=\"height: auto;width: auto;font-family: Helvetica, Verdana, Arial, sans-serif;clear: both;font-size: 1.3em;margin: 15px 0 5px;color: #53617b\"><b>LUMNI<\/b><\/h3>\n<p style=\"height: auto;width: auto;font-family: Helvetica, Verdana, Arial, sans-serif\"><img loading=\"lazy\" decoding=\"async\" class=\"wp-image-5227 alignright\" src=\"https:\/\/ent2d.ac-bordeaux.fr\/disciplines\/mathematiques\/wp-content\/uploads\/sites\/3\/2020\/01\/a84f26b1-577b-4c78-bcd5-6864e2b4aa64-300x86.png\" alt=\"\" width=\"195\" height=\"56\" srcset=\"https:\/\/ent2d.ac-bordeaux.fr\/disciplines\/mathematiques\/wp-content\/uploads\/sites\/3\/2020\/01\/a84f26b1-577b-4c78-bcd5-6864e2b4aa64-300x86.png 300w, https:\/\/ent2d.ac-bordeaux.fr\/disciplines\/mathematiques\/wp-content\/uploads\/sites\/3\/2020\/01\/a84f26b1-577b-4c78-bcd5-6864e2b4aa64.png 420w\" sizes=\"auto, (max-width: 195px) 100vw, 195px\" \/><\/p>\n<p style=\"height: auto;width: auto;font-family: Helvetica, Verdana, Arial, sans-serif\">Fin novembre, Lumni, la nouvelle plateforme \u00e9ducative issue du rapprochement entre les acteurs de l\u2019audiovisuel public (Arte, France M\u00e9dias Monde, France T\u00e9l\u00e9visions,\u00a0 INA, Radio France et TV5Monde) a vu le jour. Elle propose plus de 10 000 contenus p\u00e9dagogiques \u00e0 destination du grand public.<\/p>\n<p style=\"height: auto;width: auto;font-family: Helvetica, Verdana, Arial, sans-serif\">Une rubrique sur l\u2019histoire des math\u00e9matiques est propos\u00e9e :\u00a0<a style=\"height: auto;width: auto;font-family: Helvetica, Verdana, Arial, sans-serif\" href=\"https:\/\/www.lumni.fr\/dossier\/histoire-des-mathematiques\">https:\/\/www.lumni.fr\/dossier\/histoire-des-mathematiques<\/a><\/p>\n<p style=\"height: auto;width: auto;font-family: Helvetica, Verdana, Arial, sans-serif\">Pour les enseignants et leurs \u00e9l\u00e8ves inscrits sur \u00c9duth\u00e8que (<a style=\"height: auto;width: auto;font-family: Helvetica, Verdana, Arial, sans-serif\" href=\"https:\/\/www.edutheque.fr\/utiliser\/sciences-humaines-et-sociales\/partenaire\/lumni.html\">https:\/\/www.edutheque.fr\/utiliser\/sciences-humaines-et-sociales\/partenaire\/lumni.html<\/a>), Lumni Enseignement propose plus de 3\u00a0000 ressources num\u00e9riques (vid\u00e9os, podcasts) didactis\u00e9es en fonction des programmes et accompagn\u00e9es de fonctionnalit\u00e9s (cr\u00e9ation de classeurs, t\u00e9l\u00e9chargement, etc.).<\/p>\n<p style=\"height: auto;width: auto;font-family: Helvetica, Verdana, Arial, sans-serif\">Plus de 100 vid\u00e9os et podcasts sont disponibles pour les math\u00e9matiques (<a style=\"height: auto;width: auto;font-family: Helvetica, Verdana, Arial, sans-serif\" href=\"https:\/\/enseignants.lumni.fr\/videos\/liste?theme=666---Les%20maths\">https:\/\/enseignants.lumni.fr\/videos\/liste?theme=666&#8212;Les%20maths<\/a>).<\/p>\n<h3 id=\"header-13\" style=\"height: auto;width: auto;font-family: Helvetica, Verdana, Arial, sans-serif;clear: both;font-size: 1.3em;margin: 15px 0 5px;color: #53617b\"><\/h3>\n<h3 id=\"header-14\" style=\"height: auto;width: auto;font-family: Helvetica, Verdana, Arial, sans-serif;clear: both;font-size: 1.3em;margin: 15px 0 5px;color: #53617b\">\u00c9dubase<\/h3>\n<p style=\"height: auto;width: auto;font-family: Helvetica, Verdana, Arial, sans-serif\">Depuis plus d\u2019un an maintenant, l\u2019 \u00c9dubase a fait peau neuve, et est devenue g\u00e9n\u00e9rique. Ainsi, une <img loading=\"lazy\" decoding=\"async\" class=\"size-medium wp-image-5226 alignleft\" src=\"https:\/\/ent2d.ac-bordeaux.fr\/disciplines\/mathematiques\/wp-content\/uploads\/sites\/3\/2020\/01\/a60fe083-9369-4e0d-b6f2-bbd87acea7f9-300x137.png\" alt=\"\" width=\"300\" height=\"137\" srcset=\"https:\/\/ent2d.ac-bordeaux.fr\/disciplines\/mathematiques\/wp-content\/uploads\/sites\/3\/2020\/01\/a60fe083-9369-4e0d-b6f2-bbd87acea7f9-300x137.png 300w, https:\/\/ent2d.ac-bordeaux.fr\/disciplines\/mathematiques\/wp-content\/uploads\/sites\/3\/2020\/01\/a60fe083-9369-4e0d-b6f2-bbd87acea7f9.png 599w\" sizes=\"auto, (max-width: 300px) 100vw, 300px\" \/>recherche peut se faire dans la base de toutes les disciplines, puis \u00eatre affin\u00e9e pour r\u00e9pondre au plus pr\u00e8s des besoins. Cette base, riche de plus de 17 000 fiches dont plus de 2 000 en math\u00e9matiques, est aliment\u00e9e par les interlocuteurs acad\u00e9miques pour le num\u00e9rique (IAN), il en existe un par acad\u00e9mie et par discipline (liste de ceux de math\u00e9matiques sur le portail national: <a style=\"height: auto;width: auto;font-family: Helvetica, Verdana, Arial, sans-serif\" href=\"https:\/\/eduscol.education.fr\/maths\/enseigner\/ressources-et-usages-numeriques\/developpement-des-pratiques-pedagogiques-en-academie\/interlocuteurs-academiques.html\">https:\/\/eduscol.education.fr\/maths\/enseigner\/ressources-et-usages-numeriques\/developpement-des-pratiques-pedagogiques-en-academie\/interlocuteurs-academiques.html<\/a>).<\/p>\n<p style=\"height: auto;width: auto;font-family: Helvetica, Verdana, Arial, sans-serif\">Lien vers l\u2019 \u00c9dubase:\u00a0<a style=\"height: auto;width: auto;font-family: Helvetica, Verdana, Arial, sans-serif\" href=\"https:\/\/edubase.eduscol.education.fr\/\">https:\/\/edubase.eduscol.education.fr\/<\/a><\/p>\n<h2 id=\"header-15\" style=\"height: auto;width: auto;font-family: Helvetica, Verdana, Arial, sans-serif;clear: both;font-size: 1.5em;font-weight: bold;margin: 25px 0 10px;padding: 0 0 1px;border-bottom: 2px solid #53617b;text-transform: uppercase;color: #53617b\">Se tenir inform\u00e9<\/h2>\n<h3 id=\"header-16\" style=\"height: auto;width: auto;font-family: Helvetica, Verdana, Arial, sans-serif;clear: both;font-size: 1.3em;margin: 15px 0 5px;color: #53617b\"><img loading=\"lazy\" decoding=\"async\" class=\"size-full wp-image-5221 alignleft\" src=\"https:\/\/ent2d.ac-bordeaux.fr\/disciplines\/mathematiques\/wp-content\/uploads\/sites\/3\/2020\/01\/441e5fbc-c39d-44ae-8a4a-ce5015969e09.jpeg\" alt=\"\" width=\"128\" height=\"128\" \/><br \/>\nTwitter \u00e9duscol Maths<\/h3>\n<p style=\"height: auto;width: auto;font-family: Helvetica, Verdana, Arial, sans-serif\">L&#8217;actualit\u00e9 des Maths et du portail :<br \/>\n<a style=\"height: auto;width: auto;font-family: Helvetica, Verdana, Arial, sans-serif\" href=\"https:\/\/twitter.com\/eduscol_maths\">@eduscol_maths<\/a><\/p>\n<h3 id=\"header-17\" style=\"height: auto;width: auto;font-family: Helvetica, Verdana, Arial, sans-serif;clear: both;font-size: 1.3em;margin: 15px 0 5px;color: #53617b\"><img loading=\"lazy\" decoding=\"async\" class=\"size-full wp-image-5229 alignleft\" src=\"https:\/\/ent2d.ac-bordeaux.fr\/disciplines\/mathematiques\/wp-content\/uploads\/sites\/3\/2020\/01\/cb3e9069-cd30-4fb5-b4e9-f1ad4c179bd5.jpeg\" alt=\"\" width=\"128\" height=\"128\" \/><br \/>\nTwitter DNE<\/h3>\n<p style=\"height: auto;width: auto;font-family: Helvetica, Verdana, Arial, sans-serif\">Les informations de la DNE sur Twitter :<br \/>\n<a style=\"height: auto;width: auto;font-family: Helvetica, Verdana, Arial, sans-serif\" href=\"https:\/\/twitter.com\/edu_num\">@edu_num\u00a0<\/a><\/p>\n<h3 id=\"header-18\" style=\"height: auto;width: auto;font-family: Helvetica, Verdana, Arial, sans-serif;clear: both;font-size: 1.3em;margin: 15px 0 5px;color: #53617b\"><img loading=\"lazy\" decoding=\"async\" class=\"size-full wp-image-5218 alignleft\" src=\"https:\/\/ent2d.ac-bordeaux.fr\/disciplines\/mathematiques\/wp-content\/uploads\/sites\/3\/2020\/01\/e5f16603-9f06-4920-94a6-1f84f7794012.jpeg\" alt=\"\" width=\"128\" height=\"128\" \/><br \/>\nTwitter d&#8217;\u00e9duscol<\/h3>\n<p style=\"height: auto;width: auto;font-family: Helvetica, Verdana, Arial, sans-serif\">Pour ne rien manquer des informations d\u2019\u00e9duscol, abonnez-vous \u00e0 son Twitter :\u00a0<a style=\"height: auto;width: auto;font-family: Helvetica, Verdana, Arial, sans-serif\" href=\"https:\/\/twitter.com\/Eduscol\">@eduscol\u00a0<\/a><\/p>\n<h3 id=\"header-19\" style=\"height: auto;width: auto;font-family: Helvetica, Verdana, Arial, sans-serif;clear: both;font-size: 1.3em;margin: 15px 0 5px;color: #53617b\"><img loading=\"lazy\" decoding=\"async\" class=\"alignnone size-full wp-image-5225\" src=\"https:\/\/ent2d.ac-bordeaux.fr\/disciplines\/mathematiques\/wp-content\/uploads\/sites\/3\/2020\/01\/a19b01b7-c12b-416b-aea9-878a749e137f.png\" alt=\"\" width=\"64\" height=\"64\" \/>Fil RSS \u00c9du_Num<\/h3>\n<p style=\"height: auto;width: auto;font-family: Helvetica, Verdana, Arial, sans-serif\">Les lettres \u00c9du_Num &#8220;math\u00e9matiques&#8221; disposent d&#8217;un fil RSS qui leur est d\u00e9di\u00e9 :<br \/>\n<a style=\"height: auto;width: auto;font-family: Helvetica, Verdana, Arial, sans-serif\" title=\"Fil RSS \u00e9du_num\" href=\"http:\/\/eduscol.education.fr\/maths\/edunum\/fil\/rss.xml\">eduscol.education.fr\/maths\/edunum\/fil\/rss.xml<\/a><\/p>\n<h3 id=\"header-20\" style=\"height: auto;width: auto;font-family: Helvetica, Verdana, Arial, sans-serif;clear: both;font-size: 1.3em;margin: 15px 0 5px;color: #53617b\"><img loading=\"lazy\" decoding=\"async\" class=\"alignnone size-full wp-image-5225\" src=\"https:\/\/ent2d.ac-bordeaux.fr\/disciplines\/mathematiques\/wp-content\/uploads\/sites\/3\/2020\/01\/a19b01b7-c12b-416b-aea9-878a749e137f.png\" alt=\"\" width=\"64\" height=\"64\" \/>Fil RSS du portail des math\u00e9matiques<\/h3>\n<p style=\"height: auto;width: auto;font-family: Helvetica, Verdana, Arial, sans-serif\">Abonnez-vous au flux RSS du portail en suivant ce lien :<br \/>\n<a style=\"height: auto;width: auto;font-family: Helvetica, Verdana, Arial, sans-serif\" title=\"Fil RSS du portail\" href=\"http:\/\/eduscol.education.fr\/maths\/fils-rss.html\">eduscol.education.fr\/maths\/fils-rss.html<\/a><\/p>\n<h3 id=\"header-21\" style=\"height: auto;width: auto;font-family: Helvetica, Verdana, Arial, sans-serif;clear: both;font-size: 1.3em;margin: 15px 0 5px;color: #53617b\"><img loading=\"lazy\" decoding=\"async\" class=\"alignnone size-full wp-image-5225\" src=\"https:\/\/ent2d.ac-bordeaux.fr\/disciplines\/mathematiques\/wp-content\/uploads\/sites\/3\/2020\/01\/a19b01b7-c12b-416b-aea9-878a749e137f.png\" alt=\"\" width=\"64\" height=\"64\" \/>Fil RSS \u00c9dubase<\/h3>\n<p style=\"height: auto;width: auto;font-family: Helvetica, Verdana, Arial, sans-serif\">Abonnez-vous au flux RSS des math\u00e9matiques dans \u00c9dubase :<br \/>\n<a style=\"height: auto;width: auto;font-family: Helvetica, Verdana, Arial, sans-serif\" href=\"https:\/\/edubase.eduscol.education.fr\/rss\/rss.xml?q=&amp;discipline%5B%5D=Math%C3%A9matiques\">https:\/\/edubase.eduscol.education.fr\/rss\/rss.xml?q=&amp;discipline%5B%5D=Math%C3%A9matiques<\/a><\/p>\n<p class=\"encadre\" style=\"text-align: center;height: auto;width: auto;font-family: Helvetica, Verdana, Arial, sans-serif;font-size: 1em;color: black;padding: 3px 10px;margin: 0;background-color: #e0e8e9;border: 1px solid #53617b\">Cette lettre est propos\u00e9e, pour les informations nationales, par<br \/>\nCyril Michau et Nicolas Lemoine &#8211; Direction du Num\u00e9rique pour l&#8217;\u00c9ducation (DNE),<br \/>\nen liaison avec la Direction G\u00e9n\u00e9rale de l&#8217;Enseignement Scolaire (DGESCO)<br \/>\net l&#8217;inspection g\u00e9n\u00e9rale de math\u00e9matiques.<\/p>\n<p>\u00a9 &#8211; Minist\u00e8re de l&#8217;\u00e9ducation nationale et de la jeunesse &#8211;<\/p>\n<\/div>\n<div><\/div>\n<div>\n<ul>\n<li><a href=\"https:\/\/eduscol.education.fr\/maths\/edunum\/edunum-maths-32\">Si vous ne visualisez pas cette Lettre correctement, consultez-la en ligne.<\/a><\/li>\n<li>Vous pouvez consulter sur Eduscol <a href=\"http:\/\/eduscol.education.fr\/maths\/enseigner\/ressources-et-usages-numeriques\/la-lettre-edu-num.html\" data-slimstat=\"5\">toutes les lettres EDU_NUM<\/a>.<\/li>\n<\/ul>\n<\/div>\n","protected":false},"excerpt":{"rendered":"<p>Lettre \u00c9du_Num Maths N\u00b032 Janvier 2020 Sommaire Zoom sur&#8230; Calculatrice et BAC 2021 Gazette des maths \u00e9v\u00e9nements Ann\u00e9e des math\u00e9matiques Enseigner avec le Num\u00e9rique M@ths en vie &#8211; le r\u00e9seau Une nouvelle BRNE pour le FLE LUMNI \u00c9dubase Se tenir inform\u00e9 Twitter \u00e9duscol Maths Twitter DNE Twitter d&#8217;\u00e9duscol Fil RSS \u00c9du_Num Fil RSS du portail &hellip; <\/p>\n<p><a class=\"more-link btn\" href=\"https:\/\/ent2d.ac-bordeaux.fr\/disciplines\/mathematiques\/lettre-edu_num-maths-n32\/\">Lire la suite<\/a><\/p>\n","protected":false},"author":342,"featured_media":0,"comment_status":"open","ping_status":"closed","sticky":false,"template":"","format":"standard","meta":{"_bbp_topic_count":0,"_bbp_reply_count":0,"_bbp_total_topic_count":0,"_bbp_total_reply_count":0,"_bbp_voice_count":0,"_bbp_anonymous_reply_count":0,"_bbp_topic_count_hidden":0,"_bbp_reply_count_hidden":0,"_bbp_forum_subforum_count":0,"footnotes":""},"categories":[14],"tags":[],"class_list":["post-5215","post","type-post","status-publish","format-standard","hentry","category-numerique","nodate","item-wrap"],"_links":{"self":[{"href":"https:\/\/ent2d.ac-bordeaux.fr\/disciplines\/mathematiques\/wp-json\/wp\/v2\/posts\/5215","targetHints":{"allow":["GET"]}}],"collection":[{"href":"https:\/\/ent2d.ac-bordeaux.fr\/disciplines\/mathematiques\/wp-json\/wp\/v2\/posts"}],"about":[{"href":"https:\/\/ent2d.ac-bordeaux.fr\/disciplines\/mathematiques\/wp-json\/wp\/v2\/types\/post"}],"author":[{"embeddable":true,"href":"https:\/\/ent2d.ac-bordeaux.fr\/disciplines\/mathematiques\/wp-json\/wp\/v2\/users\/342"}],"replies":[{"embeddable":true,"href":"https:\/\/ent2d.ac-bordeaux.fr\/disciplines\/mathematiques\/wp-json\/wp\/v2\/comments?post=5215"}],"version-history":[{"count":12,"href":"https:\/\/ent2d.ac-bordeaux.fr\/disciplines\/mathematiques\/wp-json\/wp\/v2\/posts\/5215\/revisions"}],"predecessor-version":[{"id":5442,"href":"https:\/\/ent2d.ac-bordeaux.fr\/disciplines\/mathematiques\/wp-json\/wp\/v2\/posts\/5215\/revisions\/5442"}],"wp:attachment":[{"href":"https:\/\/ent2d.ac-bordeaux.fr\/disciplines\/mathematiques\/wp-json\/wp\/v2\/media?parent=5215"}],"wp:term":[{"taxonomy":"category","embeddable":true,"href":"https:\/\/ent2d.ac-bordeaux.fr\/disciplines\/mathematiques\/wp-json\/wp\/v2\/categories?post=5215"},{"taxonomy":"post_tag","embeddable":true,"href":"https:\/\/ent2d.ac-bordeaux.fr\/disciplines\/mathematiques\/wp-json\/wp\/v2\/tags?post=5215"}],"curies":[{"name":"wp","href":"https:\/\/api.w.org\/{rel}","templated":true}]}}