{"id":4277,"date":"2019-01-18T01:07:51","date_gmt":"2019-01-18T00:07:51","guid":{"rendered":"https:\/\/ent2d.ac-bordeaux.fr\/disciplines\/mathematiques\/?p=4277"},"modified":"2023-05-23T20:11:54","modified_gmt":"2023-05-23T19:11:54","slug":"stage-moi-informaticienne-moi-mathematicienne-2019","status":"publish","type":"post","link":"https:\/\/ent2d.ac-bordeaux.fr\/disciplines\/mathematiques\/stage-moi-informaticienne-moi-mathematicienne-2019\/","title":{"rendered":"Stage \u00ab Moi Informaticienne \u2013 Moi Math\u00e9maticienne \u00bb \u00e0 l\u2019universit\u00e9 de Bordeaux \u2013 Avril 2019"},"content":{"rendered":"<p><img loading=\"lazy\" decoding=\"async\" class=\" wp-image-4278 alignright\" src=\"https:\/\/ent2d.ac-bordeaux.fr\/disciplines\/mathematiques\/wp-content\/uploads\/sites\/3\/2019\/01\/Affiche-Moi-informaticienne-Moi-math\u00e9maticienne.png\" alt=\"\" width=\"276\" height=\"386\" srcset=\"https:\/\/ent2d.ac-bordeaux.fr\/disciplines\/mathematiques\/wp-content\/uploads\/sites\/3\/2019\/01\/Affiche-Moi-informaticienne-Moi-math\u00e9maticienne.png 423w, https:\/\/ent2d.ac-bordeaux.fr\/disciplines\/mathematiques\/wp-content\/uploads\/sites\/3\/2019\/01\/Affiche-Moi-informaticienne-Moi-math\u00e9maticienne-215x300.png 215w\" sizes=\"auto, (max-width: 276px) 100vw, 276px\" \/>Pour augmenter l\u2019attrait de ses formations en informatique et en math\u00e9matiques aupr\u00e8s des filles l\u2019universit\u00e9 de Bordeaux organise \u00e0 destination des filles de 3\u00e8me et 2de un stage gratuit de d\u00e9couverte des formations, de la recherche et des m\u00e9tiers dans ces 2 disciplines, qui se d\u00e9roulera pendant\u00a0 la premi\u00e8re semaine des cong\u00e9s d\u2019avril (du 15\/04 au 19\/04).<\/p>\n<p>Les inscriptions individuelles doivent se faire <strong>avant le 16 f\u00e9vrier 2019<\/strong>.<\/p>\n<p>Le programme d\u00e9taill\u00e9 et le formulaire d\u2019inscription sont disponibles <strong><a href=\"https:\/\/math-interactions.u-bordeaux.fr\/Espace-projets\/Moi-Informaticienne-Moi-Mathematicienne\">sur le site de l\u2019universit\u00e9<\/a><\/strong>.<\/p>\n","protected":false},"excerpt":{"rendered":"<p>Pour augmenter l\u2019attrait de ses formations en informatique et en math\u00e9matiques aupr\u00e8s des filles l\u2019universit\u00e9 de Bordeaux organise \u00e0 destination des filles de 3\u00e8me et 2de un stage gratuit de d\u00e9couverte des formations, de la recherche et des m\u00e9tiers dans ces 2 disciplines, qui se d\u00e9roulera pendant\u00a0 la premi\u00e8re semaine des cong\u00e9s d\u2019avril (du 15\/04 &hellip; <\/p>\n<p><a class=\"more-link btn\" href=\"https:\/\/ent2d.ac-bordeaux.fr\/disciplines\/mathematiques\/stage-moi-informaticienne-moi-mathematicienne-2019\/\">Lire la suite<\/a><\/p>\n","protected":false},"author":5,"featured_media":0,"comment_status":"open","ping_status":"closed","sticky":false,"template":"","format":"standard","meta":{"_bbp_topic_count":0,"_bbp_reply_count":0,"_bbp_total_topic_count":0,"_bbp_total_reply_count":0,"_bbp_voice_count":0,"_bbp_anonymous_reply_count":0,"_bbp_topic_count_hidden":0,"_bbp_reply_count_hidden":0,"_bbp_forum_subforum_count":0,"footnotes":""},"categories":[186],"tags":[],"class_list":["post-4277","post","type-post","status-publish","format-standard","hentry","category-archives","nodate","item-wrap"],"_links":{"self":[{"href":"https:\/\/ent2d.ac-bordeaux.fr\/disciplines\/mathematiques\/wp-json\/wp\/v2\/posts\/4277","targetHints":{"allow":["GET"]}}],"collection":[{"href":"https:\/\/ent2d.ac-bordeaux.fr\/disciplines\/mathematiques\/wp-json\/wp\/v2\/posts"}],"about":[{"href":"https:\/\/ent2d.ac-bordeaux.fr\/disciplines\/mathematiques\/wp-json\/wp\/v2\/types\/post"}],"author":[{"embeddable":true,"href":"https:\/\/ent2d.ac-bordeaux.fr\/disciplines\/mathematiques\/wp-json\/wp\/v2\/users\/5"}],"replies":[{"embeddable":true,"href":"https:\/\/ent2d.ac-bordeaux.fr\/disciplines\/mathematiques\/wp-json\/wp\/v2\/comments?post=4277"}],"version-history":[{"count":2,"href":"https:\/\/ent2d.ac-bordeaux.fr\/disciplines\/mathematiques\/wp-json\/wp\/v2\/posts\/4277\/revisions"}],"predecessor-version":[{"id":4280,"href":"https:\/\/ent2d.ac-bordeaux.fr\/disciplines\/mathematiques\/wp-json\/wp\/v2\/posts\/4277\/revisions\/4280"}],"wp:attachment":[{"href":"https:\/\/ent2d.ac-bordeaux.fr\/disciplines\/mathematiques\/wp-json\/wp\/v2\/media?parent=4277"}],"wp:term":[{"taxonomy":"category","embeddable":true,"href":"https:\/\/ent2d.ac-bordeaux.fr\/disciplines\/mathematiques\/wp-json\/wp\/v2\/categories?post=4277"},{"taxonomy":"post_tag","embeddable":true,"href":"https:\/\/ent2d.ac-bordeaux.fr\/disciplines\/mathematiques\/wp-json\/wp\/v2\/tags?post=4277"}],"curies":[{"name":"wp","href":"https:\/\/api.w.org\/{rel}","templated":true}]}}