{"id":2238,"date":"2016-10-10T13:11:27","date_gmt":"2016-10-10T12:11:27","guid":{"rendered":"https:\/\/ent2d.ac-bordeaux.fr\/disciplines\/mathematiques\/?p=2238"},"modified":"2018-02-17T02:05:11","modified_gmt":"2018-02-17T01:05:11","slug":"etude-de-fonctions-1ere-s-chap3-1-semaine","status":"publish","type":"post","link":"https:\/\/ent2d.ac-bordeaux.fr\/disciplines\/mathematiques\/etude-de-fonctions-1ere-s-chap3-1-semaine\/","title":{"rendered":"\u00c9tude de fonctions  (1\u00e8re S, chap3, 1 semaine)"},"content":{"rendered":"<p>Retour \u00e0 la <strong><a href=\"https:\/\/ent2d.ac-bordeaux.fr\/disciplines\/mathematiques\/exemple-de-progression-1ere-s\/\">progression propos\u00e9e pour la classe de 1\u00e8re S<\/a><\/strong><\/p>\n<h1>Objectifs<\/h1>\n<ul>\n<li>Fonctions racine carr\u00e9e et valeur absolue<\/li>\n<\/ul>\n<ul>\n<li>Sens de variation de <em>u<\/em>+<em>k<\/em>, <em>ku<\/em> (<em>k<\/em> r\u00e9el), racine carr\u00e9e de <em>u<\/em>, 1\/<em>u<\/em><\/li>\n<\/ul>\n<p>L\u2019\u00e9tude g\u00e9n\u00e9rale de la compos\u00e9e de deux fonctions est hors programme<\/p>\n<h1>Ressources pour activit\u00e9s, devoirs maison, \u2026<\/h1>\n<h2>Algorithmique, calcul formel<\/h2>\n<ul>\n<li><a href=\"https:\/\/ent2d.ac-bordeaux.fr\/disciplines\/mathematiques\/wp-content\/uploads\/sites\/3\/2016\/10\/dichotomie.pdf\">Dichotomie<\/a><\/li>\n<\/ul>\n<h2>Transversal<\/h2>\n<ul>\n<li><a href=\"https:\/\/ent2d.ac-bordeaux.fr\/disciplines\/mathematiques\/wp-content\/uploads\/sites\/3\/2016\/10\/cargos.pdf\">Cargos<\/a><\/li>\n<\/ul>\n","protected":false},"excerpt":{"rendered":"<p>Retour \u00e0 la progression propos\u00e9e pour la classe de 1\u00e8re S Objectifs Fonctions racine carr\u00e9e et valeur absolue Sens de variation de u+k, ku (k r\u00e9el), racine carr\u00e9e de u, 1\/u L\u2019\u00e9tude g\u00e9n\u00e9rale de la compos\u00e9e de deux fonctions est hors programme Ressources pour activit\u00e9s, devoirs maison, \u2026 Algorithmique, calcul formel Dichotomie Transversal Cargos<\/p>\n","protected":false},"author":351,"featured_media":0,"comment_status":"open","ping_status":"closed","sticky":false,"template":"","format":"standard","meta":{"_bbp_topic_count":0,"_bbp_reply_count":0,"_bbp_total_topic_count":0,"_bbp_total_reply_count":0,"_bbp_voice_count":0,"_bbp_anonymous_reply_count":0,"_bbp_topic_count_hidden":0,"_bbp_reply_count_hidden":0,"_bbp_forum_subforum_count":0,"footnotes":""},"categories":[22,27],"tags":[160,161,162,163,71],"class_list":["post-2238","post","type-post","status-publish","format-standard","hentry","category-lycee","category-voie-generale","tag-fonctions","tag-fonctions-usuelles","tag-racine-caree","tag-valeur-absolue","tag-variations","nodate","item-wrap"],"_links":{"self":[{"href":"https:\/\/ent2d.ac-bordeaux.fr\/disciplines\/mathematiques\/wp-json\/wp\/v2\/posts\/2238","targetHints":{"allow":["GET"]}}],"collection":[{"href":"https:\/\/ent2d.ac-bordeaux.fr\/disciplines\/mathematiques\/wp-json\/wp\/v2\/posts"}],"about":[{"href":"https:\/\/ent2d.ac-bordeaux.fr\/disciplines\/mathematiques\/wp-json\/wp\/v2\/types\/post"}],"author":[{"embeddable":true,"href":"https:\/\/ent2d.ac-bordeaux.fr\/disciplines\/mathematiques\/wp-json\/wp\/v2\/users\/351"}],"replies":[{"embeddable":true,"href":"https:\/\/ent2d.ac-bordeaux.fr\/disciplines\/mathematiques\/wp-json\/wp\/v2\/comments?post=2238"}],"version-history":[{"count":4,"href":"https:\/\/ent2d.ac-bordeaux.fr\/disciplines\/mathematiques\/wp-json\/wp\/v2\/posts\/2238\/revisions"}],"predecessor-version":[{"id":2296,"href":"https:\/\/ent2d.ac-bordeaux.fr\/disciplines\/mathematiques\/wp-json\/wp\/v2\/posts\/2238\/revisions\/2296"}],"wp:attachment":[{"href":"https:\/\/ent2d.ac-bordeaux.fr\/disciplines\/mathematiques\/wp-json\/wp\/v2\/media?parent=2238"}],"wp:term":[{"taxonomy":"category","embeddable":true,"href":"https:\/\/ent2d.ac-bordeaux.fr\/disciplines\/mathematiques\/wp-json\/wp\/v2\/categories?post=2238"},{"taxonomy":"post_tag","embeddable":true,"href":"https:\/\/ent2d.ac-bordeaux.fr\/disciplines\/mathematiques\/wp-json\/wp\/v2\/tags?post=2238"}],"curies":[{"name":"wp","href":"https:\/\/api.w.org\/{rel}","templated":true}]}}