{"id":10247,"date":"2025-01-06T09:15:49","date_gmt":"2025-01-06T08:15:49","guid":{"rendered":"https:\/\/ent2d.ac-bordeaux.fr\/disciplines\/mathematiques\/?p=10247"},"modified":"2025-01-06T09:16:31","modified_gmt":"2025-01-06T08:16:31","slug":"le-parcours-de-consolidation-en-bts","status":"publish","type":"post","link":"https:\/\/ent2d.ac-bordeaux.fr\/disciplines\/mathematiques\/le-parcours-de-consolidation-en-bts\/","title":{"rendered":"Le parcours de consolidation en BTS"},"content":{"rendered":"\n<p>Une des 12 mesures de la r\u00e9forme des lyc\u00e9es professionnels mise en place \u00e0 la rentr\u00e9e 2023. Tous les \u00e9tablissements offrant au moins une section de techniciens sup\u00e9rieurs seront alors invit\u00e9s \u00e0 construire <strong>un parcours de consolidation<\/strong> \u00e0 destination de leurs \u00e9tudiants et\/ou apprentis.<br>Cette mesure vise \u00e0 accompagner de<strong> mani\u00e8re individualis\u00e9e et renforc\u00e9e<\/strong> les bacheliers professionnels qui poursuivent<br>leurs \u00e9tudes en BTS.<\/p>\n\n\n\n<p>Voici un diaporama pr\u00e9sentant le dispositif qui explore des pratiques efficaces :<\/p>\n\n\n\n<div data-wp-interactive=\"core\/file\" class=\"wp-block-file\"><object data-wp-bind--hidden=\"!state.hasPdfPreview\" hidden class=\"wp-block-file__embed\" data=\"https:\/\/ent2d.ac-bordeaux.fr\/disciplines\/mathematiques\/wp-content\/uploads\/sites\/3\/2025\/01\/IA-IPR-maths-chapellier-JES-parcours-de-consolidation.pdf\" type=\"application\/pdf\" style=\"width:100%;height:600px\" aria-label=\"Contenu embarqu\u00e9 IA-IPR-maths-chapellier-JES-parcours-de-consolidation.\"><\/object><a id=\"wp-block-file--media-f8fe744f-0b16-4134-b53c-fc1cee791533\" href=\"https:\/\/ent2d.ac-bordeaux.fr\/disciplines\/mathematiques\/wp-content\/uploads\/sites\/3\/2025\/01\/IA-IPR-maths-chapellier-JES-parcours-de-consolidation.pdf\">IA-IPR-maths-chapellier-JES-parcours-de-consolidation<\/a><a href=\"https:\/\/ent2d.ac-bordeaux.fr\/disciplines\/mathematiques\/wp-content\/uploads\/sites\/3\/2025\/01\/IA-IPR-maths-chapellier-JES-parcours-de-consolidation.pdf\" class=\"wp-block-file__button wp-element-button\" download aria-describedby=\"wp-block-file--media-f8fe744f-0b16-4134-b53c-fc1cee791533\">T\u00e9l\u00e9charger<\/a><\/div>\n","protected":false},"excerpt":{"rendered":"<p>Une des 12 mesures de la r\u00e9forme des lyc\u00e9es professionnels mise en place \u00e0 la rentr\u00e9e 2023. Tous les \u00e9tablissements offrant au moins une section de techniciens sup\u00e9rieurs seront alors invit\u00e9s \u00e0 construire un parcours de consolidation \u00e0 destination de leurs \u00e9tudiants et\/ou apprentis.Cette mesure vise \u00e0 accompagner de mani\u00e8re individualis\u00e9e et renforc\u00e9e les bacheliers &hellip; <\/p>\n<p><a class=\"more-link btn\" href=\"https:\/\/ent2d.ac-bordeaux.fr\/disciplines\/mathematiques\/le-parcours-de-consolidation-en-bts\/\">Lire la suite<\/a><\/p>\n","protected":false},"author":2011,"featured_media":0,"comment_status":"closed","ping_status":"closed","sticky":false,"template":"","format":"standard","meta":{"_bbp_topic_count":0,"_bbp_reply_count":0,"_bbp_total_topic_count":0,"_bbp_total_reply_count":0,"_bbp_voice_count":0,"_bbp_anonymous_reply_count":0,"_bbp_topic_count_hidden":0,"_bbp_reply_count_hidden":0,"_bbp_forum_subforum_count":0,"footnotes":""},"categories":[7,188],"tags":[],"class_list":["post-10247","post","type-post","status-publish","format-standard","hentry","category-a-la-une","category-bts","nodate","item-wrap"],"_links":{"self":[{"href":"https:\/\/ent2d.ac-bordeaux.fr\/disciplines\/mathematiques\/wp-json\/wp\/v2\/posts\/10247","targetHints":{"allow":["GET"]}}],"collection":[{"href":"https:\/\/ent2d.ac-bordeaux.fr\/disciplines\/mathematiques\/wp-json\/wp\/v2\/posts"}],"about":[{"href":"https:\/\/ent2d.ac-bordeaux.fr\/disciplines\/mathematiques\/wp-json\/wp\/v2\/types\/post"}],"author":[{"embeddable":true,"href":"https:\/\/ent2d.ac-bordeaux.fr\/disciplines\/mathematiques\/wp-json\/wp\/v2\/users\/2011"}],"replies":[{"embeddable":true,"href":"https:\/\/ent2d.ac-bordeaux.fr\/disciplines\/mathematiques\/wp-json\/wp\/v2\/comments?post=10247"}],"version-history":[{"count":1,"href":"https:\/\/ent2d.ac-bordeaux.fr\/disciplines\/mathematiques\/wp-json\/wp\/v2\/posts\/10247\/revisions"}],"predecessor-version":[{"id":10249,"href":"https:\/\/ent2d.ac-bordeaux.fr\/disciplines\/mathematiques\/wp-json\/wp\/v2\/posts\/10247\/revisions\/10249"}],"wp:attachment":[{"href":"https:\/\/ent2d.ac-bordeaux.fr\/disciplines\/mathematiques\/wp-json\/wp\/v2\/media?parent=10247"}],"wp:term":[{"taxonomy":"category","embeddable":true,"href":"https:\/\/ent2d.ac-bordeaux.fr\/disciplines\/mathematiques\/wp-json\/wp\/v2\/categories?post=10247"},{"taxonomy":"post_tag","embeddable":true,"href":"https:\/\/ent2d.ac-bordeaux.fr\/disciplines\/mathematiques\/wp-json\/wp\/v2\/tags?post=10247"}],"curies":[{"name":"wp","href":"https:\/\/api.w.org\/{rel}","templated":true}]}}