{"id":1352,"date":"2019-03-06T09:18:57","date_gmt":"2019-03-06T08:18:57","guid":{"rendered":"https:\/\/ent2d.ac-bordeaux.fr\/disciplines\/lettres\/?p=1352"},"modified":"2019-03-06T09:18:57","modified_gmt":"2019-03-06T08:18:57","slug":"journee-arelabor","status":"publish","type":"post","link":"https:\/\/ent2d.ac-bordeaux.fr\/disciplines\/lettres\/2019\/03\/06\/journee-arelabor\/","title":{"rendered":"Journ\u00e9e ARELABOR"},"content":{"rendered":"<p>Chers coll\u00e8gues<\/p>\n<p>La journ\u00e9e annuelle de l&rsquo;ARELABOR, dont le rectorat est partenaire, se tiendra cette ann\u00e9e le \u00a0 :<\/p>\n<p>Le mercredi 29 mars\u00a0 de 9H \u00e0 17h<\/p>\n<p>Au mus\u00e9e d&rsquo;Aquitaine, cours Pasteur, Bordeaux<\/p>\n<p>Vous en trouverez le programme ci-joint.<\/p>\n<p><a href=\"https:\/\/ent2d.ac-bordeaux.fr\/disciplines\/lettres\/wp-content\/uploads\/sites\/16\/2019\/03\/programme-AG-2019.pdf\">programme AG 2019<\/a><\/p>\n<p>&nbsp;<\/p>\n","protected":false},"excerpt":{"rendered":"<p>Chers coll\u00e8gues La journ\u00e9e annuelle de l&rsquo;ARELABOR, dont le rectorat est partenaire, se tiendra cette ann\u00e9e le \u00a0 : Le mercredi 29 mars\u00a0 de 9H \u00e0 17h Au mus\u00e9e d&rsquo;Aquitaine, cours Pasteur, Bordeaux Vous en trouverez le programme ci-joint. programme AG 2019 &nbsp;<\/p>\n","protected":false},"author":55,"featured_media":0,"comment_status":"open","ping_status":"closed","sticky":false,"template":"","format":"standard","meta":{"footnotes":""},"categories":[30],"tags":[],"class_list":["post-1352","post","type-post","status-publish","format-standard","hentry","category-l-c-a"],"_links":{"self":[{"href":"https:\/\/ent2d.ac-bordeaux.fr\/disciplines\/lettres\/wp-json\/wp\/v2\/posts\/1352","targetHints":{"allow":["GET"]}}],"collection":[{"href":"https:\/\/ent2d.ac-bordeaux.fr\/disciplines\/lettres\/wp-json\/wp\/v2\/posts"}],"about":[{"href":"https:\/\/ent2d.ac-bordeaux.fr\/disciplines\/lettres\/wp-json\/wp\/v2\/types\/post"}],"author":[{"embeddable":true,"href":"https:\/\/ent2d.ac-bordeaux.fr\/disciplines\/lettres\/wp-json\/wp\/v2\/users\/55"}],"replies":[{"embeddable":true,"href":"https:\/\/ent2d.ac-bordeaux.fr\/disciplines\/lettres\/wp-json\/wp\/v2\/comments?post=1352"}],"version-history":[{"count":1,"href":"https:\/\/ent2d.ac-bordeaux.fr\/disciplines\/lettres\/wp-json\/wp\/v2\/posts\/1352\/revisions"}],"predecessor-version":[{"id":1354,"href":"https:\/\/ent2d.ac-bordeaux.fr\/disciplines\/lettres\/wp-json\/wp\/v2\/posts\/1352\/revisions\/1354"}],"wp:attachment":[{"href":"https:\/\/ent2d.ac-bordeaux.fr\/disciplines\/lettres\/wp-json\/wp\/v2\/media?parent=1352"}],"wp:term":[{"taxonomy":"category","embeddable":true,"href":"https:\/\/ent2d.ac-bordeaux.fr\/disciplines\/lettres\/wp-json\/wp\/v2\/categories?post=1352"},{"taxonomy":"post_tag","embeddable":true,"href":"https:\/\/ent2d.ac-bordeaux.fr\/disciplines\/lettres\/wp-json\/wp\/v2\/tags?post=1352"}],"curies":[{"name":"wp","href":"https:\/\/api.w.org\/{rel}","templated":true}]}}