{"id":6050,"date":"2025-08-26T11:50:00","date_gmt":"2025-08-26T10:50:00","guid":{"rendered":"https:\/\/ent2d.ac-bordeaux.fr\/disciplines\/lettres-histoire\/?p=6050"},"modified":"2025-08-26T11:55:33","modified_gmt":"2025-08-26T10:55:33","slug":"clemi-infolettres","status":"publish","type":"post","link":"https:\/\/ent2d.ac-bordeaux.fr\/disciplines\/lettres-histoire\/clemi-infolettres\/","title":{"rendered":"CLEMI &#8211; INFOlettre"},"content":{"rendered":"\n<figure class=\"wp-block-table\"><table><tbody><tr><td class=\"has-text-align-left\" data-align=\"left\">La rentr\u00e9e approche, et si vous mettiez cette nouvelle ann\u00e9e scolaire sous le signe de l\u2019\u00e9ducation aux m\u00e9dias&nbsp;et \u00e0 l\u2019information (EMI). Faire de l\u2019EMI, c\u2019est offrir \u00e0 vos \u00e9l\u00e8ves les&nbsp;cl\u00e9s&nbsp;pour&nbsp;<strong>d\u00e9velopper leur esprit critique<\/strong>,&nbsp;<strong>comprendre le monde qui les entoure<\/strong>&nbsp;et&nbsp;<strong>analyser les informations qu\u2019ils re\u00e7oivent<\/strong>. &nbsp; Comment&nbsp;<strong>int\u00e9grer l\u2019\u00c9ducation aux M\u00e9dias et \u00e0 l\u2019Information<\/strong>&nbsp;dans votre projet p\u00e9dagogique de l\u2019ann\u00e9e, de la maternelle au lyc\u00e9e&nbsp;? Pour vous aider \u00e0 d\u00e9marrer et pour vous accompagner dans vos projets, voici une s\u00e9lection de ressources, de formations, de projets p\u00e9dagogiques que vous pourrez suivre ou mener toute l\u2019ann\u00e9e. Nous vous souhaitons une tr\u00e8s bonne ann\u00e9e scolaire&nbsp;! &nbsp;<\/td><\/tr><\/tbody><\/table><\/figure>\n\n\n\n<figure class=\"wp-block-table\"><table><tbody><tr><td><strong>Les Formations<\/strong><\/td><\/tr><\/tbody><\/table><\/figure>\n\n\n\n<figure class=\"wp-block-table\"><table><tbody><tr><td class=\"has-text-align-left\" data-align=\"left\">Toute l\u2019ann\u00e9e,&nbsp;<strong>des stages pratiques, des parcours d\u2019auto-formations<\/strong>&nbsp;(e-INSP\u00c9 et Magist\u00e8re),&nbsp;<strong>des guides, vad\u00e9m\u00e9cums<\/strong>&nbsp;et&nbsp;<strong>les cycles \u00ab&nbsp;les Invit\u00e9s du CLEMI \u00bb&nbsp;<\/strong>vous sont propos\u00e9s par le CLEMI et son r\u00e9seau acad\u00e9mique. Autant d&#8217;outils et de moyens \u00e0 votre disposition pour ma\u00eetriser les notions cl\u00e9s de l\u2019EMI et les int\u00e9grer en classe. &nbsp; <strong>Les parcours existants, \u00e0 faire d\u00e8s la rentr\u00e9e :<\/strong> <a href=\"https:\/\/link.email.clemi.fr\/m\/ml\/200288\/539956\/OsHIYNuJNLf7jAscvjG5ew==\/uTJsPwBvTe4xqW2GgAYvCnh2U9NMxUYHNcQjK+aiMys=\/\" target=\"_blank\" rel=\"noreferrer noopener\">Les d\u00e9sordres de l\u2019information : comment les aborder avec les \u00e9l\u00e8ves ?<\/a> <a href=\"https:\/\/link.email.clemi.fr\/m\/ml\/200288\/539956\/OsHIYNuJNLf7jAscvjG5ew==\/uTJsPwBvTe4xqW2GgAYvCnh2U9NMxUYH4+CXGEkH3U8=\/\" target=\"_blank\" rel=\"noreferrer noopener\">Construction de l\u2019information : comment l\u2019expliquer aux \u00e9l\u00e8ves ?<\/a> <a href=\"https:\/\/link.email.clemi.fr\/m\/ml\/200288\/539956\/OsHIYNuJNLf7jAscvjG5ew==\/uTJsPwBvTe4xqW2GgAYvCnh2U9NMxUYHaX-qz1x8Xd8=\/\" target=\"_blank\" rel=\"noreferrer noopener\">Hi\u00e9rarchisation de l\u2019information : comment la faire comprendre aux \u00e9l\u00e8ves ?<\/a> <a href=\"https:\/\/link.email.clemi.fr\/m\/ml\/200288\/539956\/OsHIYNuJNLf7jAscvjG5ew==\/uTJsPwBvTe4xqW2GgAYvCnh2U9NMxUYHNKkQ5GWEE6Y=\/\" target=\"_blank\" rel=\"noreferrer noopener\">Dessin de presse : comment l\u2019aborder avec les \u00e9l\u00e8ves ?<\/a> &nbsp; <strong>Rendez-vous mi-septembre pour d\u00e9couvrir 3 nouveaux parcours<\/strong>&nbsp;: D\u00e9sinformation et ing\u00e9rences num\u00e9riques \u00e9trang\u00e8res, avec VIGINUM. D\u00e9couverte du journalisme scientifique. R\u00e9alisation d\u2019une vid\u00e9o d\u2019information avec les \u00e9l\u00e8ves.<\/td><\/tr><\/tbody><\/table><\/figure>\n\n\n\n<figure class=\"wp-block-table\"><table><tbody><tr><td class=\"has-text-align-center\" data-align=\"center\"><a href=\"https:\/\/link.email.clemi.fr\/m\/ml\/200288\/539956\/OsHIYNuJNLf7jAscvjG5ew==\/uTJsPwBvTe4xqW2GgAYvCnh2U9NMxUYH76UgKy5K704=\/\" target=\"_blank\" rel=\"noreferrer noopener\"><strong>Je me forme avec le CLEMI<\/strong><\/a><\/td><\/tr><\/tbody><\/table><\/figure>\n\n\n\n<figure class=\"wp-block-table\"><table><tbody><tr><td><strong>Les Ressources\u00a0<\/strong><\/td><\/tr><\/tbody><\/table><\/figure>\n\n\n\n<figure class=\"wp-block-table\"><table><tbody><tr><td class=\"has-text-align-left\" data-align=\"left\"><strong>Fiches p\u00e9dagogiques, fiches m\u00e9mos, dossiers th\u00e9matiques<\/strong>&nbsp;de la Semaine de la presse,&nbsp;<strong>guides pratiques<\/strong>&nbsp;th\u00e9matiques&#8230; Le site du CLEMI regorge de contenus pour vous aider \u00e0 la conception de vos s\u00e9quences p\u00e9dagogiques ou pour vous proposer des s\u00e9ances cl\u00e9s en main. &nbsp; Recherches par cycle, par th\u00e9matique, par type de contenu ou de ressource, vous d\u00e9couvriez des centaines de fiches et vid\u00e9os. &nbsp; Nouveaut\u00e9&nbsp;! rendez-vous d\u00e9but octobre pour&nbsp;le lancement d\u2019un&nbsp;<strong>4\u1d49 sc\u00e9nario Classe Investigation<\/strong>&nbsp;! Le jeu embarque les \u00e9l\u00e8ves vers l\u2019Amazonie, au sein d\u2019un consortium de journalistes.<\/td><\/tr><\/tbody><\/table><\/figure>\n\n\n\n<figure class=\"wp-block-table\"><table><tbody><tr><td class=\"has-text-align-left\" data-align=\"left\"><strong>Les Essentiels de l\u2019\u00e9ducation aux m\u00e9dias et \u00e0 l\u2019information<\/strong><br><br>Aborder les enjeux cl\u00e9s avec des fiches infos ou m\u00e9mo class\u00e9es par th\u00e8me, cycle et comp\u00e9tence. <a href=\"https:\/\/link.email.clemi.fr\/m\/ml\/200288\/539956\/OsHIYNuJNLf7jAscvjG5ew==\/uTJsPwBvTe4xqW2GgAYvCnh2U9NMxUYHKNc1ltw3x6o=\/\" target=\"_blank\" rel=\"noreferrer noopener\">\u00c7a m&#8217;int\u00e9resse<\/a><br> <strong>Les Rep\u00e8res de l\u2019EMI dans le 1er\u00a0degr\u00e9<\/strong><br><br>Un parcours progressif, d\u00e8s la maternelle, structur\u00e9 autour de 4 grands th\u00e8mes et 9 comp\u00e9tences. <a href=\"https:\/\/link.email.clemi.fr\/m\/ml\/200288\/539956\/OsHIYNuJNLf7jAscvjG5ew==\/uTJsPwBvTe4xqW2GgAYvCnh2U9NMxUYHIBF99K8+vEE=\/\" target=\"_blank\" rel=\"noreferrer noopener\">\u00c7a m&#8217;int\u00e9resse<\/a><br> <strong>La s\u00e9rie de ressources p\u00e9dagogiques #EnClasse<\/strong><br><br>6 s\u00e9quences cl\u00e9 en main sur des th\u00e9matiques vari\u00e9es, comme le commentaire sportif. <a href=\"https:\/\/link.email.clemi.fr\/m\/ml\/200288\/539956\/OsHIYNuJNLf7jAscvjG5ew==\/uTJsPwBvTe4xqW2GgAYvCnh2U9NMxUYH50GLC1Ih5bs=\/\" target=\"_blank\" rel=\"noreferrer noopener\">\u00c7a m&#8217;int\u00e9resse<\/a><\/td><\/tr><\/tbody><\/table><\/figure>\n\n\n\n<figure class=\"wp-block-table\"><table><tbody><tr><td>&nbsp;<\/td><\/tr><\/tbody><\/table><\/figure>\n\n\n\n<figure class=\"wp-block-table\"><table><tbody><tr><td><strong>Les m\u00e9dias scolaires<\/strong><\/td><\/tr><\/tbody><\/table><\/figure>\n\n\n\n<figure class=\"wp-block-table\"><table><tbody><tr><td class=\"has-text-align-left\" data-align=\"left\">Et si cette ann\u00e9e, vous vous initiez ou renforciez un projet de m\u00e9dia scolaire&nbsp;? Le CLEMI vous propose des&nbsp;<strong>guides pratiques, des formations et des concours d\u00e9di\u00e9s.<\/strong> Faites coh\u00e9sion avec votre classe en lan\u00e7ant votre m\u00e9dia et pr\u00e9sentez-le \u00e0 l&#8217;un de nos concours nationaux, M\u00e9diatiks ou Z\u00e9roClich\u00e9 !<\/td><\/tr><\/tbody><\/table><\/figure>\n\n\n\n<figure class=\"wp-block-table aligncenter\"><table><tbody><tr><td class=\"has-text-align-center\" data-align=\"center\"><a href=\"https:\/\/link.email.clemi.fr\/m\/ml\/200288\/539956\/OsHIYNuJNLf7jAscvjG5ew==\/uTJsPwBvTe4xqW2GgAYvCnh2U9NMxUYHm9vJcG4QOC4=\/\" target=\"_blank\" rel=\"noreferrer noopener\"><strong>Je veux cr\u00e9er mon m\u00e9dia scolaire<\/strong><\/a><\/td><\/tr><\/tbody><\/table><\/figure>\n\n\n\n<figure class=\"wp-block-table\"><table><tbody><tr><td>&nbsp;<\/td><\/tr><\/tbody><\/table><\/figure>\n\n\n\n<figure class=\"wp-block-table\"><table><tbody><tr><td><strong>La Semaine de la presse et des m\u00e9dias dans l&#8217;\u00c9cole<\/strong><\/td><\/tr><\/tbody><\/table><\/figure>\n\n\n\n<figure class=\"wp-block-table\"><table><tbody><tr><td class=\"has-text-align-left\" data-align=\"left\"><strong>Du 23 au 28 mars 2026, c\u2019est la Semaine de la presse et des m\u00e9dias dans l\u2019\u00c9cole (SPME).<\/strong> C\u2019est LE temps fort de l\u2019EMI dans les \u00e9tablissements. Partez avec vos \u00e9l\u00e8ves \u00e0 la&nbsp;<strong>d\u00e9couverte du monde des m\u00e9dias<\/strong>, de la<strong>&nbsp;diversit\u00e9 des sources d\u2019information<\/strong>, de la<strong>&nbsp;pluralit\u00e9 des formats&nbsp;<\/strong>et des<strong>&nbsp;points de vue<\/strong>, gr\u00e2ce \u00e0 la mobilisation de centaines de partenaires.<br><br>Acc\u00e9der \u00e0 des centaines d\u2019offres num\u00e9riques et en ligne pour faire de l\u2019EMI tout en \u00e9tant accompagn\u00e9 par le CLEMI :&nbsp;<strong>dossiers et fiches p\u00e9dagogiques, guide de rencontres<\/strong>&#8230;<\/td><\/tr><\/tbody><\/table><\/figure>\n\n\n\n<figure class=\"wp-block-table\"><table><tbody><tr><td>&nbsp;<\/td><\/tr><\/tbody><\/table><\/figure>\n\n\n\n<figure class=\"wp-block-table\"><table><tbody><tr><td>Un coordonnateur ou une coordonnatrice CLEMI, et son \u00e9quipe de formateurs et formatrices sont \u00e0 vos c\u00f4t\u00e9s pour vous accompagner dans vos projets toute l&#8217;ann\u00e9e. <a><\/a><a href=\"https:\/\/link.email.clemi.fr\/m\/ml\/200288\/539956\/OsHIYNuJNLf7jAscvjG5ew==\/uTJsPwBvTe4xqW2GgAYvCnh2U9NMxUYHuPEvQM-HFDo=\/\" target=\"_blank\" rel=\"noreferrer noopener\"><strong>Je trouve mon coordonnateur<\/strong><\/a><\/td><\/tr><\/tbody><\/table><\/figure>\n\n\n\n<figure class=\"wp-block-table\"><table><tbody><tr><td><\/td><\/tr><\/tbody><\/table><\/figure>\n\n\n\n<figure class=\"wp-block-table\"><table><tbody><tr><td>N\u2019h\u00e9sitez pas \u00e0 partager cette infolettre \u00e0 vos contacts et&nbsp;<a href=\"https:\/\/link.email.clemi.fr\/m\/ml\/200288\/539956\/OsHIYNuJNLf7jAscvjG5ew==\/uTJsPwBvTe4xqW2GgAYvCnh2U9NMxUYHh6T1poO3Z34=\/\" target=\"_blank\" rel=\"noreferrer noopener\">inscrivez-vous pour suivre toute l\u2019ann\u00e9e notre actualit\u00e9<\/a>.&nbsp;<\/td><\/tr><\/tbody><\/table><\/figure>\n","protected":false},"excerpt":{"rendered":"<p>La rentr\u00e9e approche, et si vous mettiez cette nouvelle ann\u00e9e scolaire sous le signe de l\u2019\u00e9ducation aux m\u00e9dias&nbsp;et \u00e0 l\u2019information<\/p>\n","protected":false},"author":10,"featured_media":5618,"comment_status":"closed","ping_status":"closed","sticky":false,"template":"","format":"standard","meta":{"_bbp_topic_count":0,"_bbp_reply_count":0,"_bbp_total_topic_count":0,"_bbp_total_reply_count":0,"_bbp_voice_count":0,"_bbp_anonymous_reply_count":0,"_bbp_topic_count_hidden":0,"_bbp_reply_count_hidden":0,"_bbp_forum_subforum_count":0,"footnotes":""},"categories":[3],"tags":[],"class_list":["post-6050","post","type-post","status-publish","format-standard","has-post-thumbnail","hentry","category-actualites"],"_links":{"self":[{"href":"https:\/\/ent2d.ac-bordeaux.fr\/disciplines\/lettres-histoire\/wp-json\/wp\/v2\/posts\/6050","targetHints":{"allow":["GET"]}}],"collection":[{"href":"https:\/\/ent2d.ac-bordeaux.fr\/disciplines\/lettres-histoire\/wp-json\/wp\/v2\/posts"}],"about":[{"href":"https:\/\/ent2d.ac-bordeaux.fr\/disciplines\/lettres-histoire\/wp-json\/wp\/v2\/types\/post"}],"author":[{"embeddable":true,"href":"https:\/\/ent2d.ac-bordeaux.fr\/disciplines\/lettres-histoire\/wp-json\/wp\/v2\/users\/10"}],"replies":[{"embeddable":true,"href":"https:\/\/ent2d.ac-bordeaux.fr\/disciplines\/lettres-histoire\/wp-json\/wp\/v2\/comments?post=6050"}],"version-history":[{"count":3,"href":"https:\/\/ent2d.ac-bordeaux.fr\/disciplines\/lettres-histoire\/wp-json\/wp\/v2\/posts\/6050\/revisions"}],"predecessor-version":[{"id":6054,"href":"https:\/\/ent2d.ac-bordeaux.fr\/disciplines\/lettres-histoire\/wp-json\/wp\/v2\/posts\/6050\/revisions\/6054"}],"wp:featuredmedia":[{"embeddable":true,"href":"https:\/\/ent2d.ac-bordeaux.fr\/disciplines\/lettres-histoire\/wp-json\/wp\/v2\/media\/5618"}],"wp:attachment":[{"href":"https:\/\/ent2d.ac-bordeaux.fr\/disciplines\/lettres-histoire\/wp-json\/wp\/v2\/media?parent=6050"}],"wp:term":[{"taxonomy":"category","embeddable":true,"href":"https:\/\/ent2d.ac-bordeaux.fr\/disciplines\/lettres-histoire\/wp-json\/wp\/v2\/categories?post=6050"},{"taxonomy":"post_tag","embeddable":true,"href":"https:\/\/ent2d.ac-bordeaux.fr\/disciplines\/lettres-histoire\/wp-json\/wp\/v2\/tags?post=6050"}],"curies":[{"name":"wp","href":"https:\/\/api.w.org\/{rel}","templated":true}]}}