{"id":6045,"date":"2025-07-14T06:20:00","date_gmt":"2025-07-14T05:20:00","guid":{"rendered":"https:\/\/ent2d.ac-bordeaux.fr\/disciplines\/lettres-histoire\/?p=6045"},"modified":"2025-08-26T06:28:00","modified_gmt":"2025-08-26T05:28:00","slug":"la-lettre-dinformation-de-geoconfluences-juillet-2025","status":"publish","type":"post","link":"https:\/\/ent2d.ac-bordeaux.fr\/disciplines\/lettres-histoire\/la-lettre-dinformation-de-geoconfluences-juillet-2025\/","title":{"rendered":"La lettre d\u2019information de G\u00e9oconfluences \u2013 juillet 2025"},"content":{"rendered":"\n<figure class=\"wp-block-table\"><table><tbody><tr><td class=\"has-text-align-left\" data-align=\"left\" colspan=\"3\">Bonjour, Les vacances sont arriv\u00e9es. D&#8217;aucuns s\u00e9journeront dans un d\u00e9cor de cin\u00e9ma transform\u00e9 en parc d&#8217;attractions, comme dans notre image \u00e0 la une du mois de juillet, \u00e0 Malte. Beaucoup passeront une partie de leur temps sur internet, mobilisant alors les centres de donn\u00e9es ou \u00ab&nbsp;<em>data centers<\/em>&nbsp;\u00bb \u00e9tudi\u00e9s dans un article de Laurent Carrou\u00e9. D&#8217;autres commencent peut-\u00eatre d\u00e9j\u00e0 \u00e0 d\u00e9fricher les questions au programme des concours, pour lesquelles nous vous proposons deux nouvelles bibliographies indicatives&nbsp;: l&#8217;une sur le Pacifique et l&#8217;autre sur l&#8217;\u00c9tat, objet g\u00e9ographique. En vous souhaitant une bonne lecture et de tr\u00e8s bonnes vacances,<br>Jean-Beno\u00eet Bouron et Yves-Fran\u00e7ois Le Lay, pour l&#8217;\u00e9quipe enseignante de g\u00e9ographie de l&#8217;ENS de Lyon.<\/td><td class=\"has-text-align-left\" data-align=\"left\">&nbsp;<\/td><\/tr><tr><td class=\"has-text-align-left\" data-align=\"left\" colspan=\"3\"><\/td><td class=\"has-text-align-left\" data-align=\"left\">&nbsp;<\/td><\/tr><tr><td class=\"has-text-align-left\" data-align=\"left\" colspan=\"3\"><strong>Image \u00e0 la une. De l\u2019espace fictionnel \u00e0 l\u2019espace touristique : Sweethaven \u00e0 Malte<\/strong><\/td><td class=\"has-text-align-left\" data-align=\"left\">&nbsp;<\/td><\/tr><tr><td class=\"has-text-align-left\" data-align=\"left\"><a href=\"https:\/\/geoconfluences.ens-lyon.fr\/informations-scientifiques\/a-la-une\/image-a-la-une\/de-l-espace-fictionnel-a-l-espace-touristique-sweethaven-a-malte\"><\/a><br>\u00c0 la une<\/td><td class=\"has-text-align-left\" data-align=\"left\" colspan=\"3\">Par&nbsp;<strong>Nicolas Marichez<\/strong> Le village de Popeye, \u00e0 Malte, est un village de p\u00eacheurs en bois enti\u00e8rement factice, construit au fond d\u2019une baie rocheuse pour les besoins d&#8217;un film dans les ann\u00e9es 1980. Longtemps abandonn\u00e9, le site, restaur\u00e9 et transform\u00e9 en parc \u00e0 th\u00e8me, est devenu un p\u00f4le touristique majeur de l\u2019\u00eele. Le paysage a \u00e9t\u00e9 enti\u00e8rement fa\u00e7onn\u00e9 par et pour le cin\u00e9ma, avant d&#8217;\u00eatre remodel\u00e9 par le tourisme afin de convertir un h\u00e9ritage subi (une friche cin\u00e9matographique) en activit\u00e9 \u00e9conomique rentable (une attraction touristique). <strong><a href=\"https:\/\/geoconfluences.ens-lyon.fr\/informations-scientifiques\/a-la-une\/image-a-la-une\/de-l-espace-fictionnel-a-l-espace-touristique-sweethaven-a-malte\" target=\"_blank\" rel=\"noreferrer noopener\">&gt; Lire l&#8217;article<\/a><\/strong><\/td><\/tr><tr><td class=\"has-text-align-left\" data-align=\"left\" colspan=\"3\"><strong>L\u2019essor des centres de donn\u00e9es : intelligence artificielle, cyberespace, pouvoir et territoire<\/strong><\/td><td class=\"has-text-align-left\" data-align=\"left\">&nbsp;<\/td><\/tr><tr><td class=\"has-text-align-left\" data-align=\"left\" colspan=\"2\"><a href=\"https:\/\/geoconfluences.ens-lyon.fr\/informations-scientifiques\/dossiers-thematiques\/geographie-critique-des-ressources\/articles\/centres-de-donnees-intelligence-artificielle-cyberespace-pouvoir-et-territoire\"><\/a><br>Article scientifique<\/td><td class=\"has-text-align-left\" data-align=\"left\">Par&nbsp;<strong>Laurent Carrou\u00e9<\/strong> Faire une requ\u00eate sur une interface d\u2019intelligence artificielle est en train de devenir un geste banal. Pourtant, il s\u2019agit d\u2019une r\u00e9volution technologique qui a des effets spatiaux majeurs&nbsp;: le stockage de donn\u00e9es devient un poste majeur d\u2019\u00e9missions de carbone \u00e0 l\u2019\u00e9chelle mondiale. Cette r\u00e9volution dessine \u00e9galement une g\u00e9ographie des hi\u00e9rarchies mondiales et des rapports de force qui pose des questions de s\u00e9curit\u00e9 et de souverainet\u00e9, tant entre territoires locaux et entre m\u00e9tropoles qu\u2019entre entreprises et entre \u00c9tats. <strong><a href=\"https:\/\/geoconfluences.ens-lyon.fr\/informations-scientifiques\/dossiers-thematiques\/geographie-critique-des-ressources\/articles\/centres-de-donnees-intelligence-artificielle-cyberespace-pouvoir-et-territoire\" target=\"_blank\" rel=\"noreferrer noopener\">&gt; Lire l&#8217;article<\/a><\/strong><\/td><td>&nbsp;<\/td><\/tr><tr><td class=\"has-text-align-left\" data-align=\"left\" colspan=\"3\"><strong>Le Pacifique : bibliographie indicative<\/strong><\/td><td class=\"has-text-align-left\" data-align=\"left\">&nbsp;<\/td><\/tr><tr><td class=\"has-text-align-left\" data-align=\"left\" colspan=\"2\"><a href=\"https:\/\/geoconfluences.ens-lyon.fr\/programmes\/concours\/pacifique-biblio\"><\/a><br>Bibliographie<\/td><td class=\"has-text-align-left\" data-align=\"left\">Des indications bibliographiques pour pr\u00e9parer la question au programme de l&#8217;agr\u00e9gation de g\u00e9ographie 2026, du CAPES (bac+5) 2027, et du CAPLP 2027. <strong><a href=\"https:\/\/geoconfluences.ens-lyon.fr\/programmes\/concours\/pacifique-biblio\" target=\"_blank\" rel=\"noreferrer noopener\">&gt; Acc\u00e9der \u00e0 la bibliographie<\/a><\/strong><\/td><td>&nbsp;<\/td><\/tr><tr><td class=\"has-text-align-left\" data-align=\"left\" colspan=\"3\"><strong>L&#8217;\u00c9tat, objet g\u00e9ographique : bibliographie indicative<\/strong><\/td><td class=\"has-text-align-left\" data-align=\"left\">&nbsp;<\/td><\/tr><tr><td class=\"has-text-align-left\" data-align=\"left\" colspan=\"2\"><a href=\"https:\/\/geoconfluences.ens-lyon.fr\/programmes\/concours\/l-etat-objet-geographique-biblio\"><\/a><br>Bibliographie<\/td><td class=\"has-text-align-left\" data-align=\"left\">Des indications bibliographiques pour pr\u00e9parer la question au programme de l&#8217;agr\u00e9gation externe de g\u00e9ographie 2026. <strong><a href=\"https:\/\/geoconfluences.ens-lyon.fr\/programmes\/concours\/l-etat-objet-geographique-biblio\" target=\"_blank\" rel=\"noreferrer noopener\">&gt; Acc\u00e9der \u00e0 la bibliographie<\/a><\/strong><\/td><td>&nbsp;<\/td><\/tr><tr><td class=\"has-text-align-left\" data-align=\"left\" colspan=\"3\"><strong>Il y a 5 ans\u00a0: \u00ab\u00a0Les migrations environnementales\u00a0: un nouvel objet d\u2019enseignement\u00a0\u00bb<\/strong><\/td><td class=\"has-text-align-left\" data-align=\"left\">&nbsp;<\/td><\/tr><tr><td class=\"has-text-align-left\" data-align=\"left\" colspan=\"2\"><a href=\"https:\/\/geoconfluences.ens-lyon.fr\/informations-scientifiques\/dossiers-thematiques\/changement-global\/articles-scientifiques\/migrations-environnementales\"><\/a><br>Il y a 5 ans<\/td><td class=\"has-text-align-left\" data-align=\"left\">En juillet 2020, par&nbsp;<strong>Bernadette M\u00e9renne-Schoumaker<\/strong> \u00c0 partir d&#8217;id\u00e9es re\u00e7ues sur les migrants climatiques et environnementaux, l&#8217;autrice examine la difficult\u00e9 \u00e0 nommer et \u00e0 quantifier ce ph\u00e9nom\u00e8ne avant de faire le point sur l&#8217;\u00e9tat actuel des connaissances. Elle montre ensuite comment cette question peut s&#8217;ins\u00e9rer dans les programmes de g\u00e9ographie de l&#8217;enseignement secondaire. Une place particuli\u00e8re est accord\u00e9e aux documents, aux outils et aux d\u00e9marches possibles. <strong><a href=\"https:\/\/geoconfluences.ens-lyon.fr\/informations-scientifiques\/dossiers-thematiques\/changement-global\/articles-scientifiques\/migrations-environnementales\" target=\"_blank\" rel=\"noreferrer noopener\">&gt; (Re)lire l&#8217;article<\/a><\/strong><\/td><td>&nbsp;<\/td><\/tr><tr><td class=\"has-text-align-left\" data-align=\"left\" colspan=\"3\"><em>Un regard quotidien sur l&#8217;actualit\u00e9 g\u00e9ographique.<\/em><\/td><td class=\"has-text-align-left\" data-align=\"left\">&nbsp;<\/td><\/tr><tr><td class=\"has-text-align-left\" data-align=\"left\" colspan=\"2\">Climat<br><br><\/td><td class=\"has-text-align-left\" data-align=\"left\"><a href=\"https:\/\/geoconfluences.ens-lyon.fr\/actualites\/veille\/breves\/juin-serait-il-en-passe-de-devenir-le-nouveau-aout-une-actualite-brulante\" target=\"_blank\" rel=\"noreferrer noopener\"><strong>Juin serait-il en passe de devenir le nouvel ao\u00fbt&nbsp;? Une actualit\u00e9 br\u00fblante<\/strong><\/a> <strong>Par Victor Piganiol.<\/strong>&nbsp;Les vagues de chaleur, de plus en plus fr\u00e9quentes et de plus en plus pr\u00e9coces dans l&#8217;ann\u00e9e, redessinent la compr\u00e9hension du climat dit &#8220;temp\u00e9r\u00e9&#8221; en France continentale.<\/td><td>&nbsp;<\/td><\/tr><tr><td class=\"has-text-align-left\" data-align=\"left\" colspan=\"2\">&nbsp;<\/td><td class=\"has-text-align-left\" data-align=\"left\">&gt;&nbsp;<a href=\"https:\/\/geoconfluences.ens-lyon.fr\/actualites\/veille\">Voir toutes les actualit\u00e9s r\u00e9centes<\/a><\/td><td>&nbsp;<\/td><\/tr><\/tbody><\/table><\/figure>\n","protected":false},"excerpt":{"rendered":"<p>Bonjour, Les vacances sont arriv\u00e9es. D&#8217;aucuns s\u00e9journeront dans un d\u00e9cor de cin\u00e9ma transform\u00e9 en parc d&#8217;attractions, comme dans notre image<\/p>\n","protected":false},"author":10,"featured_media":5595,"comment_status":"closed","ping_status":"closed","sticky":false,"template":"","format":"standard","meta":{"_bbp_topic_count":0,"_bbp_reply_count":0,"_bbp_total_topic_count":0,"_bbp_total_reply_count":0,"_bbp_voice_count":0,"_bbp_anonymous_reply_count":0,"_bbp_topic_count_hidden":0,"_bbp_reply_count_hidden":0,"_bbp_forum_subforum_count":0,"footnotes":""},"categories":[3],"tags":[],"class_list":["post-6045","post","type-post","status-publish","format-standard","has-post-thumbnail","hentry","category-actualites"],"_links":{"self":[{"href":"https:\/\/ent2d.ac-bordeaux.fr\/disciplines\/lettres-histoire\/wp-json\/wp\/v2\/posts\/6045","targetHints":{"allow":["GET"]}}],"collection":[{"href":"https:\/\/ent2d.ac-bordeaux.fr\/disciplines\/lettres-histoire\/wp-json\/wp\/v2\/posts"}],"about":[{"href":"https:\/\/ent2d.ac-bordeaux.fr\/disciplines\/lettres-histoire\/wp-json\/wp\/v2\/types\/post"}],"author":[{"embeddable":true,"href":"https:\/\/ent2d.ac-bordeaux.fr\/disciplines\/lettres-histoire\/wp-json\/wp\/v2\/users\/10"}],"replies":[{"embeddable":true,"href":"https:\/\/ent2d.ac-bordeaux.fr\/disciplines\/lettres-histoire\/wp-json\/wp\/v2\/comments?post=6045"}],"version-history":[{"count":4,"href":"https:\/\/ent2d.ac-bordeaux.fr\/disciplines\/lettres-histoire\/wp-json\/wp\/v2\/posts\/6045\/revisions"}],"predecessor-version":[{"id":6049,"href":"https:\/\/ent2d.ac-bordeaux.fr\/disciplines\/lettres-histoire\/wp-json\/wp\/v2\/posts\/6045\/revisions\/6049"}],"wp:featuredmedia":[{"embeddable":true,"href":"https:\/\/ent2d.ac-bordeaux.fr\/disciplines\/lettres-histoire\/wp-json\/wp\/v2\/media\/5595"}],"wp:attachment":[{"href":"https:\/\/ent2d.ac-bordeaux.fr\/disciplines\/lettres-histoire\/wp-json\/wp\/v2\/media?parent=6045"}],"wp:term":[{"taxonomy":"category","embeddable":true,"href":"https:\/\/ent2d.ac-bordeaux.fr\/disciplines\/lettres-histoire\/wp-json\/wp\/v2\/categories?post=6045"},{"taxonomy":"post_tag","embeddable":true,"href":"https:\/\/ent2d.ac-bordeaux.fr\/disciplines\/lettres-histoire\/wp-json\/wp\/v2\/tags?post=6045"}],"curies":[{"name":"wp","href":"https:\/\/api.w.org\/{rel}","templated":true}]}}