{"id":6009,"date":"2025-07-01T12:37:06","date_gmt":"2025-07-01T11:37:06","guid":{"rendered":"https:\/\/ent2d.ac-bordeaux.fr\/disciplines\/lettres-histoire\/?p=6009"},"modified":"2025-07-01T12:39:49","modified_gmt":"2025-07-01T11:39:49","slug":"la-lettre-dinformation-de-geoconfluences-juin-2025","status":"publish","type":"post","link":"https:\/\/ent2d.ac-bordeaux.fr\/disciplines\/lettres-histoire\/la-lettre-dinformation-de-geoconfluences-juin-2025\/","title":{"rendered":"La lettre d&#8217;information de G\u00e9oconfluences \u2013 juin 2025"},"content":{"rendered":"\n<figure class=\"wp-block-table alignleft\"><table><tbody><tr><td class=\"has-text-align-left\" data-align=\"left\" colspan=\"2\">Bonjour, \u00c0 l&#8217;approche des cong\u00e9s d&#8217;\u00e9t\u00e9, nous vous proposons un peu plus de lecture que d&#8217;habitude : une carte \u00e0 la une sur les in\u00e9galit\u00e9s de PIB, un article sur le surtourisme \u00e0 Venise, un texte sur la gentrification rurale dans le Montana, une synth\u00e8se sur les villes en Am\u00e9rique latine, une exploration de l&#8217;int\u00e9rieur br\u00e9silien \u00e0 travers l&#8217;histoire d&#8217;un fort frontalier, et une analyse de l&#8217;origine de l&#8217;expression \u00ab mondes indiens \u00bb. Le mois de juin est aussi, traditionnellement, celui des bibliographies de concours. En vous souhaitant une bonne lecture et, d&#8217;avance, de tr\u00e8s bonnes vacances, Jean-Beno\u00eet Bouron et Yves-Fran\u00e7ois Le Lay, pour l&#8217;\u00e9quipe enseignante de g\u00e9ographie de l&#8217;ENS de Lyon.<\/td><\/tr><tr><td class=\"has-text-align-left\" data-align=\"left\" colspan=\"2\"><\/td><\/tr><tr><td class=\"has-text-align-left\" data-align=\"left\" colspan=\"2\"><strong>Carte \u00e0 la une. Rattrapage ou creusement des in\u00e9galit\u00e9s de PIB par habitant entre pays du Monde ? Analyse de trajectoires<\/strong><\/td><\/tr><tr><td class=\"has-text-align-left\" data-align=\"left\"><a href=\"https:\/\/geoconfluences.ens-lyon.fr\/informations-scientifiques\/a-la-une\/carte-a-la-une\/rattrapage-ou-creusement-des-inegalites-pib-hab-entre-pays\"><\/a><br><\/td><td class=\"has-text-align-left\" data-align=\"left\">Par&nbsp;<strong>Jean-Beno\u00eet Bouron et H\u00e9l\u00e8ne Mathian<\/strong> On exprime souvent l&#8217;\u00e9volution du PIB par habitant avec des taux de croissance. Ils montrent un enrichissement relatif des pays les plus pauvres par rapport aux plus riches. La carte propos\u00e9e ici montre la position des pays, selon leur PIB par habitant, en fonction de la moyenne mondiale en 2003 et en 2023. Malgr\u00e9 une forte croissance de leur PIB par habitant, les pays les plus pauvres s\u2019\u00e9loignent de la moyenne mondiale, en raison d\u2019une croissance d\u00e9mographique encore plus forte. <strong><a href=\"https:\/\/geoconfluences.ens-lyon.fr\/informations-scientifiques\/a-la-une\/carte-a-la-une\/rattrapage-ou-creusement-des-inegalites-pib-hab-entre-pays\" target=\"_blank\" rel=\"noreferrer noopener\">&gt; Lire l&#8217;article<\/a><\/strong><\/td><\/tr><tr><td class=\"has-text-align-left\" data-align=\"left\" colspan=\"2\"> <strong>(Sur)vivre dans une ville touristique : les effets socio-spatiaux du surtourisme dans le centre historique de Venise<\/strong><\/td><\/tr><tr><td class=\"has-text-align-left\" data-align=\"left\"><a href=\"\/Users\/jbouron\/Documents\/Lettre%20d'info\/geoconfluences.ens-lyon.fr\/informations-scientifiques\/dossiers-thematiques\/les-nouvelles-dynamiques-du-tourisme-dans-le-monde\/articles-scientifiques\/surtourisme-centre-historique-venise\"><\/a><br><\/td><td class=\"has-text-align-left\" data-align=\"left\">Par&nbsp;<strong>Emanuele Giordano<\/strong> Avec 20 millions de visiteurs estim\u00e9s par an, Venise est devenue l\u2019une des principales destinations touristiques mondiales. Toutefois, dans un contexte marqu\u00e9 par l\u2019absence de politiques de r\u00e9gulation ad\u00e9quates, ces flux touristiques massifs compromettent l\u2019acc\u00e8s des r\u00e9sidents aux ressources urbaines telles que le logement, le tissu commercial ou encore l\u2019espace public. Cette situation engendre des sentiments de d\u00e9possession qui, conjugu\u00e9s \u00e0 la hausse des prix de l\u2019immobilier et des biens de consommation, contribuent au d\u00e9peuplement progressif du centre historique. <strong>&gt; Lire l&#8217;article<\/strong><\/td><\/tr><tr><td class=\"has-text-align-left\" data-align=\"left\" colspan=\"2\"><strong>Wilderness et nouvelles fonctions des espaces ruraux de l&#8217;Ouest am\u00e9ricain, l&#8217;exemple du Montana : une ru\u00e9e vers l\u2019environnement \u00e0 l\u2019origine de fragmentations socio-territoriales<\/strong><\/td><\/tr><tr><td class=\"has-text-align-left\" data-align=\"left\"><a href=\"https:\/\/geoconfluences.ens-lyon.fr\/informations-scientifiques\/dossiers-regionaux\/etats-unis-espaces-de-la-puissance-espaces-en-crises\/articles-scientifiques\/wilderness-fonctions-espaces-ruraux-ouest-americain-montana\"><\/a><br><\/td><td class=\"has-text-align-left\" data-align=\"left\">Par&nbsp;<strong>Gabrielle Saumon<\/strong> Paysages de montagne, faune sauvage et sports de nature, magnifi\u00e9s par la litt\u00e9rature et le cin\u00e9ma, sont les moteurs des migrations d\u2019am\u00e9nit\u00e9s vers le Montana des Rocheuses. Ces installations font \u00e9voluer les ranchs, qui, de propri\u00e9t\u00e9s agricoles, deviennent de luxueuses r\u00e9sidences ou des espaces prot\u00e9g\u00e9s, traduisant le renouvellement des fonctions de ces espaces ruraux attractifs. Or cette gentrification du New West reste circonscrite dans l\u2019espace car perdure un Old West paup\u00e9ris\u00e9 et marqu\u00e9 par les injustices environnementales. <strong><a href=\"https:\/\/geoconfluences.ens-lyon.fr\/informations-scientifiques\/dossiers-regionaux\/etats-unis-espaces-de-la-puissance-espaces-en-crises\/articles-scientifiques\/wilderness-fonctions-espaces-ruraux-ouest-americain-montana\" target=\"_blank\" rel=\"noreferrer noopener\">&gt; Lire l&#8217;article<\/a><\/strong><\/td><\/tr><tr><td class=\"has-text-align-left\" data-align=\"left\" colspan=\"2\"><strong>Syst\u00e8mes urbains latino-am\u00e9ricains : une approche de la m\u00e9tropolisation et des in\u00e9galit\u00e9s sociales<\/strong><\/td><\/tr><tr><td class=\"has-text-align-left\" data-align=\"left\"><a href=\"https:\/\/geoconfluences.ens-lyon.fr\/informations-scientifiques\/dossiers-regionaux\/amerique-latine\/articles-scientifiques\/systemes-urbains-latino-americains-metropolisation-inegalites-sociales\"><\/a><br><\/td><td class=\"has-text-align-left\" data-align=\"left\">Par&nbsp;<strong>Jean-Fran\u00e7ois Valette<\/strong> Cet article analyse le fait urbain en Am\u00e9rique latine, du Mexique au C\u00f4ne sud, hors bassin cara\u00efbe. Avec une transition urbaine achev\u00e9e, des in\u00e9galit\u00e9s sociales marqu\u00e9es et de puissantes dynamiques de m\u00e9tropolisation, l&#8217;Am\u00e9rique latine est un laboratoire urbain \u00e0 l&#8217;\u00e9chelle mondiale. Une approche des grands syst\u00e8mes urbains sur le continent et de quelques \u00c9tats permet ensuite le changement scalaire et l&#8217;observation des nuances les plus fines, du quartier \u00e0 la rue, voire \u00e0 la parcelle. <strong><a href=\"https:\/\/geoconfluences.ens-lyon.fr\/informations-scientifiques\/dossiers-regionaux\/amerique-latine\/articles-scientifiques\/systemes-urbains-latino-americains-metropolisation-inegalites-sociales\" target=\"_blank\" rel=\"noreferrer noopener\">&gt; Lire l&#8217;article<\/a><\/strong><\/td><\/tr><tr><td class=\"has-text-align-left\" data-align=\"left\" colspan=\"2\"><strong>Le fort Pr\u00edncipe da Beira et la construction du territoire br\u00e9silien<\/strong><\/td><\/tr><tr><td class=\"has-text-align-left\" data-align=\"left\"><a href=\"https:\/\/geoconfluences.ens-lyon.fr\/informations-scientifiques\/dossiers-thematiques\/la-frontiere-discontinuites-et-dynamiques\/articles-scientifiques\/fort-principe-da-beira-construction-territoire-bresil\"><\/a><br><\/td><td class=\"has-text-align-left\" data-align=\"left\">Par&nbsp;<strong>Herv\u00e9 Th\u00e9ry<\/strong> Face \u00e0 la Bolivie, sur la rive br\u00e9silienne du rio Guapor\u00e9, \u00e0 3&nbsp;000&nbsp;km \u00e0 l\u2019int\u00e9rieur des terres, un fort s\u2019\u00e9l\u00e8ve depuis le XVIIIe si\u00e8cle. Son histoire, son site et sa situation permettent de retracer la construction de l\u2019\u00c9tat br\u00e9silien, dont l\u2019enveloppe frontali\u00e8re a \u00e9t\u00e9 fix\u00e9e sur les cartes avant d\u2019\u00eatre r\u00e9ellement contr\u00f4l\u00e9e par l\u2019\u00c9tat portugais puis br\u00e9silien. Le fort d\u00e9fend une fronti\u00e8re jamais attaqu\u00e9e, mais aujourd\u2019hui rattrap\u00e9e par l\u2019avanc\u00e9e du front pionnier agricole. <strong><a href=\"https:\/\/geoconfluences.ens-lyon.fr\/informations-scientifiques\/dossiers-thematiques\/la-frontiere-discontinuites-et-dynamiques\/articles-scientifiques\/fort-principe-da-beira-construction-territoire-bresil\" target=\"_blank\" rel=\"noreferrer noopener\">&gt; Lire l&#8217;article<\/a><\/strong><\/td><\/tr><tr><td class=\"has-text-align-left\" data-align=\"left\" colspan=\"2\"><strong>&nbsp;Monde(s) indien(s), g\u00e9ohistoire d\u2019une expression g\u00e9ographique<\/strong><\/td><\/tr><tr><td class=\"has-text-align-left\" data-align=\"left\"><a href=\"https:\/\/geoconfluences.ens-lyon.fr\/informations-scientifiques\/dossiers-regionaux\/le-monde-indien-populations-et-espaces\/formats-courts\/mondes-indiens-geohistoire-d-une-expression-geographique\"><\/a><br><\/td><td class=\"has-text-align-left\" data-align=\"left\">Par&nbsp;<strong>Vincent Capdepuy<\/strong> L&#8217;expression monde indien, ou mondes indiens, est une m\u00e9tag\u00e9ographie&nbsp;: un d\u00e9coupage du monde, ou d&#8217;un monde, aux contours incertains dans son enveloppe spatiale mais op\u00e9ratoire pour d\u00e9signer l&#8217;ensemble sud-asiatique avec une certaine profondeur historique. Cet article revient sur l&#8217;origine de l&#8217;expression et la fa\u00e7on dont s&#8217;est construit cet objet g\u00e9ographique et g\u00e9ohistorique instable dans son unit\u00e9. <strong><a href=\"https:\/\/geoconfluences.ens-lyon.fr\/informations-scientifiques\/dossiers-regionaux\/le-monde-indien-populations-et-espaces\/formats-courts\/mondes-indiens-geohistoire-d-une-expression-geographique\" target=\"_blank\" rel=\"noreferrer noopener\">&gt; Lire l&#8217;article<\/a><\/strong><\/td><\/tr><tr><td class=\"has-text-align-left\" data-align=\"left\" colspan=\"2\"><strong>[Bibliographie] Mondes indiens (ENS Lyon 2026)<\/strong><\/td><\/tr><tr><td class=\"has-text-align-left\" data-align=\"left\"><a href=\"https:\/\/geoconfluences.ens-lyon.fr\/programmes\/concours\/biblio-mondes-indiens-ens-lyon-2026\"><\/a><br><\/td><td class=\"has-text-align-left\" data-align=\"left\">Des indications bibliographiques pour pr\u00e9parer la question au programme du concours d&#8217;entr\u00e9e \u00e0 l&#8217;ENS de Lyon pour la session 2026. <strong><a href=\"https:\/\/geoconfluences.ens-lyon.fr\/programmes\/concours\/biblio-mondes-indiens-ens-lyon-2026\" target=\"_blank\" rel=\"noreferrer noopener\">&gt; Acc\u00e9der \u00e0 la bibliographie<\/a><\/strong><\/td><\/tr><tr><td class=\"has-text-align-left\" data-align=\"left\" colspan=\"2\"><strong>[Bibliographie] Les territoires de la d\u00e9croissance (ENS Paris 2025)<\/strong><\/td><\/tr><tr><td class=\"has-text-align-left\" data-align=\"left\"><a href=\"https:\/\/geoconfluences.ens-lyon.fr\/programmes\/concours\/decroissance-ens-ulm-2025-biblio\"><\/a><br><\/td><td class=\"has-text-align-left\" data-align=\"left\">Des indications bibliographiques pour pr\u00e9parer la question au programme du concours d&#8217;entr\u00e9e \u00e0 l&#8217;ENS de Paris pour la session 2026. <strong><a href=\"https:\/\/geoconfluences.ens-lyon.fr\/programmes\/concours\/decroissance-ens-ulm-2025-biblio\" target=\"_blank\" rel=\"noreferrer noopener\">&gt; Acc\u00e9der \u00e0 la bibliographie<\/a><\/strong><\/td><\/tr><tr><td class=\"has-text-align-left\" data-align=\"left\" colspan=\"2\"><strong>[Sur G\u00e9oconfluences] Les territoires de la d\u00e9croissance (ENS de Paris 2026). Ressources class\u00e9es<\/strong><\/td><\/tr><tr><td class=\"has-text-align-left\" data-align=\"left\"><a href=\"https:\/\/geoconfluences.ens-lyon.fr\/programmes\/concours\/decroissance-ens-ulm-2026-ressources\"><\/a><br><\/td><td class=\"has-text-align-left\" data-align=\"left\">\u00ab&nbsp;Les territoires de la d\u00e9croissance&nbsp;\u00bb&nbsp;: les ressources de G\u00e9oconfluences pour traiter la question au programme de l&#8217;ENS de Paris en 2026. <strong><a href=\"https:\/\/geoconfluences.ens-lyon.fr\/programmes\/concours\/decroissance-ens-ulm-2026-ressources\" target=\"_blank\" rel=\"noreferrer noopener\">&gt; Acc\u00e9der \u00e0 la s\u00e9lection<\/a><\/strong><\/td><\/tr><tr><td class=\"has-text-align-left\" data-align=\"left\" colspan=\"2\"><strong>Mise \u00e0 jour : Pr\u00e9parer les concours d&#8217;enseignement avec les ressources de G\u00e9oconfluences (CAPES, agr\u00e9gation, CAPLP)<\/strong><\/td><\/tr><tr><td class=\"has-text-align-left\" data-align=\"left\"><a href=\"https:\/\/geoconfluences.ens-lyon.fr\/programmes\/concours\/ressources-concours\"><\/a><br><\/td><td class=\"has-text-align-left\" data-align=\"left\">Les ressources de G\u00e9oconfluences class\u00e9es par question pour chaque programme de concours&nbsp;: CAPES, Cafep-CAPES, CAPLP, agr\u00e9gation externe et agr\u00e9gation interne. Questions nouvelles&nbsp;: l&#8217;Etat, objet g\u00e9ographique&nbsp;; le Pacifique. <strong><a href=\"https:\/\/geoconfluences.ens-lyon.fr\/programmes\/concours\/ressources-concours\" target=\"_blank\" rel=\"noreferrer noopener\">&gt; Acc\u00e9der \u00e0 la ressource<\/a><\/strong><\/td><\/tr><tr><td class=\"has-text-align-left\" data-align=\"left\" colspan=\"2\"><strong>Il y a 5 ans : \u00ab Une g\u00e9ographie de l\u2019Asie du Sud-Est \u00bb<\/strong><\/td><\/tr><tr><td class=\"has-text-align-left\" data-align=\"left\"><\/td><td class=\"has-text-align-left\" data-align=\"left\">En juin 2020, par&nbsp;<strong>Manuelle Franck<\/strong> Ce texte a l&#8217;ambition de tracer un portrait g\u00e9ographique de l&#8217;Asie du Sud-Est. Il s&#8217;agit moins de gommer la grande diversit\u00e9 de cette partie du monde (culturelle, \u00e9conomique, d\u00e9mographique, sociale, politique&#8230;), que de chercher des traits communs qui contribuent \u00e0 la caract\u00e9riser, \u00e0 l&#8217;aide d&#8217;exemples pris \u00e0 diff\u00e9rentes \u00e9chelles, du national au local. <strong><a href=\"https:\/\/geoconfluences.ens-lyon.fr\/informations-scientifiques\/dossiers-regionaux\/asie-du-sud-est\/cadrage\" target=\"_blank\" rel=\"noreferrer noopener\">&gt; (Re)lire l&#8217;article<\/a><\/strong><\/td><\/tr><tr><td class=\"has-text-align-left\" data-align=\"left\" colspan=\"2\"><em>Un regard quotidien sur l&#8217;actualit\u00e9 g\u00e9ographique.<\/em><\/td><\/tr><tr><td class=\"has-text-align-left\" data-align=\"left\"><\/td><td class=\"has-text-align-left\" data-align=\"left\"><a href=\"https:\/\/geoconfluences.ens-lyon.fr\/actualites\/veille\/breves\/au-bhoutan-des-villages-construits-par-la-chine\" target=\"_blank\" rel=\"noreferrer noopener\"><strong>Au Bhoutan, des villages construits par la Chine<\/strong><\/a> <strong>Par Antoine Baronnet.<\/strong>&nbsp;La Chine construit des \u00e9quipements dans des vall\u00e9es contest\u00e9es, du c\u00f4t\u00e9 bhoutanais de la fronti\u00e8re, dans un contexte de rivalit\u00e9 avec l&#8217;Inde.<\/td><\/tr><tr><td class=\"has-text-align-left\" data-align=\"left\"><a href=\"https:\/\/geoconfluences.ens-lyon.fr\/actualites\/veille\/parutions\/parutions-papier-en-geographie-printemps-2025\"><\/a><br><\/td><td class=\"has-text-align-left\" data-align=\"left\"><a href=\"https:\/\/geoconfluences.ens-lyon.fr\/actualites\/veille\/parutions\/parutions-papier-en-geographie-printemps-2025\" target=\"_blank\" rel=\"noreferrer noopener\"><strong>Parutions papier en g\u00e9ographie, printemps 2025<\/strong><\/a> Am\u00e9nagement, art urbain, \u00e9coute, capitales, d\u00e9serts, figures de g\u00e9ographes, fronti\u00e8res, g\u00e9opolitique des mers, milieu, politique de l&#8217;eau, ruralit\u00e9&#8230;<\/td><\/tr><tr><td class=\"has-text-align-left\" data-align=\"left\"><\/td><td class=\"has-text-align-left\" data-align=\"left\"><a href=\"https:\/\/geoconfluences.ens-lyon.fr\/actualites\/veille\/revues-de-presse\/sites-academiques-geo-2025-trim2\" target=\"_blank\" rel=\"noreferrer noopener\"><strong>Nouveaut\u00e9s en g\u00e9ographie sur les sites acad\u00e9miques \u2014 d\u2019avril \u00e0 juin 2025<\/strong><\/a> Formations, conf\u00e9rences, sc\u00e9narios p\u00e9dagogiques, outils, IA&#8230;<\/td><\/tr><tr><td class=\"has-text-align-left\" data-align=\"left\"><\/td><td class=\"has-text-align-left\" data-align=\"left\"><a href=\"https:\/\/geoconfluences.ens-lyon.fr\/actualites\/veille\/concours-examens-programmes\/programme-agreg-interne-hg-2026\" target=\"_blank\" rel=\"noreferrer noopener\"><strong>La&nbsp;<em>Documentation photographique<\/em>&nbsp;no.&nbsp;8166&nbsp;: \u00ab&nbsp;G\u00e9ographie de la France&nbsp;\u00bb<\/strong><\/a> Charlotte Ruggeri,&nbsp;<em>Documentation photographique&nbsp;<\/em>no 8166 \u2014 2025|4, CNRS \u00e9ditions, 64 p.<\/td><\/tr><\/tbody><\/table><\/figure>\n","protected":false},"excerpt":{"rendered":"<p>Bonjour, \u00c0 l&#8217;approche des cong\u00e9s d&#8217;\u00e9t\u00e9, nous vous proposons un peu plus de lecture que d&#8217;habitude : une carte \u00e0<\/p>\n","protected":false},"author":10,"featured_media":5595,"comment_status":"closed","ping_status":"closed","sticky":false,"template":"","format":"standard","meta":{"_bbp_topic_count":0,"_bbp_reply_count":0,"_bbp_total_topic_count":0,"_bbp_total_reply_count":0,"_bbp_voice_count":0,"_bbp_anonymous_reply_count":0,"_bbp_topic_count_hidden":0,"_bbp_reply_count_hidden":0,"_bbp_forum_subforum_count":0,"footnotes":""},"categories":[3],"tags":[],"class_list":["post-6009","post","type-post","status-publish","format-standard","has-post-thumbnail","hentry","category-actualites"],"_links":{"self":[{"href":"https:\/\/ent2d.ac-bordeaux.fr\/disciplines\/lettres-histoire\/wp-json\/wp\/v2\/posts\/6009","targetHints":{"allow":["GET"]}}],"collection":[{"href":"https:\/\/ent2d.ac-bordeaux.fr\/disciplines\/lettres-histoire\/wp-json\/wp\/v2\/posts"}],"about":[{"href":"https:\/\/ent2d.ac-bordeaux.fr\/disciplines\/lettres-histoire\/wp-json\/wp\/v2\/types\/post"}],"author":[{"embeddable":true,"href":"https:\/\/ent2d.ac-bordeaux.fr\/disciplines\/lettres-histoire\/wp-json\/wp\/v2\/users\/10"}],"replies":[{"embeddable":true,"href":"https:\/\/ent2d.ac-bordeaux.fr\/disciplines\/lettres-histoire\/wp-json\/wp\/v2\/comments?post=6009"}],"version-history":[{"count":3,"href":"https:\/\/ent2d.ac-bordeaux.fr\/disciplines\/lettres-histoire\/wp-json\/wp\/v2\/posts\/6009\/revisions"}],"predecessor-version":[{"id":6013,"href":"https:\/\/ent2d.ac-bordeaux.fr\/disciplines\/lettres-histoire\/wp-json\/wp\/v2\/posts\/6009\/revisions\/6013"}],"wp:featuredmedia":[{"embeddable":true,"href":"https:\/\/ent2d.ac-bordeaux.fr\/disciplines\/lettres-histoire\/wp-json\/wp\/v2\/media\/5595"}],"wp:attachment":[{"href":"https:\/\/ent2d.ac-bordeaux.fr\/disciplines\/lettres-histoire\/wp-json\/wp\/v2\/media?parent=6009"}],"wp:term":[{"taxonomy":"category","embeddable":true,"href":"https:\/\/ent2d.ac-bordeaux.fr\/disciplines\/lettres-histoire\/wp-json\/wp\/v2\/categories?post=6009"},{"taxonomy":"post_tag","embeddable":true,"href":"https:\/\/ent2d.ac-bordeaux.fr\/disciplines\/lettres-histoire\/wp-json\/wp\/v2\/tags?post=6009"}],"curies":[{"name":"wp","href":"https:\/\/api.w.org\/{rel}","templated":true}]}}