{"id":6001,"date":"2025-06-27T14:12:21","date_gmt":"2025-06-27T13:12:21","guid":{"rendered":"https:\/\/ent2d.ac-bordeaux.fr\/disciplines\/lettres-histoire\/?p=6001"},"modified":"2025-06-29T20:20:50","modified_gmt":"2025-06-29T19:20:50","slug":"prix-litteraire-des-lyceens-darcachon","status":"publish","type":"post","link":"https:\/\/ent2d.ac-bordeaux.fr\/disciplines\/lettres-histoire\/prix-litteraire-des-lyceens-darcachon\/","title":{"rendered":"Prix litt\u00e9raire des Lyc\u00e9ens d\u2019Arcachon"},"content":{"rendered":"\n<p>Pour la seconde ann\u00e9e, les \u00e9l\u00e8ves du lyc\u00e9e Grand Air (<strong>classe de seconde<\/strong> <strong>suivie par Edgar Gorin et Adrien Paoletti<\/strong>), du lyc\u00e9e Saint-Elme (<strong>une classe de premi\u00e8re de PHLP<\/strong> <strong>suivie par Bruno Duqueyroix et Sophie Bouchon<\/strong>) et du lyc\u00e9e des m\u00e9tiers Condorcet (<strong>classe de Genevi\u00e8ve Deiss, 1\u00e8re Bac Pro MCV<\/strong>)  ont uni leur passion autour d\u2019un projet commun : un prix litt\u00e9raire inter-lyc\u00e9es. \u00c0 travers la lecture de cinq romans contemporains, les \u00e9l\u00e8ves ont \u00e9t\u00e9 invit\u00e9s \u00e0 d\u00e9battre, analyser, comparer, et surtout partager leur regard de lecteur.<\/p>\n\n\n\n<p><strong>Ce prix existe gr\u00e2ce \u00e0 l\u2019appui de la Mairie d\u2019Arcachon et de l\u2019implication des trois lyc\u00e9es de la ville. Si classes et enseignants sont diff\u00e9rents chaque ann\u00e9e, les trois documentalistes de chaque lyc\u00e9e sont les artisans de ce prix.<\/strong><\/p>\n\n\n\n<p>Le travail s\u2019est d\u00e9roul\u00e9 sur plusieurs semaines, rythm\u00e9es par des temps forts : lancement officiel, rencontres avec des libraires, \u00e9changes entre \u00e9tablissements, et enfin d\u00e9lib\u00e9ration collective pour \u00e9lire le laur\u00e9at. Plus qu\u2019un prix, cette aventure a \u00e9t\u00e9 l\u2019occasion de construire une culture commune, de d\u00e9velopper l\u2019esprit critique et de cr\u00e9er du lien entre jeunes lecteurs du territoire.<\/p>\n\n\n\n<p><strong>Les \u00e9l\u00e8ves de Condorcet ont \u00e9labor\u00e9 <a href=\"https:\/\/ent2d.ac-bordeaux.fr\/disciplines\/lettres-histoire\/wp-content\/uploads\/sites\/5\/2025\/06\/diaporama-5-mai_prix_arcachon.pdf\">un diaporama<\/a> pour retranscrire l\u2019ambiance et le travail fourni.<\/strong><\/p>\n","protected":false},"excerpt":{"rendered":"<p>Pour la seconde ann\u00e9e, les \u00e9l\u00e8ves du lyc\u00e9e Grand Air (classe de seconde suivie par Edgar Gorin et Adrien Paoletti),<\/p>\n","protected":false},"author":11,"featured_media":6007,"comment_status":"closed","ping_status":"closed","sticky":false,"template":"","format":"standard","meta":{"_bbp_topic_count":0,"_bbp_reply_count":0,"_bbp_total_topic_count":0,"_bbp_total_reply_count":0,"_bbp_voice_count":0,"_bbp_anonymous_reply_count":0,"_bbp_topic_count_hidden":0,"_bbp_reply_count_hidden":0,"_bbp_forum_subforum_count":0,"footnotes":""},"categories":[3],"tags":[],"class_list":["post-6001","post","type-post","status-publish","format-standard","has-post-thumbnail","hentry","category-actualites"],"_links":{"self":[{"href":"https:\/\/ent2d.ac-bordeaux.fr\/disciplines\/lettres-histoire\/wp-json\/wp\/v2\/posts\/6001","targetHints":{"allow":["GET"]}}],"collection":[{"href":"https:\/\/ent2d.ac-bordeaux.fr\/disciplines\/lettres-histoire\/wp-json\/wp\/v2\/posts"}],"about":[{"href":"https:\/\/ent2d.ac-bordeaux.fr\/disciplines\/lettres-histoire\/wp-json\/wp\/v2\/types\/post"}],"author":[{"embeddable":true,"href":"https:\/\/ent2d.ac-bordeaux.fr\/disciplines\/lettres-histoire\/wp-json\/wp\/v2\/users\/11"}],"replies":[{"embeddable":true,"href":"https:\/\/ent2d.ac-bordeaux.fr\/disciplines\/lettres-histoire\/wp-json\/wp\/v2\/comments?post=6001"}],"version-history":[{"count":2,"href":"https:\/\/ent2d.ac-bordeaux.fr\/disciplines\/lettres-histoire\/wp-json\/wp\/v2\/posts\/6001\/revisions"}],"predecessor-version":[{"id":6005,"href":"https:\/\/ent2d.ac-bordeaux.fr\/disciplines\/lettres-histoire\/wp-json\/wp\/v2\/posts\/6001\/revisions\/6005"}],"wp:featuredmedia":[{"embeddable":true,"href":"https:\/\/ent2d.ac-bordeaux.fr\/disciplines\/lettres-histoire\/wp-json\/wp\/v2\/media\/6007"}],"wp:attachment":[{"href":"https:\/\/ent2d.ac-bordeaux.fr\/disciplines\/lettres-histoire\/wp-json\/wp\/v2\/media?parent=6001"}],"wp:term":[{"taxonomy":"category","embeddable":true,"href":"https:\/\/ent2d.ac-bordeaux.fr\/disciplines\/lettres-histoire\/wp-json\/wp\/v2\/categories?post=6001"},{"taxonomy":"post_tag","embeddable":true,"href":"https:\/\/ent2d.ac-bordeaux.fr\/disciplines\/lettres-histoire\/wp-json\/wp\/v2\/tags?post=6001"}],"curies":[{"name":"wp","href":"https:\/\/api.w.org\/{rel}","templated":true}]}}