{"id":5903,"date":"2025-02-18T10:58:03","date_gmt":"2025-02-18T09:58:03","guid":{"rendered":"https:\/\/ent2d.ac-bordeaux.fr\/disciplines\/lettres-histoire\/?p=5903"},"modified":"2025-02-18T11:06:33","modified_gmt":"2025-02-18T10:06:33","slug":"geoconfluence-lettre-dinformation-fevrier-2025","status":"publish","type":"post","link":"https:\/\/ent2d.ac-bordeaux.fr\/disciplines\/lettres-histoire\/geoconfluence-lettre-dinformation-fevrier-2025\/","title":{"rendered":"G\u00e9oconfluence &#8211; lettre d&#8217;information f\u00e9vrier 2025"},"content":{"rendered":"\n<figure class=\"wp-block-table\"><table><tbody><tr><td class=\"has-text-align-left\" data-align=\"left\">Extractivisme et habitabilit\u00e9 sont les deux notions explor\u00e9es par G\u00e9oconfluences en f\u00e9vrier. L&#8217;extractivisme fait l&#8217;objet de la notion en d\u00e9bat, et il est au c\u0153ur d&#8217;un article sur un conflit autour d&#8217;une mine de cuivre au P\u00e9rou. La question de l&#8217;habitabilit\u00e9 \u00e0 diff\u00e9rentes \u00e9chelles est le sujet d&#8217;un article, enti\u00e8rement consacr\u00e9 \u00e0 cette notion, et d&#8217;un texte sur le probl\u00e8me des sargasses dans la Cara\u00efbe, particuli\u00e8rement en Guadeloupe et en Martinique.<br>En vous souhaitant une bonne lecture,\u00a0\u00a0\u00a0\u00a0<br>Jean-Beno\u00eet Bouron et Yves-Fran\u00e7ois Le Lay,<br>pour l&#8217;\u00e9quipe enseignante de g\u00e9ographie de l&#8217;ENS de Lyon.<\/td><\/tr><\/tbody><\/table><\/figure>\n\n\n\n<figure class=\"wp-block-table\"><table><tbody><tr><td class=\"has-text-align-left\" data-align=\"left\"><img decoding=\"async\" width=\"150\" src=\"https:\/\/geoconfluences.ens-lyon.fr\/images\/lettre\/lettre-info-v2022\/a-la-une.png\"><br>\u00a0<strong>Notion en d\u00e9bat. Extractivisme<\/strong>\u00a0\u00a0<a href=\"https:\/\/geoconfluences.ens-lyon.fr\/informations-scientifiques\/a-la-une\/notion-a-la-une\/extractivisme\" target=\"_blank\" rel=\"noreferrer noopener\"><\/a>\u00c0 la une Par\u00a0<strong>Vincent Capdepuy<\/strong> <br>Au cours de son histoire mouvement\u00e9e, l&#8217;extractivisme a pu signifier aussi bien la simple extraction, qu&#8217;un mode durable de gestion des ressources, et \u00e0 l&#8217;inverse qu&#8217;une pr\u00e9dation envers l&#8217;environnement. C&#8217;est cette derni\u00e8re acception qui s&#8217;impose, pour d\u00e9crire l&#8217;acc\u00e9l\u00e9ration des pr\u00e9l\u00e8vements de mati\u00e8re au-del\u00e0 de toute limite raisonnable, \u00e0 l&#8217;\u00e9chelle de la Terre et de l&#8217;humanit\u00e9.<strong><a href=\"https:\/\/geoconfluences.ens-lyon.fr\/informations-scientifiques\/a-la-une\/notion-a-la-une\/extractivisme\" target=\"_blank\" rel=\"noreferrer noopener\">&gt; Lire l&#8217;article<\/a><\/strong>\u00a0\u00a0<\/td><\/tr><\/tbody><\/table><\/figure>\n\n\n\n\n\n<figure class=\"wp-block-table\"><table><tbody><tr><td class=\"has-text-align-left\" data-align=\"left\"><img decoding=\"async\" src=\"https:\/\/geoconfluences.ens-lyon.fr\/images\/lettre\/lettre-info-v2022\/nouveaux-articles.png\" width=\"150\"><\/td><\/tr><tr><td class=\"has-text-align-left\" data-align=\"left\">\u00a0<strong>Soulever des montagnes, d\u00e9tourner des rivi\u00e8res. Conflit d\u2019acteurs autour d\u2019une mine de cuivre dans les Andes p\u00e9ruviennes<\/strong>\u00a0\u00a0<a href=\"https:\/\/geoconfluences.ens-lyon.fr\/informations-scientifiques\/dossiers-thematiques\/geographie-critique-des-ressources\/articles\/conflit-mine-cuivre-perou\" target=\"_blank\" rel=\"noreferrer noopener\"><\/a>Article scientifique Par\u00a0<strong>Sol\u00e8ne Rey-Coquais<\/strong><br>Deuxi\u00e8me producteur mondial de cuivre et quatri\u00e8me pour le molybd\u00e8ne, le P\u00e9rou poss\u00e8de d&#8217;immenses gisements de ces m\u00e9taux dont les besoins explosent. L&#8217;article analyse un m\u00e9gaprojet minier o\u00f9 l&#8217;on retrouve les ingr\u00e9dients de l&#8217;extractivisme : une entreprise transnationale, des promesses d&#8217;emploi et de d\u00e9veloppement, un d\u00e9bat autour des cons\u00e9quences environnementales. Le projet est caract\u00e9ris\u00e9 par un processus de concertation avec les populations locales, mais dans un contexte conflictuel symptomatique des failles de la r\u00e9gulation nationale.<strong><a href=\"https:\/\/geoconfluences.ens-lyon.fr\/informations-scientifiques\/dossiers-thematiques\/geographie-critique-des-ressources\/articles\/conflit-mine-cuivre-perou\" target=\"_blank\" rel=\"noreferrer noopener\">&gt; Lire l&#8217;article<\/a><\/strong>\u00a0\u00a0<br><strong>Les sargasses, un d\u00e9fi pour la Cara\u00efbe<\/strong>\u00a0\u00a0<a href=\"https:\/\/geoconfluences.ens-lyon.fr\/informations-scientifiques\/dossiers-thematiques\/les-espaces-littoraux-gestion-protection-amenagement\/articles-scientifiques\/sargasses\" target=\"_blank\" rel=\"noreferrer noopener\"><\/a>Article scientifique Par\u00a0<strong>Jonathan Fieschi<\/strong><br>Les sargasses sont initialement un ph\u00e9nom\u00e8ne naturel dans l&#8217;Atlantique nord. Mais, depuis 2011, ces radeaux d&#8217;algues flottantes se multiplient dans l\u2019Atlantique tropical et s\u2019\u00e9chouent par tonnes sur les littoraux des Cara\u00efbes. Les effets sont tr\u00e8s lourds pour des territoires, des soci\u00e9t\u00e9s et des \u00e9conomies fortement touristiques et littoralis\u00e9s. Les sargasses repr\u00e9sentent ainsi un d\u00e9fi \u00e0 toutes les \u00e9chelles pour l&#8217;ensemble de la r\u00e9gion Cara\u00efbe.<strong><a href=\"https:\/\/geoconfluences.ens-lyon.fr\/informations-scientifiques\/dossiers-thematiques\/les-espaces-littoraux-gestion-protection-amenagement\/articles-scientifiques\/sargasses\" target=\"_blank\" rel=\"noreferrer noopener\">&gt; Lire l&#8217;article<\/a><\/strong>\u00a0\u00a0<br><strong>Habitabilit\u00e9 : tour d\u2019horizon d\u2019une notion et de ses limites<\/strong>\u00a0\u00a0<a href=\"https:\/\/geoconfluences.ens-lyon.fr\/informations-scientifiques\/dossiers-thematiques\/epistemo\/articles\/habitabilite\" target=\"_blank\" rel=\"noreferrer noopener\"><\/a>Article scientifique Par\u00a0<strong>Anne Barrioz<\/strong>\u00a0et\u00a0<strong>Lionel Laslaz<\/strong><br>L&#8217;habitabilit\u00e9 est une notion qui conna\u00eet un succ\u00e8s croissant, en g\u00e9ographie et au-del\u00e0. Facilement multiscalaire, elle fait \u00e9cho aux changements globaux et \u00e0 leurs effets locaux. Le risque \u00e0 trop l&#8217;utiliser est de l&#8217;user et d&#8217;en r\u00e9duire la pertinence. On peut retenir que l&#8217;habitabilit\u00e9 n&#8217;est pas qu&#8217;une affaire d&#8217;am\u00e9nit\u00e9s ou d&#8217;accessibilit\u00e9 des lieux, mais aussi un ressenti tr\u00e8s diff\u00e9rent d&#8217;une personne \u00e0 l&#8217;autre, et fort variable dans le temps et l&#8217;espace en fonction des capacit\u00e9s des soci\u00e9t\u00e9s \u00e0 surmonter les contraintes.<strong><a href=\"https:\/\/geoconfluences.ens-lyon.fr\/informations-scientifiques\/dossiers-thematiques\/epistemo\/articles\/habitabilite\" target=\"_blank\" rel=\"noreferrer noopener\">&gt; Lire l&#8217;article<\/a><\/strong><br><br>\u00a0<img decoding=\"async\" width=\"150\" src=\"http:\/\/geoconfluences.ens-lyon.fr\/images\/lettre\/lettre-info-v2022\/5ans.png\"><br>\u00a0<strong>Il y a 5 ans\u00a0: \u00ab\u00a0Naviguer en Arctique\u00a0\u00bb<\/strong>\u00a0\u00a0<a href=\"https:\/\/geoconfluences.ens-lyon.fr\/informations-scientifiques\/dossiers-regionaux\/arctique\/articles-scientifiques\/naviguer-en-arctique\" target=\"_blank\" rel=\"noreferrer noopener\"><\/a>Il y a 5 ans <br>En f\u00e9vrier 2020, par\u00a0<strong>Pauline Pic<\/strong><br>Les nouvelles routes maritimes arctiques ont fait l&#8217;objet d&#8217;une attention m\u00e9diatique soutenue. En fait, la navigation arctique se heurte \u00e0 de nombreuses difficult\u00e9s li\u00e9es tant aux conditions m\u00e9t\u00e9orologiques qu&#8217;\u00e0 la volont\u00e9 du Canada et de la Russie de contr\u00f4ler les passages. De plus, selon les liaisons, ces routes ne sont pas toujours les plus courtes du fait du d\u00e9placement du centre de gravit\u00e9 de l&#8217;activit\u00e9 portuaire mondiale vers le sud. Malacca, Suez et Panama sont loin d&#8217;\u00eatre d\u00e9tr\u00f4n\u00e9s.<strong><a href=\"https:\/\/geoconfluences.ens-lyon.fr\/informations-scientifiques\/dossiers-regionaux\/arctique\/articles-scientifiques\/naviguer-en-arctique\" target=\"_blank\" rel=\"noreferrer noopener\">&gt; (Re)lire l&#8217;article<\/a><\/strong>\u00a0<br><br><img decoding=\"async\" width=\"150\" src=\"https:\/\/geoconfluences.ens-lyon.fr\/images\/lettre\/lettre-info-v2022\/veille.png\"><br>\u00a0<em><a href=\"https:\/\/geoconfluences.ens-lyon.fr\/actualites\/veille\" target=\"_blank\" rel=\"noreferrer noopener\">Un regard quotidien sur l&#8217;actualit\u00e9 g\u00e9ographique.<\/a><\/em>\u00a0\u00a0<br><a href=\"https:\/\/geoconfluences.ens-lyon.fr\/actualites\/ageoda\" target=\"_blank\" rel=\"noreferrer noopener\"><\/a>Nouvelle rubrique\u00a0<a href=\"https:\/\/geoconfluences.ens-lyon.fr\/actualites\/ageoda\" target=\"_blank\" rel=\"noreferrer noopener\"><strong>L&#8217;ag\u00e9oda, pour conna\u00eetre les prochains \u00e9v\u00e9nements en g\u00e9ographie<\/strong><\/a><br>Une veille sur les caf\u00e9s g\u00e9o, festivals, sorties&#8230; en lien avec la g\u00e9ographie enseign\u00e9e ou grand public.<br>\u00a0<a href=\"https:\/\/geoconfluences.ens-lyon.fr\/actualites\/veille\/revues-de-presse\/amerique-latine-revue-presse-janvier-fevrier-2025\" target=\"_blank\" rel=\"noreferrer noopener\"><\/a>Revue de presse\u00a0<br><strong><a href=\"https:\/\/geoconfluences.ens-lyon.fr\/actualites\/veille\/revues-de-presse\/amerique-latine-revue-presse-janvier-fevrier-2025\" target=\"_blank\" rel=\"noreferrer noopener\">Actualit\u00e9s de l&#8217;Am\u00e9rique latine \u2014 revue de presse<\/a><\/strong> par\u00a0<strong>Pierre Ageron<\/strong>. <br>Une revue de presse sur cette question de concours, de janvier \u00e0 d\u00e9but f\u00e9vrier.<br>G\u00e9oimage\u00a0<strong><a href=\"https:\/\/geoconfluences.ens-lyon.fr\/actualites\/veille\/liens\/reouverture-du-site-geoimage-du-cnes\" target=\"_blank\" rel=\"noreferrer noopener\">R\u00e9ouverture du site G\u00e9oimage du CNES<\/a><\/strong> par\u00a0<strong>Laurent Carrou\u00e9<\/strong>.<br>Apr\u00e8s six mois de refonte, G\u00e9oimage revient. Ses 465 ressources explorent les images satellite sous l&#8217;angle de la g\u00e9ographie.<br>Sujets\u00a0<a href=\"https:\/\/geoconfluences.ens-lyon.fr\/actualites\/veille\/concours-examens-programmes\/sujets-agreg-interne-hg-25\" target=\"_blank\" rel=\"noreferrer noopener\"><strong>Sujets des \u00e9crits de l&#8217;agr\u00e9gation interne d&#8217;histoire-g\u00e9ographie 2025<\/strong><\/a><br>Dissertation de g\u00e9ographie\u00a0: \u00ab\u00a0La protection des environnements dans le monde\u00a0: entre conservation et valorisation\u00a0\u00bb.<br>Expo\u00a0<strong><a href=\"https:\/\/geoconfluences.ens-lyon.fr\/actualites\/ageoda\/migrations-une-odyssee-humaine\" target=\"_blank\" rel=\"noreferrer noopener\">Au Mus\u00e9e de l&#8217;Homme\u00a0: Migrations, une odyss\u00e9e humaine<\/a><\/strong> Jusqu&#8217;au 8 juin 2025 au Mus\u00e9e de l&#8217;Homme (Place du Trocad\u00e9ro, Paris).<\/td><\/tr><\/tbody><\/table><\/figure>\n","protected":false},"excerpt":{"rendered":"<p>Extractivisme et habitabilit\u00e9 sont les deux notions explor\u00e9es par G\u00e9oconfluences en f\u00e9vrier. L&#8217;extractivisme fait l&#8217;objet de la notion en d\u00e9bat,<\/p>\n","protected":false},"author":10,"featured_media":5595,"comment_status":"closed","ping_status":"closed","sticky":false,"template":"","format":"standard","meta":{"_bbp_topic_count":0,"_bbp_reply_count":0,"_bbp_total_topic_count":0,"_bbp_total_reply_count":0,"_bbp_voice_count":0,"_bbp_anonymous_reply_count":0,"_bbp_topic_count_hidden":0,"_bbp_reply_count_hidden":0,"_bbp_forum_subforum_count":0,"footnotes":""},"categories":[3],"tags":[],"class_list":["post-5903","post","type-post","status-publish","format-standard","has-post-thumbnail","hentry","category-actualites"],"_links":{"self":[{"href":"https:\/\/ent2d.ac-bordeaux.fr\/disciplines\/lettres-histoire\/wp-json\/wp\/v2\/posts\/5903","targetHints":{"allow":["GET"]}}],"collection":[{"href":"https:\/\/ent2d.ac-bordeaux.fr\/disciplines\/lettres-histoire\/wp-json\/wp\/v2\/posts"}],"about":[{"href":"https:\/\/ent2d.ac-bordeaux.fr\/disciplines\/lettres-histoire\/wp-json\/wp\/v2\/types\/post"}],"author":[{"embeddable":true,"href":"https:\/\/ent2d.ac-bordeaux.fr\/disciplines\/lettres-histoire\/wp-json\/wp\/v2\/users\/10"}],"replies":[{"embeddable":true,"href":"https:\/\/ent2d.ac-bordeaux.fr\/disciplines\/lettres-histoire\/wp-json\/wp\/v2\/comments?post=5903"}],"version-history":[{"count":6,"href":"https:\/\/ent2d.ac-bordeaux.fr\/disciplines\/lettres-histoire\/wp-json\/wp\/v2\/posts\/5903\/revisions"}],"predecessor-version":[{"id":5911,"href":"https:\/\/ent2d.ac-bordeaux.fr\/disciplines\/lettres-histoire\/wp-json\/wp\/v2\/posts\/5903\/revisions\/5911"}],"wp:featuredmedia":[{"embeddable":true,"href":"https:\/\/ent2d.ac-bordeaux.fr\/disciplines\/lettres-histoire\/wp-json\/wp\/v2\/media\/5595"}],"wp:attachment":[{"href":"https:\/\/ent2d.ac-bordeaux.fr\/disciplines\/lettres-histoire\/wp-json\/wp\/v2\/media?parent=5903"}],"wp:term":[{"taxonomy":"category","embeddable":true,"href":"https:\/\/ent2d.ac-bordeaux.fr\/disciplines\/lettres-histoire\/wp-json\/wp\/v2\/categories?post=5903"},{"taxonomy":"post_tag","embeddable":true,"href":"https:\/\/ent2d.ac-bordeaux.fr\/disciplines\/lettres-histoire\/wp-json\/wp\/v2\/tags?post=5903"}],"curies":[{"name":"wp","href":"https:\/\/api.w.org\/{rel}","templated":true}]}}