{"id":5352,"date":"2023-09-29T16:20:58","date_gmt":"2023-09-29T15:20:58","guid":{"rendered":"https:\/\/ent2d.ac-bordeaux.fr\/disciplines\/lettres-histoire\/?p=5352"},"modified":"2023-09-29T16:21:32","modified_gmt":"2023-09-29T15:21:32","slug":"concours-jeunes-solidaires-et-citoyens","status":"publish","type":"post","link":"https:\/\/ent2d.ac-bordeaux.fr\/disciplines\/lettres-histoire\/concours-jeunes-solidaires-et-citoyens\/","title":{"rendered":"Concours Jeunes, solidaires et citoyens"},"content":{"rendered":"<p style=\"text-align: justify\"><em>L\u2019EN3S, dans le cadre du partenariat avec le MENJ, lance le cinqui\u00e8me concours jeunes, solidaires et citoyens : <\/em><\/p>\n<p style=\"text-align: justify\"><em>Les th\u00e8mes retenus cette ann\u00e9e :\u00a0<\/em><\/p>\n<ol style=\"text-align: justify\">\n<li><em><strong>Th\u00e8me 1 : Pr\u00e9vention sant\u00e9 jeunes<\/strong><\/em><\/li>\n<li><em><strong>Th\u00e8me 2 : Des jobs qui changent nos vies : les m\u00e9tiers du sanitaire et du social<\/strong><\/em><\/li>\n<li><em><strong>Th\u00e8me 3 : Quel impact du vieillissement sur les m\u00e9canismes de redistribution ?<\/strong><\/em><\/li>\n<li><em><strong>Th\u00e8me 4 : Je suis citoyen social, je joue collectif<\/strong><\/em><\/li>\n<\/ol>\n<p style=\"text-align: justify\"><em>\u00a0Toutes les informations sont en ligne sur eduscol :\u00a0<\/em><em><a href=\"https:\/\/eduscol.education.fr\/3442\/concours-national-jeunes-solidaires-et-citoyens\" data-saferedirecturl=\"https:\/\/www.google.com\/url?q=https:\/\/eduscol.education.fr\/3442\/concours-national-jeunes-solidaires-et-citoyens&amp;source=gmail&amp;ust=1696086147736000&amp;usg=AOvVaw38XEaEN8f0k-bEgiYI-nkR\">https:\/\/eduscol.education.fr\/3442\/concours-national-jeunes-solidaires-et-citoyens<\/a><\/em><em>\u00a0).\u00a0<\/em><\/p>\n<p style=\"text-align: justify\"><em>L\u2019EN3S \u00a0met \u00e0 disposition\u00a0\u00a0<strong>le kit de communication<\/strong>\u00a0du Concours National Jeunes, solidaires et citoyens afin de communiquer sur les sites acad\u00e9miques et ainsi relayer l\u2019information aux enseignants des disciplines identifi\u00e9es par la DGESCO et l\u2019EN3S.\u00a0<a href=\"https:\/\/en3s-my.sharepoint.com\/:f:\/g\/personal\/jdigonnet_en3s_fr\/EoX43zlYRz5Fie7usEHWIbEB15laWCEflQLeaP6VFDE0pw?e=uovpn5\" data-saferedirecturl=\"https:\/\/www.google.com\/url?q=https:\/\/en3s-my.sharepoint.com\/:f:\/g\/personal\/jdigonnet_en3s_fr\/EoX43zlYRz5Fie7usEHWIbEB15laWCEflQLeaP6VFDE0pw?e%3Duovpn5&amp;source=gmail&amp;ust=1696086147736000&amp;usg=AOvVaw0QHZKkgrLSbVku94lMqFBh\">https:\/\/en3s-my.sharepoint.com\/:f:\/g\/personal\/jdigonnet_en3s_fr\/EoX43zlYRz5Fie7usEHWIbEB15laWCEflQLeaP6VFDE0pw?e=uovpn5<\/a><\/em><\/p>\n<p style=\"text-align: justify\"><em>Les inscriptions sont ouvertes sur leur site jusqu\u2019au 6 octobre :\u00a0<\/em><em><a href=\"https:\/\/secu-jeunes.fr\/concours-secu-jeunes\/\" data-saferedirecturl=\"https:\/\/www.google.com\/url?q=https:\/\/secu-jeunes.fr\/concours-secu-jeunes\/&amp;source=gmail&amp;ust=1696086147736000&amp;usg=AOvVaw0EVqM1cpaEkmu4LMvNyTgJ\">https:\/\/secu-jeunes.fr\/concours-secu-jeunes\/<\/a><\/em><\/p>\n","protected":false},"excerpt":{"rendered":"<p>L\u2019EN3S, dans le cadre du partenariat avec le MENJ, lance le cinqui\u00e8me concours jeunes, solidaires et citoyens : Les th\u00e8mes<\/p>\n","protected":false},"author":11,"featured_media":5353,"comment_status":"closed","ping_status":"closed","sticky":false,"template":"","format":"standard","meta":{"_bbp_topic_count":0,"_bbp_reply_count":0,"_bbp_total_topic_count":0,"_bbp_total_reply_count":0,"_bbp_voice_count":0,"_bbp_anonymous_reply_count":0,"_bbp_topic_count_hidden":0,"_bbp_reply_count_hidden":0,"_bbp_forum_subforum_count":0,"footnotes":""},"categories":[3],"tags":[],"class_list":["post-5352","post","type-post","status-publish","format-standard","has-post-thumbnail","hentry","category-actualites"],"_links":{"self":[{"href":"https:\/\/ent2d.ac-bordeaux.fr\/disciplines\/lettres-histoire\/wp-json\/wp\/v2\/posts\/5352","targetHints":{"allow":["GET"]}}],"collection":[{"href":"https:\/\/ent2d.ac-bordeaux.fr\/disciplines\/lettres-histoire\/wp-json\/wp\/v2\/posts"}],"about":[{"href":"https:\/\/ent2d.ac-bordeaux.fr\/disciplines\/lettres-histoire\/wp-json\/wp\/v2\/types\/post"}],"author":[{"embeddable":true,"href":"https:\/\/ent2d.ac-bordeaux.fr\/disciplines\/lettres-histoire\/wp-json\/wp\/v2\/users\/11"}],"replies":[{"embeddable":true,"href":"https:\/\/ent2d.ac-bordeaux.fr\/disciplines\/lettres-histoire\/wp-json\/wp\/v2\/comments?post=5352"}],"version-history":[{"count":1,"href":"https:\/\/ent2d.ac-bordeaux.fr\/disciplines\/lettres-histoire\/wp-json\/wp\/v2\/posts\/5352\/revisions"}],"predecessor-version":[{"id":5354,"href":"https:\/\/ent2d.ac-bordeaux.fr\/disciplines\/lettres-histoire\/wp-json\/wp\/v2\/posts\/5352\/revisions\/5354"}],"wp:featuredmedia":[{"embeddable":true,"href":"https:\/\/ent2d.ac-bordeaux.fr\/disciplines\/lettres-histoire\/wp-json\/wp\/v2\/media\/5353"}],"wp:attachment":[{"href":"https:\/\/ent2d.ac-bordeaux.fr\/disciplines\/lettres-histoire\/wp-json\/wp\/v2\/media?parent=5352"}],"wp:term":[{"taxonomy":"category","embeddable":true,"href":"https:\/\/ent2d.ac-bordeaux.fr\/disciplines\/lettres-histoire\/wp-json\/wp\/v2\/categories?post=5352"},{"taxonomy":"post_tag","embeddable":true,"href":"https:\/\/ent2d.ac-bordeaux.fr\/disciplines\/lettres-histoire\/wp-json\/wp\/v2\/tags?post=5352"}],"curies":[{"name":"wp","href":"https:\/\/api.w.org\/{rel}","templated":true}]}}