{"id":5269,"date":"2023-06-29T05:52:50","date_gmt":"2023-06-29T04:52:50","guid":{"rendered":"https:\/\/ent2d.ac-bordeaux.fr\/disciplines\/lettres-histoire\/?p=5269"},"modified":"2023-06-29T05:52:50","modified_gmt":"2023-06-29T04:52:50","slug":"geoconfluences-dernieres-parutions","status":"publish","type":"post","link":"https:\/\/ent2d.ac-bordeaux.fr\/disciplines\/lettres-histoire\/geoconfluences-dernieres-parutions\/","title":{"rendered":"G\u00e9oconfluences &#8211; derni\u00e8res parutions"},"content":{"rendered":"<div>\n<table border=\"0\" width=\"100%\" cellspacing=\"0\" cellpadding=\"0\">\n<tbody>\n<tr>\n<td align=\"center\">\n<table border=\"0\" cellspacing=\"0\" cellpadding=\"0\">\n<tbody>\n<tr>\n<td colspan=\"2\"><\/td>\n<\/tr>\n<tr>\n<td><a title=\"visiter le site de G\u00e9oconfluences\" href=\"https:\/\/geoconfluences.ens-lyon.fr\/\" target=\"_blank\" rel=\"noopener\"><img loading=\"lazy\" decoding=\"async\" src=\"https:\/\/geoconfluences.ens-lyon.fr\/images\/lettre\/lettre-info-v2022\/logo-geoconfluences-2022-130px.png\" width=\"130\" height=\"130\" border=\"0\" \/><\/a><\/td>\n<td>\n<h1>La lettre d&#8217;information de G\u00e9oconfluences<\/h1>\n<div><strong>N<sup>o<\/sup>\u00a0191 \u2014 juin 2023<\/strong><\/div>\n<p>Si cette lettre ne s&#8217;affiche pas correctement,\u00a0<a title=\"Si cette \n                               lettre ne s'affiche pas correctement\" href=\"https:\/\/geoconfluences.ens-lyon.fr\/a-propos\/nos-informations\" target=\"_blank\" rel=\"noopener\">consultez-la en ligne<\/a><\/td>\n<\/tr>\n<\/tbody>\n<\/table>\n<table border=\"0\" cellspacing=\"0\" cellpadding=\"0\">\n<tbody>\n<tr>\n<td>Bonjour,<br \/>\nLa carte \u00e0 la une nous emm\u00e8ne sur la route du Tour de France, pour montrer les contraintes spatiales qui influencent le trac\u00e9 du parcours. Un article \u00e9claire le fonctionnement des Nouvelles routes de la soie, \u00e0 rebours des id\u00e9es re\u00e7ues. Nous partons aussi \u00e0 la d\u00e9couverte d&#8217;un espace productif a\u00e9roportuaire transfrontalier\u00a0: l&#8217;a\u00e9roport de B\u00e2le. Un texte revient sur l&#8217;histoire de la g\u00e9ographie coloniale jusqu&#8217;\u00e0 la Seconde Guerre mondiale.<br \/>\nEn vous souhaitant une bonne lecture et de bonnes vacances,<\/p>\n<p>Jean-Beno\u00eet Bouron et Yves-Fran\u00e7ois Le Lay,<br \/>\npour l&#8217;\u00e9quipe enseignante de g\u00e9ographie de l&#8217;ENS de Lyon.<\/td>\n<\/tr>\n<\/tbody>\n<\/table>\n<table border=\"0\" cellspacing=\"0\" cellpadding=\"0\">\n<tbody>\n<tr>\n<td>\n<table border=\"0\" cellspacing=\"0\" cellpadding=\"0\">\n<tbody>\n<tr>\n<td>\n<table border=\"0\" cellspacing=\"0\" cellpadding=\"0\">\n<tbody>\n<tr>\n<td>\n<h2><img decoding=\"async\" src=\"https:\/\/geoconfluences.ens-lyon.fr\/images\/lettre\/lettre-info-v2022\/a-la-une.png\" width=\"140\" border=\"0\" \/><\/h2>\n<\/td>\n<td><\/td>\n<\/tr>\n<\/tbody>\n<\/table>\n<\/td>\n<\/tr>\n<tr>\n<td>\n<table border=\"0\" cellspacing=\"0\" cellpadding=\"0\">\n<tbody>\n<tr>\n<td><\/td>\n<td colspan=\"2\">\n<h3><strong>Carte \u00e0 la une. Tour de France 2023\u00a0: derri\u00e8re la carte, un espace sportif<\/strong><\/h3>\n<\/td>\n<td><\/td>\n<\/tr>\n<tr>\n<td><\/td>\n<td><a title=\"aller sur la page\" href=\"https:\/\/geoconfluences.ens-lyon.fr\/informations-scientifiques\/a-la-une\/carte-a-la-une\/tour-de-france-2023\" target=\"_blank\" rel=\"noopener noreferrer\"><img loading=\"lazy\" decoding=\"async\" src=\"https:\/\/geoconfluences.ens-lyon.fr\/images\/image-a-la-une\/img-van-der-straeten\/vignette.png\" width=\"133\" height=\"100\" border=\"0\" \/><\/a>\u00c0 la une<\/td>\n<td>par\u00a0<strong>Antonin van der Straeten<\/strong>La carte du Tour de France donne \u00e0 voir un espace modul\u00e9 par les besoins d&#8217;une \u00e9preuve sportive. Longueur, vari\u00e9t\u00e9 et difficult\u00e9 des \u00e9tapes, mais aussi adaptation des infrastructures routi\u00e8res au cyclisme, dans un pays aux entr\u00e9es de villes de plus en plus am\u00e9nag\u00e9es pour les mobilit\u00e9s automobiles quotidiennes, sont des crit\u00e8res qui dictent les choix des organisateurs. \u00c9dition apr\u00e8s \u00e9dition depuis plus d&#8217;un si\u00e8cle, les trac\u00e9s du Tour dessinent la carte de France d&#8217;un sport populaire.<\/p>\n<p><strong><a title=\"Acc\u00e9der \u00e0 la \n                                               rubrique \u00e0 la une\" href=\"https:\/\/geoconfluences.ens-lyon.fr\/informations-scientifiques\/a-la-une\/carte-a-la-une\/tour-de-france-2023\" target=\"_blank\" rel=\"noopener noreferrer\">&gt; Lire l&#8217;article<\/a><\/strong><\/td>\n<td><\/td>\n<\/tr>\n<tr>\n<td colspan=\"4\"><\/td>\n<\/tr>\n<\/tbody>\n<\/table>\n<\/td>\n<\/tr>\n<\/tbody>\n<\/table>\n<\/td>\n<\/tr>\n<\/tbody>\n<\/table>\n<table border=\"0\" cellspacing=\"0\" cellpadding=\"0\">\n<tbody>\n<tr>\n<td>\n<table border=\"0\" cellspacing=\"0\" cellpadding=\"0\">\n<tbody>\n<tr>\n<td>\n<h2><img decoding=\"async\" src=\"https:\/\/geoconfluences.ens-lyon.fr\/images\/lettre\/lettre-info-v2022\/nouveaux-articles.png\" width=\"140\" border=\"0\" \/><\/h2>\n<\/td>\n<td><\/td>\n<\/tr>\n<\/tbody>\n<\/table>\n<\/td>\n<\/tr>\n<tr>\n<td>\n<table border=\"0\" cellspacing=\"0\" cellpadding=\"0\">\n<tbody>\n<tr>\n<td><\/td>\n<td colspan=\"2\">\n<h3><strong>Les nouvelles routes de la soie\u00a0: une nouvelle forme de coop\u00e9ration multipolaire\u00a0?<\/strong><\/h3>\n<\/td>\n<td><\/td>\n<\/tr>\n<tr>\n<td><\/td>\n<td><a title=\"Lire l'article\" href=\"https:\/\/geoconfluences.ens-lyon.fr\/informations-scientifiques\/dossiers-regionaux\/la-chine\/articles-scientifiques\/nouvelles-routes-soie-bri-belt-and-road-initiative\" target=\"_blank\" rel=\"noopener noreferrer\"><img loading=\"lazy\" decoding=\"async\" src=\"https:\/\/geoconfluences.ens-lyon.fr\/images\/img-chine\/img-lasserre-courmont-mottet\/vignette.png\" width=\"133\" height=\"100\" border=\"0\" \/><\/a>Article scientifique<\/td>\n<td>par\u00a0<strong>Fr\u00e9d\u00e9ric Lasserre<\/strong>,\u00a0<strong>Barth\u00e9l\u00e9my Courmont<\/strong>\u00a0et\u00a0<strong>\u00c9ric Mottet<\/strong><\/p>\n<p>Les nouvelles routes de la soie (Belt and road initiative) sont souvent pr\u00e9sent\u00e9es comme une offensive \u00e9conomique unilat\u00e9rale de la Chine, fond\u00e9es sur les transports. En fait, les transports n&#8217;en repr\u00e9sentent qu&#8217;une partie, et elles sont loin d&#8217;\u00eatre un projet coordonn\u00e9 et centralis\u00e9. Elles font l&#8217;objet d&#8217;investissements de nature et d&#8217;intensit\u00e9 tr\u00e8s variables, souvent multiformes et opportunistes. Bien des projets n&#8217;existent que sur le papier. En Chine m\u00eame, des critiques sont formul\u00e9es pour demander plus de lisibilit\u00e9 et un pilotage plus \u00e9troit pour \u00e9viter la multiplication des financements \u00e0 perte.<\/p>\n<p><strong><a title=\"Acc\u00e9der \u00e0 \n                                       l'article\" href=\"https:\/\/geoconfluences.ens-lyon.fr\/informations-scientifiques\/dossiers-regionaux\/la-chine\/articles-scientifiques\/nouvelles-routes-soie-bri-belt-and-road-initiative\" target=\"_blank\" rel=\"noopener noreferrer\">&gt; Lire l&#8217;article<\/a><\/strong><\/td>\n<td><\/td>\n<\/tr>\n<tr>\n<td><\/td>\n<\/tr>\n<tr>\n<td><\/td>\n<td colspan=\"2\">\n<h3><strong>Le transport a\u00e9rien dans la pand\u00e9mie, l\u2019exemple de l\u2019EuroAirport de B\u00e2le<\/strong><\/h3>\n<\/td>\n<td><\/td>\n<\/tr>\n<tr>\n<td><\/td>\n<td><a title=\"Lire l'article\" href=\"https:\/\/geoconfluences.ens-lyon.fr\/informations-scientifiques\/dossiers-thematiques\/mobilites-flux-et-transports\/articles-scientifiques\/transport-aerien-covid-euroairport-bale\" target=\"_blank\" rel=\"noopener noreferrer\"><img loading=\"lazy\" decoding=\"async\" src=\"https:\/\/geoconfluences.ens-lyon.fr\/images\/img-mobilites-flux-transports\/img-woessner-euroairport\/vignette.png\" width=\"133\" height=\"100\" border=\"0\" \/><\/a>Article scientifique<\/td>\n<td>par\u00a0<strong>Raymond Woessner<\/strong><\/p>\n<p>L&#8217;a\u00e9roport de B\u00e2le est situ\u00e9 en Alsace, cog\u00e9r\u00e9 par la France et la Suisse avec participation allemande. Exemple d&#8217;une gestion transfrontali\u00e8re pouss\u00e9e et r\u00e9ussie, il a capt\u00e9 une part croissante des flux a\u00e9riens r\u00e9gionaux. Si la pand\u00e9mie a fortement touch\u00e9 le trafic passager au d\u00e9but, il a repris rapidement. Le fret, lui, est rest\u00e9 tr\u00e8s stable, notamment gr\u00e2ce \u00e0 un tissu d&#8217;entreprises locales ultra-sp\u00e9cialis\u00e9es.<\/p>\n<p><strong><a title=\"Acc\u00e9der \u00e0 \n                                       l'article\" href=\"https:\/\/geoconfluences.ens-lyon.fr\/informations-scientifiques\/dossiers-thematiques\/mobilites-flux-et-transports\/articles-scientifiques\/transport-aerien-covid-euroairport-bale\" target=\"_blank\" rel=\"noopener noreferrer\">&gt; Lire l&#8217;article<\/a><\/strong><\/td>\n<td><\/td>\n<\/tr>\n<tr>\n<td><\/td>\n<\/tr>\n<tr>\n<td><\/td>\n<td colspan=\"2\">\n<h3><strong>&#8220;La Terre est le domaine de l\u2019homme&#8221;. Le d\u00e9veloppement de la g\u00e9ographie coloniale en France, 1860\u20131947<\/strong><\/h3>\n<\/td>\n<td><\/td>\n<\/tr>\n<tr>\n<td><\/td>\n<td><a title=\"Lire l'article\" href=\"https:\/\/geoconfluences.ens-lyon.fr\/informations-scientifiques\/dossiers-thematiques\/geographie-espaces-scolaires\/geographie-a-l-ecole\/geographie-coloniale\" target=\"_blank\" rel=\"noopener noreferrer\"><img loading=\"lazy\" decoding=\"async\" src=\"https:\/\/geoconfluences.ens-lyon.fr\/images\/img-ecole\/img-clerc-geo-coloniale\/vignette.jpg\" width=\"133\" height=\"100\" border=\"0\" \/><\/a>Article scientifique<\/td>\n<td>par\u00a0<strong>Pascal Clerc<\/strong><\/p>\n<p>La g\u00e9ographie coloniale fran\u00e7aise s\u2019est d\u2019abord d\u00e9velopp\u00e9e dans les champs scolaire et universitaire en mobilisant la connaissance fine des territoires dans une perspective nationaliste. Elle fut aussi un \u00e9l\u00e9ment moteur de la modernisation de la g\u00e9ographie autour des questions \u00e9conomiques et am\u00e9nagistes.<\/p>\n<p><strong><a title=\"Acc\u00e9der \u00e0 \n                                       l'article\" href=\"https:\/\/geoconfluences.ens-lyon.fr\/informations-scientifiques\/dossiers-thematiques\/geographie-espaces-scolaires\/geographie-a-l-ecole\/geographie-coloniale\" target=\"_blank\" rel=\"noopener noreferrer\">&gt; Lire l&#8217;article<\/a><\/strong><\/td>\n<td><\/td>\n<\/tr>\n<tr>\n<td><\/td>\n<\/tr>\n<\/tbody>\n<\/table>\n<table border=\"0\" cellspacing=\"0\" cellpadding=\"0\">\n<tbody>\n<tr>\n<td>\n<table border=\"0\" cellspacing=\"0\" cellpadding=\"0\">\n<tbody>\n<tr>\n<td>\n<h2><img decoding=\"async\" src=\"http:\/\/geoconfluences.ens-lyon.fr\/images\/lettre\/lettre-info-v2022\/mise-a-jour.png\" width=\"140\" border=\"0\" \/><\/h2>\n<\/td>\n<td><\/td>\n<\/tr>\n<\/tbody>\n<\/table>\n<\/td>\n<\/tr>\n<tr>\n<td>\n<table border=\"0\" cellspacing=\"0\" cellpadding=\"0\">\n<tbody>\n<tr>\n<td><\/td>\n<td colspan=\"2\">\n<h3><strong>Mise \u00e0 jour\u00a0: L&#8217;Europe entre associations, alliances et partenariats. L&#8217;\u00e9tat de l&#8217;Union europ\u00e9enne, de la zone euro, de l&#8217;espace Schengen et de l&#8217;OTAN au 1er juillet 2023<\/strong><\/h3>\n<\/td>\n<td><\/td>\n<\/tr>\n<tr>\n<td><\/td>\n<td><a title=\"Lire l'article\" href=\"https:\/\/geoconfluences.ens-lyon.fr\/doc\/etpays\/Europe\/EurDoc13.htm\" target=\"_blank\" rel=\"noopener noreferrer\"><img loading=\"lazy\" decoding=\"async\" src=\"http:\/\/geoconfluences.ens-lyon.fr\/images\/articles\/orcier\/vignette.jpg\" width=\"133\" height=\"100\" border=\"0\" \/><\/a>Mise \u00e0 jour<\/td>\n<td>par\u00a0<strong>Pascal Orcier<\/strong><\/p>\n<p>Avec notamment l&#8217;ajout d&#8217;une carte sur le groupe des \u00ab Neuf de Bucarest \u00bb et une mise au point sur la nouvelle attractivit\u00e9 de l&#8217;OTAN.<\/p>\n<p><strong><a title=\"Acc\u00e9der \u00e0 \n                                               l'article\" href=\"http:\/\/geoconfluences.ens-lyon.fr\/doc\/etpays\/Europe\/EurDoc13.htm\" target=\"_blank\" rel=\"noopener noreferrer\">&gt; Lire l&#8217;article<\/a><\/strong><\/td>\n<td><\/td>\n<\/tr>\n<tr>\n<td><\/td>\n<\/tr>\n<tr>\n<td><\/td>\n<\/tr>\n<tr>\n<td><\/td>\n<td colspan=\"2\">\n<h3><strong>Mise \u00e0 jour\u00a0: Quels \u00e9largissements futurs pour l&#8217;Union europ\u00e9enne\u00a0?<\/strong><\/h3>\n<\/td>\n<td><\/td>\n<\/tr>\n<tr>\n<td><\/td>\n<td><a title=\"Lire l'article\" href=\"https:\/\/geoconfluences.ens-lyon.fr\/informations-scientifiques\/dossiers-regionaux\/territoires-europeens-regions-etats-union\/articles-scientifiques\/elargissements-union-europeenne\" target=\"_blank\" rel=\"noopener noreferrer\"><img loading=\"lazy\" decoding=\"async\" src=\"http:\/\/geoconfluences.ens-lyon.fr\/images\/articles\/img-orcier-ap-2022\/img-orcier-elargissements\/vignette.png\" width=\"133\" height=\"100\" border=\"0\" \/><\/a>Mise \u00e0 jour<\/td>\n<td>par\u00a0<strong>Pascal Orcier<\/strong><\/p>\n<p>L&#8217;invasion russe pousse l&#8217;Ukraine, comme la Moldavie, \u00e0 demander une adh\u00e9sion acc\u00e9l\u00e9r\u00e9e, impensable auparavant.<\/p>\n<p><strong><a title=\"Acc\u00e9der \u00e0 \n                                               l'article\" href=\"https:\/\/geoconfluences.ens-lyon.fr\/informations-scientifiques\/dossiers-regionaux\/territoires-europeens-regions-etats-union\/articles-scientifiques\/elargissements-union-europeenne\" target=\"_blank\" rel=\"noopener noreferrer\">&gt; Lire l&#8217;article<\/a><\/strong><\/td>\n<td><\/td>\n<\/tr>\n<tr>\n<td><\/td>\n<\/tr>\n<tr>\n<td><\/td>\n<\/tr>\n<tr>\n<td><\/td>\n<td colspan=\"2\">\n<h3><strong>Mise \u00e0 jour\u00a0: Fronti\u00e8res et territoires frontaliers en Europe\u00a0: une visite guid\u00e9e<\/strong><\/h3>\n<\/td>\n<td><\/td>\n<\/tr>\n<tr>\n<td><\/td>\n<td><a title=\"Lire l'article\" href=\"https:\/\/geoconfluences.ens-lyon.fr\/informations-scientifiques\/dossiers-regionaux\/territoires-europeens-regions-etats-union\/corpus-documentaire\/frontieres-et-territoires-frontaliers-en-europe-une-visite-guidee\" target=\"_blank\" rel=\"noopener noreferrer\"><img loading=\"lazy\" decoding=\"async\" src=\"http:\/\/geoconfluences.ens-lyon.fr\/images\/articles\/img-orcier-frontieres-de-leurope\/vignette.jpg\" width=\"133\" height=\"100\" border=\"0\" \/><\/a>Mise \u00e0 jour<\/td>\n<td>par\u00a0<strong>Pascal Orcier<\/strong><\/p>\n<p>Plusieurs nouvelles cartes et des photographies du terminal ferries \u00e0 Douvres.<\/p>\n<p><strong><a title=\"Acc\u00e9der \u00e0 \n                                               l'article\" href=\"https:\/\/geoconfluences.ens-lyon.fr\/informations-scientifiques\/dossiers-regionaux\/territoires-europeens-regions-etats-union\/corpus-documentaire\/frontieres-et-territoires-frontaliers-en-europe-une-visite-guidee\" target=\"_blank\" rel=\"noopener noreferrer\">&gt; Lire l&#8217;article<\/a><\/strong><\/td>\n<td><\/td>\n<\/tr>\n<tr>\n<td><\/td>\n<\/tr>\n<tr>\n<td><\/td>\n<\/tr>\n<\/tbody>\n<\/table>\n<table border=\"0\" cellspacing=\"0\" cellpadding=\"0\">\n<tbody>\n<tr>\n<td>\n<table border=\"0\" cellspacing=\"0\" cellpadding=\"0\">\n<tbody>\n<tr>\n<td>\n<h2><img decoding=\"async\" src=\"http:\/\/geoconfluences.ens-lyon.fr\/images\/lettre\/lettre-info-v2022\/5ans.png\" width=\"140\" border=\"0\" \/><\/h2>\n<\/td>\n<td><\/td>\n<\/tr>\n<\/tbody>\n<\/table>\n<\/td>\n<\/tr>\n<tr>\n<td>\n<table border=\"0\" cellspacing=\"0\" cellpadding=\"0\">\n<tbody>\n<tr>\n<td><\/td>\n<td colspan=\"2\">\n<h3><strong>Il y a 5 ans\u00a0: \u00ab\u00a0Les campagnes viticoles du Juran\u00e7onnais\u00a0: dynamiques des vignerons ind\u00e9pendants au sein d\u2019un syst\u00e8me productif en recomposition\u00a0\u00bb<\/strong><\/h3>\n<\/td>\n<td><\/td>\n<\/tr>\n<tr>\n<td><\/td>\n<td><a title=\"Lire l'article\" href=\"https:\/\/geoconfluences.ens-lyon.fr\/informations-scientifiques\/dossiers-thematiques\/le-vin-entre-societes-marches-et-territoires\/articles-scientifiques\/vignoble-juranconnais\" target=\"_blank\" rel=\"noopener noreferrer\"><img loading=\"lazy\" decoding=\"async\" src=\"https:\/\/geoconfluences.ens-lyon.fr\/images\/img-france-rurale-et-periurbaine\/img-berche\/vignette.jpg\" width=\"133\" height=\"100\" border=\"0\" \/><\/a>Il y a 5 ans<\/td>\n<td>En juin 2018, par\u00a0<strong>Gr\u00e9goire Berche<\/strong><\/p>\n<p>Comme toute la fili\u00e8re viti-vinicole fran\u00e7aise, le vignoble du Juran\u00e7onnais conna\u00eet des difficult\u00e9s, notamment en raison de l&#8217;\u00e9volution des habitudes de consommation. L&#8217;ensemble des strat\u00e9gies mises en place par les producteurs pour les surmonter conduit \u00e0 une recomposition de ce petit vignoble du Sud-Ouest, laquelle passe notamment par une recherche de qualit\u00e9 exprim\u00e9e par des signes ext\u00e9rieurs comme la reconfiguration des exploitations ou le travail sur les images.<\/p>\n<p><strong><a title=\"Acc\u00e9der \u00e0 \n                                                       l'article\" href=\"https:\/\/geoconfluences.ens-lyon.fr\/informations-scientifiques\/dossiers-thematiques\/le-vin-entre-societes-marches-et-territoires\/articles-scientifiques\/vignoble-juranconnais\" target=\"_blank\" rel=\"noopener noreferrer\">(Re)lire l&#8217;article<\/a><\/strong><\/td>\n<td><\/td>\n<\/tr>\n<tr>\n<td><\/td>\n<\/tr>\n<\/tbody>\n<\/table>\n<table border=\"0\" cellspacing=\"0\" cellpadding=\"0\">\n<tbody>\n<tr>\n<td>\n<table border=\"0\" cellspacing=\"0\" cellpadding=\"0\">\n<tbody>\n<tr>\n<td>\n<h2><img decoding=\"async\" src=\"https:\/\/geoconfluences.ens-lyon.fr\/images\/lettre\/lettre-info-v2022\/veille.png\" width=\"140\" border=\"0\" \/><\/h2>\n<\/td>\n<td><\/td>\n<\/tr>\n<\/tbody>\n<\/table>\n<\/td>\n<\/tr>\n<tr>\n<td>\n<table border=\"0\" cellspacing=\"0\" cellpadding=\"0\">\n<tbody>\n<tr>\n<td><\/td>\n<td colspan=\"2\"><em><a title=\"Acc\u00e9der \u00e0 \n                                                           l'article\" href=\"https:\/\/geoconfluences.ens-lyon.fr\/actualites\/veille\" target=\"_blank\" rel=\"noopener noreferrer\">Un regard quotidien sur l&#8217;actualit\u00e9 g\u00e9ographique.<\/a><\/em><\/td>\n<td><\/td>\n<\/tr>\n<tr>\n<td><\/td>\n<td><a href=\"https:\/\/geoconfluences.ens-lyon.fr\/actualites\/veille\/breves\/deserts-medicaux-france-orne\" target=\"_blank\" rel=\"noopener noreferrer\"><img decoding=\"async\" src=\"https:\/\/geoconfluences.ens-lyon.fr\/images\/veille\/vignettes\/2023-img-vignettes\/vignette-orne.png\" width=\"100\" border=\"0\" \/><\/a>Population et sant\u00e9<\/p>\n<p>&nbsp;<\/td>\n<td><a title=\"Acc\u00e9der \u00e0 la \n                                                           veille\" href=\"https:\/\/geoconfluences.ens-lyon.fr\/actualites\/veille\/breves\/deserts-medicaux-france-orne\" target=\"_blank\" rel=\"noopener noreferrer\"><strong>La d\u00e9sertification m\u00e9dicale en France, l&#8217;exemple du d\u00e9partement de l&#8217;Orne<\/strong><\/a><\/p>\n<p><strong>Par Marie Vernin.<\/strong>\u00a0Le nombre de m\u00e9decins par habitant varie fortement selon les territoires, comme le montre l&#8217;exemple du d\u00e9partement de l&#8217;Orne en Normandie.<\/td>\n<td><\/td>\n<\/tr>\n<tr>\n<td><\/td>\n<td><a href=\"https:\/\/geoconfluences.ens-lyon.fr\/actualites\/veille\/breves\/le-glossaire-de-geoconfluences-compte-1500-entrees\" target=\"_blank\" rel=\"noopener noreferrer\"><img decoding=\"async\" src=\"https:\/\/geoconfluences.ens-lyon.fr\/images\/veille\/vignettes\/2023-img-vignettes\/1500glossaire.png\" width=\"100\" border=\"0\" \/><\/a>Glossaire<\/p>\n<p>&nbsp;<\/td>\n<td><a title=\"Acc\u00e9der \u00e0 la \n                                                           veille\" href=\"https:\/\/geoconfluences.ens-lyon.fr\/actualites\/veille\/breves\/le-glossaire-de-geoconfluences-compte-1500-entrees\" target=\"_blank\" rel=\"noopener noreferrer\"><strong>Le glossaire de G\u00e9oconfluences compte 1500 entr\u00e9es<\/strong><\/a><\/p>\n<p>Cr\u00e9\u00e9 il y a 20 ans par Sylviane Tabarly et continuellement enrichi depuis, le glossaire vient d\u2019atteindre les 1500 entr\u00e9es.<\/td>\n<td><\/td>\n<\/tr>\n<tr>\n<td><\/td>\n<td><a href=\"https:\/\/geoconfluences.ens-lyon.fr\/actualites\/veille\/parutions\/parutions-printemps-23\" target=\"_blank\" rel=\"noopener noreferrer\"><img decoding=\"async\" src=\"https:\/\/geoconfluences.ens-lyon.fr\/images\/veille\/vignettes\/2023-img-vignettes\/publis-printemps23.png\" width=\"100\" border=\"0\" \/><\/a>Livres<\/p>\n<p>&nbsp;<\/td>\n<td><a title=\"Acc\u00e9der \u00e0 la \n                                                           veille\" href=\"https:\/\/geoconfluences.ens-lyon.fr\/actualites\/veille\/parutions\/parutions-printemps-23\" target=\"_blank\" rel=\"noopener noreferrer\"><strong>Parutions papier en g\u00e9ographie, printemps 2023<\/strong><\/a><\/p>\n<p>Mobilit\u00e9s, \u00e9pid\u00e9mies, Afrique dans la mondialisation, cartographie, environnement, g\u00e9opolitique de l&#8217;espace, B\u00e9nar\u00e8s, Montpellier, Lyon, urbanisme, lieux de fiction&#8230;<\/td>\n<\/tr>\n<tr>\n<td><\/td>\n<td><a href=\"https:\/\/geoconfluences.ens-lyon.fr\/actualites\/veille\/evenements\/enfants-patrimoine-2023\" target=\"_blank\" rel=\"noopener noreferrer\"><img decoding=\"async\" src=\"https:\/\/geoconfluences.ens-lyon.fr\/images\/veille\/vignettes\/2023-img-vignettes\/enfants-du-patrimoine.png\" width=\"100\" border=\"0\" \/><\/a>Sorties<\/p>\n<p>&nbsp;<\/td>\n<td><a title=\"Acc\u00e9der \u00e0 la \n                                                           veille\" href=\"https:\/\/geoconfluences.ens-lyon.fr\/actualites\/veille\/evenements\/enfants-patrimoine-2023\" target=\"_blank\" rel=\"noopener noreferrer\"><strong>Les enfants du patrimoine, 15 septembre 2023\u00a0: les inscriptions sont ouvertes<\/strong><\/a><\/p>\n<p>Un programme d&#8217;activit\u00e9s adapt\u00e9es et gratuites pour les \u00e9coles, coll\u00e8ges &amp; lyc\u00e9es, organis\u00e9es la veille des journ\u00e9es du patrimoine.<\/td>\n<td><\/td>\n<\/tr>\n<tr>\n<td><\/td>\n<td><a href=\"https:\/\/geoconfluences.ens-lyon.fr\/actualites\/veille\/concours-examens-programmes\/dnb-2023-amerique-du-nord\" target=\"_blank\" rel=\"noopener noreferrer\"><img decoding=\"async\" src=\"https:\/\/geoconfluences.ens-lyon.fr\/images\/veille\/vignettes\/2023-img-vignettes\/dnb-lead.png\" width=\"100\" border=\"0\" \/><\/a>Brevet<\/p>\n<p>&nbsp;<\/td>\n<td><a title=\"Acc\u00e9der \u00e0 la \n                                                           veille\" href=\"https:\/\/geoconfluences.ens-lyon.fr\/actualites\/veille\/concours-examens-programmes\/dnb-2023-amerique-du-nord\" target=\"_blank\" rel=\"noopener noreferrer\"><strong>Dipl\u00f4me national du brevet\u00a0: sujets 2023<\/strong><\/a><\/p>\n<p>Les civils dans la Premi\u00e8re Guerre mondiale\u00a0; les espaces de faible densit\u00e9 en France\u00a0; localiser les aires urbaines\u00a0; l&#8217;engagement citoyen des jeunes.<\/td>\n<td><\/td>\n<\/tr>\n<tr>\n<td><\/td>\n<td colspan=\"2\"><strong><a title=\"Acc\u00e9der \n                                                           \u00e0 l'article\" href=\"https:\/\/geoconfluences.ens-lyon.fr\/actualites\/veille\" target=\"_blank\" rel=\"noopener noreferrer\">&gt;&gt;&gt; Voir toutes les actualit\u00e9s r\u00e9centes<\/a><\/strong><\/td>\n<\/tr>\n<tr>\n<td><\/td>\n<td><\/td>\n<\/tr>\n<tr>\n<td><\/td>\n<td colspan=\"2\"><\/td>\n<td><\/td>\n<\/tr>\n<\/tbody>\n<\/table>\n<\/td>\n<\/tr>\n<tr>\n<td>\n<table border=\"0\" cellspacing=\"0\" cellpadding=\"0\">\n<tbody>\n<tr>\n<td colspan=\"3\"><\/td>\n<\/tr>\n<tr>\n<td><\/td>\n<td colspan=\"2\"><\/td>\n<td><\/td>\n<\/tr>\n<\/tbody>\n<\/table>\n<\/td>\n<\/tr>\n<\/tbody>\n<\/table>\n<\/td>\n<\/tr>\n<\/tbody>\n<\/table>\n<table border=\"0\" cellspacing=\"0\" cellpadding=\"0\">\n<tbody>\n<tr>\n<td>\n<table border=\"0\" cellspacing=\"0\" cellpadding=\"0\">\n<tbody>\n<tr>\n<td><\/td>\n<td>Lettre d&#8217;information de G\u00e9oconfluences n<sup>o<\/sup>\u00a0191<br \/>\nde juin 2023<\/p>\n<p><span style=\"font-family: inherit;font-size: inherit\">Lire la lettre d&#8217;information <\/span><a style=\"font-family: inherit;font-size: inherit\" href=\"https:\/\/geoconfluences.ens-lyon.fr\/a-propos\/nos-informations\" target=\"_blank\" rel=\"noopener\">sur internet<\/a><\/td>\n<\/tr>\n<\/tbody>\n<\/table>\n<\/td>\n<td><\/td>\n<\/tr>\n<\/tbody>\n<\/table>\n<\/td>\n<\/tr>\n<\/tbody>\n<\/table>\n<\/td>\n<\/tr>\n<\/tbody>\n<\/table>\n<\/td>\n<\/tr>\n<\/tbody>\n<\/table>\n<\/div>\n","protected":false},"excerpt":{"rendered":"<p>La lettre d&#8217;information de G\u00e9oconfluences No\u00a0191 \u2014 juin 2023 Si cette lettre ne s&#8217;affiche pas correctement,\u00a0consultez-la en ligne Bonjour, La<\/p>\n","protected":false},"author":10,"featured_media":5270,"comment_status":"closed","ping_status":"closed","sticky":false,"template":"","format":"standard","meta":{"_bbp_topic_count":0,"_bbp_reply_count":0,"_bbp_total_topic_count":0,"_bbp_total_reply_count":0,"_bbp_voice_count":0,"_bbp_anonymous_reply_count":0,"_bbp_topic_count_hidden":0,"_bbp_reply_count_hidden":0,"_bbp_forum_subforum_count":0,"footnotes":""},"categories":[3],"tags":[],"class_list":["post-5269","post","type-post","status-publish","format-standard","has-post-thumbnail","hentry","category-actualites"],"_links":{"self":[{"href":"https:\/\/ent2d.ac-bordeaux.fr\/disciplines\/lettres-histoire\/wp-json\/wp\/v2\/posts\/5269","targetHints":{"allow":["GET"]}}],"collection":[{"href":"https:\/\/ent2d.ac-bordeaux.fr\/disciplines\/lettres-histoire\/wp-json\/wp\/v2\/posts"}],"about":[{"href":"https:\/\/ent2d.ac-bordeaux.fr\/disciplines\/lettres-histoire\/wp-json\/wp\/v2\/types\/post"}],"author":[{"embeddable":true,"href":"https:\/\/ent2d.ac-bordeaux.fr\/disciplines\/lettres-histoire\/wp-json\/wp\/v2\/users\/10"}],"replies":[{"embeddable":true,"href":"https:\/\/ent2d.ac-bordeaux.fr\/disciplines\/lettres-histoire\/wp-json\/wp\/v2\/comments?post=5269"}],"version-history":[{"count":1,"href":"https:\/\/ent2d.ac-bordeaux.fr\/disciplines\/lettres-histoire\/wp-json\/wp\/v2\/posts\/5269\/revisions"}],"predecessor-version":[{"id":5271,"href":"https:\/\/ent2d.ac-bordeaux.fr\/disciplines\/lettres-histoire\/wp-json\/wp\/v2\/posts\/5269\/revisions\/5271"}],"wp:featuredmedia":[{"embeddable":true,"href":"https:\/\/ent2d.ac-bordeaux.fr\/disciplines\/lettres-histoire\/wp-json\/wp\/v2\/media\/5270"}],"wp:attachment":[{"href":"https:\/\/ent2d.ac-bordeaux.fr\/disciplines\/lettres-histoire\/wp-json\/wp\/v2\/media?parent=5269"}],"wp:term":[{"taxonomy":"category","embeddable":true,"href":"https:\/\/ent2d.ac-bordeaux.fr\/disciplines\/lettres-histoire\/wp-json\/wp\/v2\/categories?post=5269"},{"taxonomy":"post_tag","embeddable":true,"href":"https:\/\/ent2d.ac-bordeaux.fr\/disciplines\/lettres-histoire\/wp-json\/wp\/v2\/tags?post=5269"}],"curies":[{"name":"wp","href":"https:\/\/api.w.org\/{rel}","templated":true}]}}