{"id":5254,"date":"2023-05-08T18:56:49","date_gmt":"2023-05-08T17:56:49","guid":{"rendered":"https:\/\/ent2d.ac-bordeaux.fr\/disciplines\/lettres-histoire\/?p=5254"},"modified":"2023-05-08T19:01:05","modified_gmt":"2023-05-08T18:01:05","slug":"5254-2","status":"publish","type":"post","link":"https:\/\/ent2d.ac-bordeaux.fr\/disciplines\/lettres-histoire\/5254-2\/","title":{"rendered":""},"content":{"rendered":"<p style=\"text-align: justify\">Nous vous signalons la parution d&#8217;un ouvrage que nous vous recommandons tout particuli\u00e8rement sur la ma\u00eetrise de la langue et sur le travail qui peut \u00eatre men\u00e9 autour de cet \u00e9l\u00e9ment de savoir fondamental :<\/p>\n<p style=\"text-align: justify\"><b>Travailler la ma\u00eetrise de la langue de<\/b> Karine Risselin, Anne Vibert et Emilie Busch<\/p>\n<p style=\"text-align: justify\">Cet ouvrage se veut tr\u00e8s pragmatique et pourrait aider les \u00e9quipes \u00e0 s&#8217;emparer de la question.<\/p>\n<p style=\"text-align: justify\">Vous pourrez prendre connaissance du sommaire et avoir un aper\u00e7u de son contenu, en cliquant sur le lien suivant :\u00a0 <a href=\"https:\/\/www.esf-scienceshumaines.fr\/accueil\/435-travailler-la-maitrise-de-la-langue.html\" target=\"_blank\" rel=\"noopener\" data-saferedirecturl=\"https:\/\/www.google.com\/url?q=https:\/\/www.esf-scienceshumaines.fr\/accueil\/435-travailler-la-maitrise-de-la-langue.html&amp;source=gmail&amp;ust=1683654806551000&amp;usg=AOvVaw3ZS-0AX6abI_mSFXdUZb3t\">https:\/\/www.esf-scienceshumaines.fr\/accueil\/435-travailler-la-maitrise-de-la-langue.html<\/a><\/p>\n","protected":false},"excerpt":{"rendered":"<p>Nous vous signalons la parution d&#8217;un ouvrage que nous vous recommandons tout particuli\u00e8rement sur la ma\u00eetrise de la langue et<\/p>\n","protected":false},"author":11,"featured_media":5257,"comment_status":"closed","ping_status":"closed","sticky":false,"template":"","format":"standard","meta":{"_bbp_topic_count":0,"_bbp_reply_count":0,"_bbp_total_topic_count":0,"_bbp_total_reply_count":0,"_bbp_voice_count":0,"_bbp_anonymous_reply_count":0,"_bbp_topic_count_hidden":0,"_bbp_reply_count_hidden":0,"_bbp_forum_subforum_count":0,"footnotes":""},"categories":[3],"tags":[],"class_list":["post-5254","post","type-post","status-publish","format-standard","has-post-thumbnail","hentry","category-actualites"],"_links":{"self":[{"href":"https:\/\/ent2d.ac-bordeaux.fr\/disciplines\/lettres-histoire\/wp-json\/wp\/v2\/posts\/5254","targetHints":{"allow":["GET"]}}],"collection":[{"href":"https:\/\/ent2d.ac-bordeaux.fr\/disciplines\/lettres-histoire\/wp-json\/wp\/v2\/posts"}],"about":[{"href":"https:\/\/ent2d.ac-bordeaux.fr\/disciplines\/lettres-histoire\/wp-json\/wp\/v2\/types\/post"}],"author":[{"embeddable":true,"href":"https:\/\/ent2d.ac-bordeaux.fr\/disciplines\/lettres-histoire\/wp-json\/wp\/v2\/users\/11"}],"replies":[{"embeddable":true,"href":"https:\/\/ent2d.ac-bordeaux.fr\/disciplines\/lettres-histoire\/wp-json\/wp\/v2\/comments?post=5254"}],"version-history":[{"count":1,"href":"https:\/\/ent2d.ac-bordeaux.fr\/disciplines\/lettres-histoire\/wp-json\/wp\/v2\/posts\/5254\/revisions"}],"predecessor-version":[{"id":5256,"href":"https:\/\/ent2d.ac-bordeaux.fr\/disciplines\/lettres-histoire\/wp-json\/wp\/v2\/posts\/5254\/revisions\/5256"}],"wp:featuredmedia":[{"embeddable":true,"href":"https:\/\/ent2d.ac-bordeaux.fr\/disciplines\/lettres-histoire\/wp-json\/wp\/v2\/media\/5257"}],"wp:attachment":[{"href":"https:\/\/ent2d.ac-bordeaux.fr\/disciplines\/lettres-histoire\/wp-json\/wp\/v2\/media?parent=5254"}],"wp:term":[{"taxonomy":"category","embeddable":true,"href":"https:\/\/ent2d.ac-bordeaux.fr\/disciplines\/lettres-histoire\/wp-json\/wp\/v2\/categories?post=5254"},{"taxonomy":"post_tag","embeddable":true,"href":"https:\/\/ent2d.ac-bordeaux.fr\/disciplines\/lettres-histoire\/wp-json\/wp\/v2\/tags?post=5254"}],"curies":[{"name":"wp","href":"https:\/\/api.w.org\/{rel}","templated":true}]}}