{"id":5241,"date":"2023-04-24T19:07:53","date_gmt":"2023-04-24T18:07:53","guid":{"rendered":"https:\/\/ent2d.ac-bordeaux.fr\/disciplines\/lettres-histoire\/?p=5241"},"modified":"2023-04-24T19:09:05","modified_gmt":"2023-04-24T18:09:05","slug":"9-mai-journee-de-leurope","status":"publish","type":"post","link":"https:\/\/ent2d.ac-bordeaux.fr\/disciplines\/lettres-histoire\/9-mai-journee-de-leurope\/","title":{"rendered":"9 mai : Journ\u00e9e de l&#8217;Europe"},"content":{"rendered":"<p>La\u00a0<a href=\"https:\/\/www.education.gouv.fr\/9-mai-journee-de-l-europe-323168\" target=\"_blank\" rel=\"noopener\">journ\u00e9e du 9 mai<\/a>\u00a0comm\u00e9more la d\u00e9claration de Robert Schuman marquant le d\u00e9but de la construction communautaire. Des \u00e9v\u00e9nements sont organis\u00e9s dans toute l&#8217;Europe. Les \u00e9coles et les \u00e9tablissements scolaires europ\u00e9ens sont invit\u00e9s \u00e0 f\u00eater cette journ\u00e9e qui \u00e9tend les c\u00e9l\u00e9brations du 9 mai \u00e0 l\u2019ensemble du mois \u00e0 travers le Joli mois de l\u2019Europe.<\/p>\n<p>Des ressources pour aller plus loin :\u00a0<a href=\"https:\/\/eduscol.education.fr\/3257\/journee-de-l-europe\" target=\"_blank\" rel=\"noopener\">https:\/\/eduscol.education.fr\/3257\/journee-de-l-europe<\/a><\/p>\n","protected":false},"excerpt":{"rendered":"<p>La\u00a0journ\u00e9e du 9 mai\u00a0comm\u00e9more la d\u00e9claration de Robert Schuman marquant le d\u00e9but de la construction communautaire. Des \u00e9v\u00e9nements sont organis\u00e9s<\/p>\n","protected":false},"author":10,"featured_media":5244,"comment_status":"closed","ping_status":"closed","sticky":false,"template":"","format":"standard","meta":{"_bbp_topic_count":0,"_bbp_reply_count":0,"_bbp_total_topic_count":0,"_bbp_total_reply_count":0,"_bbp_voice_count":0,"_bbp_anonymous_reply_count":0,"_bbp_topic_count_hidden":0,"_bbp_reply_count_hidden":0,"_bbp_forum_subforum_count":0,"footnotes":""},"categories":[3],"tags":[],"class_list":["post-5241","post","type-post","status-publish","format-standard","has-post-thumbnail","hentry","category-actualites"],"_links":{"self":[{"href":"https:\/\/ent2d.ac-bordeaux.fr\/disciplines\/lettres-histoire\/wp-json\/wp\/v2\/posts\/5241","targetHints":{"allow":["GET"]}}],"collection":[{"href":"https:\/\/ent2d.ac-bordeaux.fr\/disciplines\/lettres-histoire\/wp-json\/wp\/v2\/posts"}],"about":[{"href":"https:\/\/ent2d.ac-bordeaux.fr\/disciplines\/lettres-histoire\/wp-json\/wp\/v2\/types\/post"}],"author":[{"embeddable":true,"href":"https:\/\/ent2d.ac-bordeaux.fr\/disciplines\/lettres-histoire\/wp-json\/wp\/v2\/users\/10"}],"replies":[{"embeddable":true,"href":"https:\/\/ent2d.ac-bordeaux.fr\/disciplines\/lettres-histoire\/wp-json\/wp\/v2\/comments?post=5241"}],"version-history":[{"count":1,"href":"https:\/\/ent2d.ac-bordeaux.fr\/disciplines\/lettres-histoire\/wp-json\/wp\/v2\/posts\/5241\/revisions"}],"predecessor-version":[{"id":5243,"href":"https:\/\/ent2d.ac-bordeaux.fr\/disciplines\/lettres-histoire\/wp-json\/wp\/v2\/posts\/5241\/revisions\/5243"}],"wp:featuredmedia":[{"embeddable":true,"href":"https:\/\/ent2d.ac-bordeaux.fr\/disciplines\/lettres-histoire\/wp-json\/wp\/v2\/media\/5244"}],"wp:attachment":[{"href":"https:\/\/ent2d.ac-bordeaux.fr\/disciplines\/lettres-histoire\/wp-json\/wp\/v2\/media?parent=5241"}],"wp:term":[{"taxonomy":"category","embeddable":true,"href":"https:\/\/ent2d.ac-bordeaux.fr\/disciplines\/lettres-histoire\/wp-json\/wp\/v2\/categories?post=5241"},{"taxonomy":"post_tag","embeddable":true,"href":"https:\/\/ent2d.ac-bordeaux.fr\/disciplines\/lettres-histoire\/wp-json\/wp\/v2\/tags?post=5241"}],"curies":[{"name":"wp","href":"https:\/\/api.w.org\/{rel}","templated":true}]}}