{"id":5212,"date":"2023-04-02T17:43:31","date_gmt":"2023-04-02T16:43:31","guid":{"rendered":"https:\/\/ent2d.ac-bordeaux.fr\/disciplines\/lettres-histoire\/?p=5212"},"modified":"2023-04-03T13:43:13","modified_gmt":"2023-04-03T12:43:13","slug":"projet-cartooning-for-peace-clemi","status":"publish","type":"post","link":"https:\/\/ent2d.ac-bordeaux.fr\/disciplines\/lettres-histoire\/projet-cartooning-for-peace-clemi\/","title":{"rendered":"Aborder l&#8217;EDD et l&#8217;EMI par le dessin humoristique"},"content":{"rendered":"<h5 style=\"text-align: justify\">Les \u00e9l\u00e8ves de 1\u00e8re Syst\u00e8mes Num\u00e9riques du Lyc\u00e9e Ramiro Arrue de Saint-Jean-de-Luz ont particip\u00e9 au concours de dessin de presse organis\u00e9 par le Rectorat et le Clemi. Ils ont ainsi abord\u00e9 l&#8217;\u00e9ducation aux m\u00e9dias et \u00e0 l&#8217;information et l&#8217;EDD. Ce projet a \u00e9t\u00e9 r\u00e9alis\u00e9 avec le dessinateur de presse Philippe Tastet. L&#8217;ensemble des dessins ont \u00e9t\u00e9 soumis \u00e0 un vote pour \u00e9lire les 3 laur\u00e9ats du concours au niveau du lyc\u00e9e. Vous trouverez, ci-dessous, les trois gagnants et l&#8217;ensemble des dessins de la classe en suivant ce lien <a href=\"https:\/\/view.genial.ly\/63fbbed965a7c00011ac69d5\/presentation-dessin-de-presse-et-developpement-durable\">genially.<\/a><\/h5>\n<h5>Vous trouverez toutes les informations sur ce projet en allant sur cette page :<\/h5>\n<p>&nbsp;<\/p>\n<p>&nbsp;<\/p>\n<h3 style=\"text-align: center\"><strong>Matiss Bourguinat<\/strong><img loading=\"lazy\" decoding=\"async\" class=\"wp-image-5214 aligncenter\" src=\"https:\/\/ent2d.ac-bordeaux.fr\/disciplines\/lettres-histoire\/wp-content\/uploads\/sites\/5\/2023\/04\/Matiss-Bourguinat-300x218.jpg\" alt=\"\" width=\"638\" height=\"464\" srcset=\"https:\/\/ent2d.ac-bordeaux.fr\/disciplines\/lettres-histoire\/wp-content\/uploads\/sites\/5\/2023\/04\/Matiss-Bourguinat-300x218.jpg 300w, https:\/\/ent2d.ac-bordeaux.fr\/disciplines\/lettres-histoire\/wp-content\/uploads\/sites\/5\/2023\/04\/Matiss-Bourguinat-768x558.jpg 768w, https:\/\/ent2d.ac-bordeaux.fr\/disciplines\/lettres-histoire\/wp-content\/uploads\/sites\/5\/2023\/04\/Matiss-Bourguinat-1536x1117.jpg 1536w, https:\/\/ent2d.ac-bordeaux.fr\/disciplines\/lettres-histoire\/wp-content\/uploads\/sites\/5\/2023\/04\/Matiss-Bourguinat-2048x1489.jpg 2048w, https:\/\/ent2d.ac-bordeaux.fr\/disciplines\/lettres-histoire\/wp-content\/uploads\/sites\/5\/2023\/04\/Matiss-Bourguinat.jpg 1024w\" sizes=\"auto, (max-width: 638px) 100vw, 638px\" \/><\/h3>\n<p>&nbsp;<\/p>\n<h3><\/h3>\n<h3 style=\"text-align: center\"><strong>Julen Genua<\/strong><\/h3>\n<p><img loading=\"lazy\" decoding=\"async\" class=\"wp-image-5215 aligncenter\" src=\"https:\/\/ent2d.ac-bordeaux.fr\/disciplines\/lettres-histoire\/wp-content\/uploads\/sites\/5\/2023\/04\/Julen-GENUA-300x218.jpg\" alt=\"\" width=\"613\" height=\"445\" srcset=\"https:\/\/ent2d.ac-bordeaux.fr\/disciplines\/lettres-histoire\/wp-content\/uploads\/sites\/5\/2023\/04\/Julen-GENUA-300x218.jpg 300w, https:\/\/ent2d.ac-bordeaux.fr\/disciplines\/lettres-histoire\/wp-content\/uploads\/sites\/5\/2023\/04\/Julen-GENUA-768x558.jpg 768w, https:\/\/ent2d.ac-bordeaux.fr\/disciplines\/lettres-histoire\/wp-content\/uploads\/sites\/5\/2023\/04\/Julen-GENUA-1536x1117.jpg 1536w, https:\/\/ent2d.ac-bordeaux.fr\/disciplines\/lettres-histoire\/wp-content\/uploads\/sites\/5\/2023\/04\/Julen-GENUA-2048x1489.jpg 2048w, https:\/\/ent2d.ac-bordeaux.fr\/disciplines\/lettres-histoire\/wp-content\/uploads\/sites\/5\/2023\/04\/Julen-GENUA.jpg 1024w\" sizes=\"auto, (max-width: 613px) 100vw, 613px\" \/><\/p>\n<p>&nbsp;<\/p>\n<h3><\/h3>\n<h3 style=\"text-align: center\"><strong>Nicolas Eberhard<\/strong><\/h3>\n<p><img loading=\"lazy\" decoding=\"async\" class=\"wp-image-5218 aligncenter\" src=\"https:\/\/ent2d.ac-bordeaux.fr\/disciplines\/lettres-histoire\/wp-content\/uploads\/sites\/5\/2023\/04\/Nicolas-Eberhard-300x211.jpg\" alt=\"\" width=\"617\" height=\"434\" srcset=\"https:\/\/ent2d.ac-bordeaux.fr\/disciplines\/lettres-histoire\/wp-content\/uploads\/sites\/5\/2023\/04\/Nicolas-Eberhard-300x211.jpg 300w, https:\/\/ent2d.ac-bordeaux.fr\/disciplines\/lettres-histoire\/wp-content\/uploads\/sites\/5\/2023\/04\/Nicolas-Eberhard-130x90.jpg 130w, https:\/\/ent2d.ac-bordeaux.fr\/disciplines\/lettres-histoire\/wp-content\/uploads\/sites\/5\/2023\/04\/Nicolas-Eberhard.jpg 600w\" sizes=\"auto, (max-width: 617px) 100vw, 617px\" \/><\/p>\n<p><span class=\"media-list-title\"><strong>\u00a0<\/strong><\/span><\/p>\n<p>&nbsp;<\/p>\n<p><span class=\"media-list-title\"><strong>\u00a0<\/strong><\/span><\/p>\n<p>&nbsp;<\/p>\n<p><span class=\"media-list-title\"><strong>\u00a0<\/strong><\/span><\/p>\n<p>&nbsp;<\/p>\n","protected":false},"excerpt":{"rendered":"<p>Les \u00e9l\u00e8ves de 1\u00e8re Syst\u00e8mes Num\u00e9riques du Lyc\u00e9e Ramiro Arrue de Saint-Jean-de-Luz ont particip\u00e9 au concours de dessin de presse<\/p>\n","protected":false},"author":11,"featured_media":5239,"comment_status":"closed","ping_status":"closed","sticky":false,"template":"","format":"standard","meta":{"_bbp_topic_count":0,"_bbp_reply_count":0,"_bbp_total_topic_count":0,"_bbp_total_reply_count":0,"_bbp_voice_count":0,"_bbp_anonymous_reply_count":0,"_bbp_topic_count_hidden":0,"_bbp_reply_count_hidden":0,"_bbp_forum_subforum_count":0,"footnotes":""},"categories":[3],"tags":[],"class_list":["post-5212","post","type-post","status-publish","format-standard","has-post-thumbnail","hentry","category-actualites"],"_links":{"self":[{"href":"https:\/\/ent2d.ac-bordeaux.fr\/disciplines\/lettres-histoire\/wp-json\/wp\/v2\/posts\/5212","targetHints":{"allow":["GET"]}}],"collection":[{"href":"https:\/\/ent2d.ac-bordeaux.fr\/disciplines\/lettres-histoire\/wp-json\/wp\/v2\/posts"}],"about":[{"href":"https:\/\/ent2d.ac-bordeaux.fr\/disciplines\/lettres-histoire\/wp-json\/wp\/v2\/types\/post"}],"author":[{"embeddable":true,"href":"https:\/\/ent2d.ac-bordeaux.fr\/disciplines\/lettres-histoire\/wp-json\/wp\/v2\/users\/11"}],"replies":[{"embeddable":true,"href":"https:\/\/ent2d.ac-bordeaux.fr\/disciplines\/lettres-histoire\/wp-json\/wp\/v2\/comments?post=5212"}],"version-history":[{"count":19,"href":"https:\/\/ent2d.ac-bordeaux.fr\/disciplines\/lettres-histoire\/wp-json\/wp\/v2\/posts\/5212\/revisions"}],"predecessor-version":[{"id":5240,"href":"https:\/\/ent2d.ac-bordeaux.fr\/disciplines\/lettres-histoire\/wp-json\/wp\/v2\/posts\/5212\/revisions\/5240"}],"wp:featuredmedia":[{"embeddable":true,"href":"https:\/\/ent2d.ac-bordeaux.fr\/disciplines\/lettres-histoire\/wp-json\/wp\/v2\/media\/5239"}],"wp:attachment":[{"href":"https:\/\/ent2d.ac-bordeaux.fr\/disciplines\/lettres-histoire\/wp-json\/wp\/v2\/media?parent=5212"}],"wp:term":[{"taxonomy":"category","embeddable":true,"href":"https:\/\/ent2d.ac-bordeaux.fr\/disciplines\/lettres-histoire\/wp-json\/wp\/v2\/categories?post=5212"},{"taxonomy":"post_tag","embeddable":true,"href":"https:\/\/ent2d.ac-bordeaux.fr\/disciplines\/lettres-histoire\/wp-json\/wp\/v2\/tags?post=5212"}],"curies":[{"name":"wp","href":"https:\/\/api.w.org\/{rel}","templated":true}]}}