{"id":5206,"date":"2023-03-20T15:22:51","date_gmt":"2023-03-20T14:22:51","guid":{"rendered":"https:\/\/ent2d.ac-bordeaux.fr\/disciplines\/lettres-histoire\/?p=5206"},"modified":"2023-03-22T09:03:10","modified_gmt":"2023-03-22T08:03:10","slug":"webinaire-les-apports-et-enjeux-des-tests-de-positionnement","status":"publish","type":"post","link":"https:\/\/ent2d.ac-bordeaux.fr\/disciplines\/lettres-histoire\/webinaire-les-apports-et-enjeux-des-tests-de-positionnement\/","title":{"rendered":"Webinaire : fran\u00e7ais\/g\u00e9ographie"},"content":{"rendered":"<h2 style=\"text-align: center\"><strong>Fran\u00e7ais : les apports et enjeux des tests de positionnement<\/strong><\/h2>\n<p style=\"text-align: justify\">Le message qui suit concerne le module de formation de lettres \u00e0 public volontaire, \u00ab\u00a0Apports et enjeux des tests de positionnement \u00bb, qui se d\u00e9roulera \u00e0 distance.<\/p>\n<p><span style=\"color: #ff0000\"><strong>La date retenue pour ce module de formation d\u2019une dur\u00e9e de 3 heures\u00a0est le jeudi 4 mai. \u00a0<\/strong><\/span><\/p>\n<p>&nbsp;<\/p>\n<p style=\"text-align: justify\"><span style=\"color: #ff0000\"><strong>Si vous souhaitez y participer, vous devez vous pr\u00e9-inscrire en cliquant sur le lien suivant :<\/strong><\/span><\/p>\n<p style=\"text-align: justify\"><span style=\"color: #ff0000\"><strong>https:\/\/portailrh.ac-bordeaux.fr\/sofia-fmo-acad\/default\/session\/preregistrationadd\/globalSessionId\/58817\/tab\/trainee\/pill\/individualTrainingPlan\/infos\/57019|01|S1|2023-05-04_09:15:00|2023-05-04_12:15:00<\/strong><\/span><\/p>\n<p>&nbsp;<\/p>\n<p><strong><span style=\"color: #ff0000\">ATTENTION\u00a0!\u00a0 Vous n\u2019avez que jusqu\u2019au mardi 28 mars en fin d\u2019apr\u00e8s-midi pour vous pr\u00e9-inscrire.<\/span><\/strong><\/p>\n<p>&nbsp;<\/p>\n<p style=\"text-align: center\">Pr\u00e9sentation du Webinaire.<\/p>\n<p style=\"text-align: justify\">La consolidation des acquis dans le cadre de l\u2019accompagnement renforc\u00e9, dont la prise en charge est assur\u00e9e prioritairement par des enseignants de Lettres-HG, concerne les fondamentaux, en l\u2019occurrence la ma\u00eetrise de la langue. Sa mise en \u0153uvre s\u2019appuie, entre autres, sur les r\u00e9sultats des tests de positionnement en 2nde BAC PRO et en 1\u00e8re ann\u00e9e de CAP.<\/p>\n<p style=\"text-align: justify\">Nombre de coll\u00e8gues qui prennent en charge ce volet d\u00e9clarent avoir des difficult\u00e9s pour r\u00e9pondre de fa\u00e7on satisfaisante aux besoins des \u00e9l\u00e8ves en grande difficult\u00e9. L\u2019intervention d\u2019Anne Vibert, inspectrice g\u00e9n\u00e9rale de Lettres, sp\u00e9cialiste des questions de compr\u00e9hension et de ma\u00eetrise de la langue, apportera des pistes concr\u00e8tes pour comprendre les \u00e9valuations nationales d\u2019entr\u00e9e au LP et les exploiter, et, plus largement, travailler avec les \u00e9l\u00e8ves la question de la compr\u00e9hension.<\/p>\n<p style=\"text-align: justify\">Nous vous recommandons tout particuli\u00e8rement cette action de formation \u00e0 distance, dont les contours nous ont \u00e9t\u00e9 pr\u00e9sent\u00e9s lors des journ\u00e9es de l\u2019inspection g\u00e9n\u00e9rale.<\/p>\n<p>&nbsp;<\/p>\n<p>&nbsp;<\/p>\n<h2 style=\"text-align: center\"><strong>G\u00e9ographie : La ville en mutation<\/strong><\/h2>\n<p>Le message qui suit concerne le <strong>module de formation de g\u00e9ographie<\/strong><strong> \u00e0 public volontaire, &#8220;La ville en mutation&#8221;, qui se d\u00e9roulera \u00e0 distance.\u00a0 <\/strong>La date retenue pour ce module de formation d\u2019une<strong> dur\u00e9e de 3 heures <\/strong>(2 heures en synchrone et un 1 heure en asynchrone via l&#8217;envoi de ressources) est <strong><span style=\"color: #ff0000\">le mardi 25 avril de 10h00 \u00e0 12h00.\u00a0<\/span>\u00a0 <\/strong><strong><br \/>\n<\/strong><\/p>\n<p><strong>ATTENTION- <\/strong>Le d\u00e9lai d&#8217;inscription est particuli\u00e8rement contraint (et plus court que celui indiqu\u00e9 pour le webinaire de lettres) : <span style=\"color: #ff0000\"><u><strong>v<\/strong><\/u><strong><u>ous n\u2019avez que jusqu\u2019au vendredi 24 mars \u00e0 12h00<\/u> <\/strong><strong>pour vous pr\u00e9-inscrire \u00e0 partir du lien suivant :<br \/>\n<\/strong><\/span><\/p>\n<p><span style=\"color: #ff0000\"><strong><a style=\"color: #ff0000\" href=\"https:\/\/portailrh.ac-bordeaux.fr\/sofia-fmo-acad\/default\/session\/preregistrationadd\/globalSessionId\/58924\/tab\/trainee\/pill\/individualTrainingPlan\/infos\/57028%7C01%7CS1%7C2023-04-25_10:00:00%7C2023-04-25_12:00:00\" data-saferedirecturl=\"https:\/\/www.google.com\/url?q=https:\/\/portailrh.ac-bordeaux.fr\/sofia-fmo-acad\/default\/session\/preregistrationadd\/globalSessionId\/58924\/tab\/trainee\/pill\/individualTrainingPlan\/infos\/57028%257C01%257CS1%257C2023-04-25_10:00:00%257C2023-04-25_12:00:00&amp;source=gmail&amp;ust=1679558103709000&amp;usg=AOvVaw3LbafqbDsYsCVh-YLamVsZ\">https:\/\/portailrh.ac-bordeaux.fr\/sofia-fmo-acad\/default\/session\/preregistrationadd\/globalSessionId\/58924\/tab\/trainee\/pill\/individualTrainingPlan\/infos\/57028|01|S1|2023-04-25_10:00:00|2023-04-25_12:00:00<\/a><\/strong><\/span><\/p>\n<p>Nous vous recommandons tout particuli\u00e8rement cette action de formation \u00e0 distance, qui aborde une des th\u00e9matiques centrales de nos programmes de g\u00e9ographie et d&#8217;EMC.<\/p>\n<p><strong>Pr\u00e9sentation :\u00a0 l<\/strong><strong>a ville en mutation<\/strong><\/p>\n<p><em>Webinaire de deux heures anim\u00e9 par Maxime SCHIRRER, Ma\u00eetre de Conf\u00e9rences en g\u00e9ographie et urbanisme au CNAM : apports scientifiques (en lien avec les programmes de baccalaur\u00e9at professionnel et de CAP) et pistes d&#8217;exploitation p\u00e9dagogique autour des mutations des territoires <\/em><em>urbains, de la m\u00e9tropolisation, de l&#8217;alterm\u00e9tropolisation, de la smartcity ainsi que du fait urbain face \u00e0 l&#8217;av\u00e8nement de la digitalisation du monde et de la r\u00e9volution num\u00e9rique.<\/em><\/p>\n","protected":false},"excerpt":{"rendered":"<p>Fran\u00e7ais : les apports et enjeux des tests de positionnement Le message qui suit concerne le module de formation de<\/p>\n","protected":false},"author":11,"featured_media":5209,"comment_status":"closed","ping_status":"closed","sticky":false,"template":"","format":"standard","meta":{"_bbp_topic_count":0,"_bbp_reply_count":0,"_bbp_total_topic_count":0,"_bbp_total_reply_count":0,"_bbp_voice_count":0,"_bbp_anonymous_reply_count":0,"_bbp_topic_count_hidden":0,"_bbp_reply_count_hidden":0,"_bbp_forum_subforum_count":0,"footnotes":""},"categories":[3],"tags":[],"class_list":["post-5206","post","type-post","status-publish","format-standard","has-post-thumbnail","hentry","category-actualites"],"_links":{"self":[{"href":"https:\/\/ent2d.ac-bordeaux.fr\/disciplines\/lettres-histoire\/wp-json\/wp\/v2\/posts\/5206","targetHints":{"allow":["GET"]}}],"collection":[{"href":"https:\/\/ent2d.ac-bordeaux.fr\/disciplines\/lettres-histoire\/wp-json\/wp\/v2\/posts"}],"about":[{"href":"https:\/\/ent2d.ac-bordeaux.fr\/disciplines\/lettres-histoire\/wp-json\/wp\/v2\/types\/post"}],"author":[{"embeddable":true,"href":"https:\/\/ent2d.ac-bordeaux.fr\/disciplines\/lettres-histoire\/wp-json\/wp\/v2\/users\/11"}],"replies":[{"embeddable":true,"href":"https:\/\/ent2d.ac-bordeaux.fr\/disciplines\/lettres-histoire\/wp-json\/wp\/v2\/comments?post=5206"}],"version-history":[{"count":3,"href":"https:\/\/ent2d.ac-bordeaux.fr\/disciplines\/lettres-histoire\/wp-json\/wp\/v2\/posts\/5206\/revisions"}],"predecessor-version":[{"id":5211,"href":"https:\/\/ent2d.ac-bordeaux.fr\/disciplines\/lettres-histoire\/wp-json\/wp\/v2\/posts\/5206\/revisions\/5211"}],"wp:featuredmedia":[{"embeddable":true,"href":"https:\/\/ent2d.ac-bordeaux.fr\/disciplines\/lettres-histoire\/wp-json\/wp\/v2\/media\/5209"}],"wp:attachment":[{"href":"https:\/\/ent2d.ac-bordeaux.fr\/disciplines\/lettres-histoire\/wp-json\/wp\/v2\/media?parent=5206"}],"wp:term":[{"taxonomy":"category","embeddable":true,"href":"https:\/\/ent2d.ac-bordeaux.fr\/disciplines\/lettres-histoire\/wp-json\/wp\/v2\/categories?post=5206"},{"taxonomy":"post_tag","embeddable":true,"href":"https:\/\/ent2d.ac-bordeaux.fr\/disciplines\/lettres-histoire\/wp-json\/wp\/v2\/tags?post=5206"}],"curies":[{"name":"wp","href":"https:\/\/api.w.org\/{rel}","templated":true}]}}