{"id":5180,"date":"2023-02-19T11:19:58","date_gmt":"2023-02-19T10:19:58","guid":{"rendered":"https:\/\/ent2d.ac-bordeaux.fr\/disciplines\/lettres-histoire\/?p=5180"},"modified":"2023-02-20T08:22:52","modified_gmt":"2023-02-20T07:22:52","slug":"seismes-en-turquie-syrie","status":"publish","type":"post","link":"https:\/\/ent2d.ac-bordeaux.fr\/disciplines\/lettres-histoire\/seismes-en-turquie-syrie\/","title":{"rendered":"S\u00e9ismes en Turquie\/Syrie"},"content":{"rendered":"<p>Le site <a href=\"https:\/\/geoimage.cnes.fr\/fr\/turquie-syrie-les-grands-seismes-de-fevrier-2023-entre-alea-risque-vulnerabilite-et-resilience\" target=\"_blank\" rel=\"noopener\">G\u00e9oimage<\/a> propose une page d\u00e9di\u00e9e aux 2 grands s\u00e9ismes du 6 f\u00e9vrier 2023 touchant la Turquie et la Syrie.<\/p>\n<p>L&#8217;article propose notamment images satellites et analyse pouvant donner lieu \u00e0 une s\u00e9ance dans le cadre de notre programme de g\u00e9ographie de terminale baccalaur\u00e9at professionnel &#8220;Les soci\u00e9t\u00e9s et les risques : anticiper, r\u00e9agir, se coordonner et s&#8217;adapter&#8221;.<\/p>\n<p>&nbsp;<\/p>\n<pre>Visuels : site g\u00e9oimage.cnes.fr. Informations prot\u00e9g\u00e9es - Tous droits r\u00e9serv\u00e9s \u00a9 CNES (2023)<\/pre>\n","protected":false},"excerpt":{"rendered":"<p>Le site G\u00e9oimage propose une page d\u00e9di\u00e9e aux 2 grands s\u00e9ismes du 6 f\u00e9vrier 2023 touchant la Turquie et la<\/p>\n","protected":false},"author":10,"featured_media":5185,"comment_status":"closed","ping_status":"closed","sticky":false,"template":"","format":"standard","meta":{"_bbp_topic_count":0,"_bbp_reply_count":0,"_bbp_total_topic_count":0,"_bbp_total_reply_count":0,"_bbp_voice_count":0,"_bbp_anonymous_reply_count":0,"_bbp_topic_count_hidden":0,"_bbp_reply_count_hidden":0,"_bbp_forum_subforum_count":0,"footnotes":""},"categories":[3],"tags":[],"class_list":["post-5180","post","type-post","status-publish","format-standard","has-post-thumbnail","hentry","category-actualites"],"_links":{"self":[{"href":"https:\/\/ent2d.ac-bordeaux.fr\/disciplines\/lettres-histoire\/wp-json\/wp\/v2\/posts\/5180","targetHints":{"allow":["GET"]}}],"collection":[{"href":"https:\/\/ent2d.ac-bordeaux.fr\/disciplines\/lettres-histoire\/wp-json\/wp\/v2\/posts"}],"about":[{"href":"https:\/\/ent2d.ac-bordeaux.fr\/disciplines\/lettres-histoire\/wp-json\/wp\/v2\/types\/post"}],"author":[{"embeddable":true,"href":"https:\/\/ent2d.ac-bordeaux.fr\/disciplines\/lettres-histoire\/wp-json\/wp\/v2\/users\/10"}],"replies":[{"embeddable":true,"href":"https:\/\/ent2d.ac-bordeaux.fr\/disciplines\/lettres-histoire\/wp-json\/wp\/v2\/comments?post=5180"}],"version-history":[{"count":3,"href":"https:\/\/ent2d.ac-bordeaux.fr\/disciplines\/lettres-histoire\/wp-json\/wp\/v2\/posts\/5180\/revisions"}],"predecessor-version":[{"id":5186,"href":"https:\/\/ent2d.ac-bordeaux.fr\/disciplines\/lettres-histoire\/wp-json\/wp\/v2\/posts\/5180\/revisions\/5186"}],"wp:featuredmedia":[{"embeddable":true,"href":"https:\/\/ent2d.ac-bordeaux.fr\/disciplines\/lettres-histoire\/wp-json\/wp\/v2\/media\/5185"}],"wp:attachment":[{"href":"https:\/\/ent2d.ac-bordeaux.fr\/disciplines\/lettres-histoire\/wp-json\/wp\/v2\/media?parent=5180"}],"wp:term":[{"taxonomy":"category","embeddable":true,"href":"https:\/\/ent2d.ac-bordeaux.fr\/disciplines\/lettres-histoire\/wp-json\/wp\/v2\/categories?post=5180"},{"taxonomy":"post_tag","embeddable":true,"href":"https:\/\/ent2d.ac-bordeaux.fr\/disciplines\/lettres-histoire\/wp-json\/wp\/v2\/tags?post=5180"}],"curies":[{"name":"wp","href":"https:\/\/api.w.org\/{rel}","templated":true}]}}