{"id":5158,"date":"2023-01-30T10:43:30","date_gmt":"2023-01-30T09:43:30","guid":{"rendered":"https:\/\/ent2d.ac-bordeaux.fr\/disciplines\/lettres-histoire\/?p=5158"},"modified":"2023-01-30T10:43:30","modified_gmt":"2023-01-30T09:43:30","slug":"semaine-de-la-presse-et-des-medias-dans-lecole-27-mars-1er-avril-2023","status":"publish","type":"post","link":"https:\/\/ent2d.ac-bordeaux.fr\/disciplines\/lettres-histoire\/semaine-de-la-presse-et-des-medias-dans-lecole-27-mars-1er-avril-2023\/","title":{"rendered":"Semaine de la presse et des m\u00e9dias dans l&#8217;\u00c9cole (27 mars-1er\u00a0avril 2023)"},"content":{"rendered":"<p style=\"text-align: center\"><strong>34<sup>e<\/sup>\u00a0\u00e9dition de la <a href=\"https:\/\/www.clemi.fr\/fr\/semaine-presse-medias.html\" data-saferedirecturl=\"https:\/\/www.google.com\/url?q=https:\/\/www.clemi.fr\/fr\/semaine-presse-medias.html&amp;source=gmail&amp;ust=1675156833696000&amp;usg=AOvVaw0vDj3Xfn00Jy1lNeR0dTKo\"> Semaine de la presse et des m\u00e9dias dans l&#8217;\u00c9cole<\/a>\u00ae (27 mars-1<sup>er<\/sup>\u00a0avril 2023).<\/strong><\/p>\n<p>Cette action \u00e9ducative phare permet aux \u00e9l\u00e8ves, de la maternelle au lyc\u00e9e, de mieux conna\u00eetre l\u2019univers des m\u00e9dias, de la presse et du num\u00e9rique, d\u2019en comprendre les enjeux culturels et d\u00e9mocratiques et de se forger une citoyennet\u00e9 libre et \u00e9clair\u00e9e.<u>\u00a0Les activit\u00e9s autour de l\u2019op\u00e9ration peuvent \u00eatre men\u00e9es durant les mois de mars et avril 2023.<\/u><\/p>\n<p><strong>Le\u00a0nouveau\u00a0th\u00e8me de l&#8217;\u00e9dition 2023 est \u00ab L\u2019info sur tous les fronts \u00bb.<\/strong><\/p>\n<p>Pour sa 34<sup>e<\/sup>\u00a0\u00e9dition, la Semaine de la presse et des m\u00e9dias dans l\u2019\u00c9cole invite tous les enseignants et les \u00e9l\u00e8ves \u00e0 s\u2019emparer d\u2019une nouvelle th\u00e9matique \u00ab L\u2019info sur tous les fronts \u00bb. Le th\u00e8me sonne comme une \u00e9vidence dans un monde qui n\u2019a jamais \u00e9t\u00e9 aussi connect\u00e9. Une 34<sup>e<\/sup>\u00a0\u00e9dition qui co\u00efncide avec le 40<sup>e\u00a0<\/sup>anniversaire du CLEMI <strong>#CLEMI40ansEnsemble<\/strong>. Quarante ann\u00e9es d\u2019une mobilisation de tous les acteurs de l\u2019\u00e9ducation et des m\u00e9dias, aux c\u00f4t\u00e9s des enseignants engag\u00e9s pour former des citoyens libres et \u00e9clair\u00e9s. Jamais cette mission d\u2019utilit\u00e9 publique n\u2019a paru aussi fondamentale.<\/p>\n<p>En articulation avec le th\u00e8me \u00ab L\u2019info sur tous les fronts \u00bb, trois axes seront particuli\u00e8rement d\u00e9velopp\u00e9s et valoris\u00e9s \u00e0 l\u2019occasion de cette 34<sup>e<\/sup>\u00a0\u00e9dition :<\/p>\n<ul>\n<li>Renforcement de l\u2019\u00c9ducation aux m\u00e9dias et \u00e0 l\u2019information dans le 1<sup>er\u00a0<\/sup>degr\u00e9 et le coll\u00e8ge.<\/li>\n<li>Engagement citoyen sous toutes ses formes via les m\u00e9dias scolaires \/ webradio.<\/li>\n<li>L\u2019\u00c9MI l\u2019affaire de tous, tous concern\u00e9s.<\/li>\n<\/ul>\n<p><strong><u>QUAND S&#8217;INSCRIRE ?<\/u><\/strong><\/p>\n<p><strong>Inscription des enseignants et r\u00e9servation des journaux et magazines\u00a0: jusqu\u2019au 4 f\u00e9vrier 2023.<\/strong><\/p>\n<p>Pour vous inscrire : <a href=\"https:\/\/www.clemi.fr\/fr\/semaine-presse-medias\/espace-enseignants.html\" data-saferedirecturl=\"https:\/\/www.google.com\/url?q=https:\/\/www.clemi.fr\/fr\/semaine-presse-medias\/espace-enseignants.html&amp;source=gmail&amp;ust=1675156833696000&amp;usg=AOvVaw2FlcF0Wr9NW5gnOrzg0JNP\"> https:\/\/www.clemi.fr\/fr\/semaine-presse-medias\/espace-enseignants.html<\/a><\/p>\n<p>Dans les collectivit\u00e9s d&#8217;outre-mer, les dates et les modalit\u00e9s de la Semaine de la presse sont arr\u00eat\u00e9es localement.<\/p>\n<p><strong><u>POURQUOI S&#8217;INSCRIRE ?<\/u><\/strong><\/p>\n<p>Outre des titres de presse papier, votre inscription vous permet de b\u00e9n\u00e9ficier d\u2019acc\u00e8s gratuits \u00e0 de nombreuses offres num\u00e9riques des m\u00e9dias (versions num\u00e9riques de journaux, magazines, revues, connexions exclusives gratuites \u00e0 des contenus \u00e9ditoriaux et multim\u00e9dia payants\u2026). Vous pourrez \u00eatre \u00e9galement destinataire de toutes les propositions de webinaires, conf\u00e9rences\/ateliers en ligne, d\u2019interventions de professionnels de l\u2019information en milieu scolaire (en pr\u00e9sentiel ou en visioconf\u00e9rence). Des centaines d\u2019offres num\u00e9riques sont mises \u00e0 disposition, pour une dur\u00e9e de validit\u00e9 allant de 15 jours \u00e0 6 mois pour certaines d\u2019entre elles.<\/p>\n<p><strong>En inscrivant votre \u00e9cole et\/ou \u00e9tablissement scolaire \u00e0 la Semaine de la presse et des m\u00e9dias dans l\u2019\u00c9cole, vous recevrez :\u00a0<\/strong><\/p>\n<ul>\n<li>Des\u00a0journaux\u00a0et\u00a0magazines\u00a0offerts par les \u00e9diteurs de presse notamment de la presse jeunesse.<\/li>\n<li><a href=\"https:\/\/www.clemi.fr\/fr\/ressources\/dossier-pedagogique-de-la-semaine-de-la-presse-et-des-medias-dans-lecole.html\" data-saferedirecturl=\"https:\/\/www.google.com\/url?q=https:\/\/www.clemi.fr\/fr\/ressources\/dossier-pedagogique-de-la-semaine-de-la-presse-et-des-medias-dans-lecole.html&amp;source=gmail&amp;ust=1675156833696000&amp;usg=AOvVaw2qBF8thgqa1R8wds-3L-Ip\">Le dossier p\u00e9dagogique 2023<\/a> et les\u00a0deux affiches\u00a0\u00ab\u00a0<a href=\"https:\/\/www.clemi.fr\/fileadmin\/user_upload\/SPME2023\/affiche_photo_spme_2023.jpg\" data-saferedirecturl=\"https:\/\/www.google.com\/url?q=https:\/\/www.clemi.fr\/fileadmin\/user_upload\/SPME2023\/affiche_photo_spme_2023.jpg&amp;source=gmail&amp;ust=1675156833696000&amp;usg=AOvVaw2Lxo580bM0fl0MRzDiviQb\">photo<\/a>\u00a0\u00bb et \u00ab\u00a0<a href=\"https:\/\/www.clemi.fr\/fileadmin\/user_upload\/SPME2023\/affiche_dessin_spme_2023.jpg\" data-saferedirecturl=\"https:\/\/www.google.com\/url?q=https:\/\/www.clemi.fr\/fileadmin\/user_upload\/SPME2023\/affiche_dessin_spme_2023.jpg&amp;source=gmail&amp;ust=1675156833696000&amp;usg=AOvVaw3RrEgnuDk1ZRGp-Vpk9rxF\">dessin<\/a>\u00a0\u00bb de la Semaine de la presse en version imprim\u00e9e et en version num\u00e9rique.<\/li>\n<li>Des\u00a0acc\u00e8s gratuits\u00a0\u00e0 l\u2019espace \u00ab Abonn\u00e9 \u00bb des m\u00e9dias en ligne ainsi qu\u2019\u00e0 des ressources num\u00e9riques in\u00e9dites con\u00e7ues par le CLEMI et ses partenaires. Des ressources sp\u00e9cifiques pour l\u2019\u00e9cole primaire seront propos\u00e9es \u00e0 cette occasion en partenariat avec les \u00e9diteurs de la presse jeunesse et pour le second degr\u00e9 en lien avec des m\u00e9dias divers (AFP, Lemonde.fr, ARTE, France T\u00e9l\u00e9visions, France M\u00e9dias Monde, TV5 Monde, TF1, Ouest France, Bayard Jeunesse, tous les titres de la presse quotidienne nationale, r\u00e9gionale et de tr\u00e8s nombreux titres de la presse magazine, le <em>New York Times<\/em>, des sites internet d\u2019information&#8230;). Suite \u00e0 votre inscription, toutes les modalit\u00e9s d&#8217;acc\u00e8s vous seront communiqu\u00e9es par m\u00e9l.<\/li>\n<li>Des\u00a0ateliers en format hybride (en pr\u00e9sentiel et\/ou en ligne)\u00a0avec des professionnels des m\u00e9dias et de l&#8217;information.<\/li>\n<\/ul>\n<p><strong><u>RESSOURCES UTILES D\u2019\u00c9DUCATION AUX M\u00c9DIAS ET \u00c0 L\u2019INFORMATION (EN ACC\u00c8S LIBRE)<\/u><\/strong><\/p>\n<ul>\n<li>Le <a href=\"https:\/\/www.clemi.fr\/fr\/ressources\/dossier-pedagogique-de-la-semaine-de-la-presse-et-des-medias-dans-lecole.html\" data-saferedirecturl=\"https:\/\/www.google.com\/url?q=https:\/\/www.clemi.fr\/fr\/ressources\/dossier-pedagogique-de-la-semaine-de-la-presse-et-des-medias-dans-lecole.html&amp;source=gmail&amp;ust=1675156833696000&amp;usg=AOvVaw2qBF8thgqa1R8wds-3L-Ip\"> dossier p\u00e9dagogique 2023<\/a> est enti\u00e8rement d\u00e9di\u00e9 \u00e0 la th\u00e9matique \u00ab L\u2019info sur tous les fronts \u00bb et il est d\u00e9clin\u00e9 en quatre chapitres (niveaux \u00e9cole, coll\u00e8ge, lyc\u00e9e) :<\/li>\n<\/ul>\n<ol>\n<li>Le journalisme de guerre aujourd\u2019hui<\/li>\n<li>Affronter la d\u00e9sinformation<\/li>\n<li>La bataille de l\u2019attention<\/li>\n<li>Le journalisme sous pression<\/li>\n<\/ol>\n<ul>\n<li>Vad\u00e9m\u00e9cum \u00ab <a href=\"https:\/\/www.clemi.fr\/fr\/vademecumwebradio.html\" data-saferedirecturl=\"https:\/\/www.google.com\/url?q=https:\/\/www.clemi.fr\/fr\/vademecumwebradio.html&amp;source=gmail&amp;ust=1675156833696000&amp;usg=AOvVaw118b8scLxmuxa4JIX6YJVC\"> Cr\u00e9er une webradio scolaire<\/a> \u00bb<\/li>\n<li>Brochure \u00ab <a href=\"https:\/\/www.clemi.fr\/fr\/ressources\/les-essentiels-education-aux-medias-et-a-linformation.html\" data-saferedirecturl=\"https:\/\/www.google.com\/url?q=https:\/\/www.clemi.fr\/fr\/ressources\/les-essentiels-education-aux-medias-et-a-linformation.html&amp;source=gmail&amp;ust=1675156833696000&amp;usg=AOvVaw3oQyKBgP4hDsDIzAlBQKdd\"> Les essentiels &#8211; \u00c9ducation aux m\u00e9dias et \u00e0 l\u2019information<\/a> \u00bb<\/li>\n<li><a href=\"https:\/\/eduscol.education.fr\/1531\/education-aux-medias-et-l-information\" data-saferedirecturl=\"https:\/\/www.google.com\/url?q=https:\/\/eduscol.education.fr\/1531\/education-aux-medias-et-l-information&amp;source=gmail&amp;ust=1675156833696000&amp;usg=AOvVaw0F8YSDVtjBVbbNt7B06Qhj\">Vademecum<\/a> pour l\u2019\u00e9ducation aux m\u00e9dias et \u00e0 l\u2019information<\/li>\n<li>\u00ab\u00a0<a href=\"https:\/\/www.clemi.fr\/affiches-familles\/\" data-saferedirecturl=\"https:\/\/www.google.com\/url?q=https:\/\/www.clemi.fr\/affiches-familles\/&amp;source=gmail&amp;ust=1675156833696000&amp;usg=AOvVaw2zgDpTNBEtv-h2UJ7Nx0_G\">Les \u00e9crans ? Apprendre \u00e0 s&#8217;en servir pour ne pas les subir\u00a0<\/a>\u00bb, nouvelle campagne de sensibilisation du CLEMI en 5 affiches et une s\u00e9rie de 5 podcasts \u00ab\u00a0<a href=\"https:\/\/www.clemi.fr\/fr\/evenements\/toutes-les-actualites\/actualite\/news\/detail\/News\/les-ecrans-apprendre-a-sen-servir-pour-ne-pas-les-subir.html\" data-saferedirecturl=\"https:\/\/www.google.com\/url?q=https:\/\/www.clemi.fr\/fr\/evenements\/toutes-les-actualites\/actualite\/news\/detail\/News\/les-ecrans-apprendre-a-sen-servir-pour-ne-pas-les-subir.html&amp;source=gmail&amp;ust=1675156833696000&amp;usg=AOvVaw0bKyn9iUW7sGd66rgrK6t_\">M\u00e9dialogues\u00a0<\/a>\u00bb sur le th\u00e8me des \u00e9crans et du num\u00e9rique en famille<\/li>\n<li>Exposition num\u00e9rique et itin\u00e9rante \u00ab <a href=\"https:\/\/www.clemi.fr\/fr\/evenements\/operations-speciales\/exposition-fake-news-art-fiction-mensonge.html\" data-saferedirecturl=\"https:\/\/www.google.com\/url?q=https:\/\/www.clemi.fr\/fr\/evenements\/operations-speciales\/exposition-fake-news-art-fiction-mensonge.html&amp;source=gmail&amp;ust=1675156833697000&amp;usg=AOvVaw0BTAdY4oWvsUgOEMbQpy4T\"> Fake news : art, fiction, mensonge<\/a> \u00bb<\/li>\n<li><a href=\"https:\/\/www.clemi.fr\/fr\/ressources\/dossier-pedagogique-de-la-semaine-de-la-presse-et-des-medias-dans-lecole.html\" data-saferedirecturl=\"https:\/\/www.google.com\/url?q=https:\/\/www.clemi.fr\/fr\/ressources\/dossier-pedagogique-de-la-semaine-de-la-presse-et-des-medias-dans-lecole.html&amp;source=gmail&amp;ust=1675156833697000&amp;usg=AOvVaw3SnRhaIsbujwwXGpXpaJDg\">Les dossiers p\u00e9dagogiques<\/a> des \u00e9ditions pr\u00e9c\u00e9dentes de la Semaine de la presse et des m\u00e9dias dans l\u2019\u00c9cole\u00ae<\/li>\n<li><a href=\"https:\/\/www.clemi.fr\/fr\/medias-scolaires\/clemi-face-cam.html\" data-saferedirecturl=\"https:\/\/www.google.com\/url?q=https:\/\/www.clemi.fr\/fr\/medias-scolaires\/clemi-face-cam.html&amp;source=gmail&amp;ust=1675156833697000&amp;usg=AOvVaw3lTlwq_Aw1X3OhrhRRyRVp\">#ClemiFaceCam\u00a0<\/a><strong>: <\/strong>le rendez-vous mensuel des m\u00e9dias scolaires du CLEMI qui donne la parole aux \u00e9l\u00e8ves et enseignants<\/li>\n<li><a href=\"https:\/\/www.clemi.fr\/fr\/formation-parcours-emi.html\" data-saferedirecturl=\"https:\/\/www.google.com\/url?q=https:\/\/www.clemi.fr\/fr\/formation-parcours-emi.html&amp;source=gmail&amp;ust=1675156833697000&amp;usg=AOvVaw0fsLQOA5M0GwWNn6YvGKI0\">3 parcours<\/a> de formation M@gist\u00e8re sur \u00ab la construction de l\u2019information \u00bb<\/li>\n<li>BD \u00ab <a href=\"https:\/\/www.clemi.fr\/fr\/bd_juliette.html\" data-saferedirecturl=\"https:\/\/www.google.com\/url?q=https:\/\/www.clemi.fr\/fr\/bd_juliette.html&amp;source=gmail&amp;ust=1675156833697000&amp;usg=AOvVaw02P3XAEb6LaEjwQYC3nIU-\"> Dans la t\u00eate de Juliette, plong\u00e9e dans le tourbillon num\u00e9rique<\/a> \u00bb<\/li>\n<li>Livret p\u00e9dagogique \u00ab <a href=\"https:\/\/www.clemi.fr\/fr\/chouettepaschouette.html\" data-saferedirecturl=\"https:\/\/www.google.com\/url?q=https:\/\/www.clemi.fr\/fr\/chouettepaschouette.html&amp;source=gmail&amp;ust=1675156833697000&amp;usg=AOvVaw3T_uayCU0zGD4cL-glWQHA\"> Chouette, pas chouette. Fille ou gar\u00e7on, c\u2019est plus chouette quand on se respecte<\/a>\u00a0\u00bb<\/li>\n<li>Les <a href=\"https:\/\/www.clemi.fr\/fr\/evenements\/concours.html\" data-saferedirecturl=\"https:\/\/www.google.com\/url?q=https:\/\/www.clemi.fr\/fr\/evenements\/concours.html&amp;source=gmail&amp;ust=1675156833697000&amp;usg=AOvVaw2km5iboTvENvH4kADiDhhp\"> concours<\/a> organis\u00e9s par le CLEMI<\/li>\n<li>\u00ab\u00a0<a href=\"https:\/\/www.clemi.fr\/alexi\/\" data-saferedirecturl=\"https:\/\/www.google.com\/url?q=https:\/\/www.clemi.fr\/alexi\/&amp;source=gmail&amp;ust=1675156833697000&amp;usg=AOvVaw2tthG_R_fty9_NH7Vu8Hou\">Qu\u2019est-ce que tu fabriques\u00a0?\u00a0<\/a>\u00bb, jeu s\u00e9rieux du CLEMI \u00e0 destination du cycle 2.<\/li>\n<\/ul>\n<p>&nbsp;<\/p>\n","protected":false},"excerpt":{"rendered":"<p>34e\u00a0\u00e9dition de la Semaine de la presse et des m\u00e9dias dans l&#8217;\u00c9cole\u00ae (27 mars-1er\u00a0avril 2023). Cette action \u00e9ducative phare permet<\/p>\n","protected":false},"author":11,"featured_media":5159,"comment_status":"closed","ping_status":"closed","sticky":false,"template":"","format":"standard","meta":{"_bbp_topic_count":0,"_bbp_reply_count":0,"_bbp_total_topic_count":0,"_bbp_total_reply_count":0,"_bbp_voice_count":0,"_bbp_anonymous_reply_count":0,"_bbp_topic_count_hidden":0,"_bbp_reply_count_hidden":0,"_bbp_forum_subforum_count":0,"footnotes":""},"categories":[3],"tags":[],"class_list":["post-5158","post","type-post","status-publish","format-standard","has-post-thumbnail","hentry","category-actualites"],"_links":{"self":[{"href":"https:\/\/ent2d.ac-bordeaux.fr\/disciplines\/lettres-histoire\/wp-json\/wp\/v2\/posts\/5158","targetHints":{"allow":["GET"]}}],"collection":[{"href":"https:\/\/ent2d.ac-bordeaux.fr\/disciplines\/lettres-histoire\/wp-json\/wp\/v2\/posts"}],"about":[{"href":"https:\/\/ent2d.ac-bordeaux.fr\/disciplines\/lettres-histoire\/wp-json\/wp\/v2\/types\/post"}],"author":[{"embeddable":true,"href":"https:\/\/ent2d.ac-bordeaux.fr\/disciplines\/lettres-histoire\/wp-json\/wp\/v2\/users\/11"}],"replies":[{"embeddable":true,"href":"https:\/\/ent2d.ac-bordeaux.fr\/disciplines\/lettres-histoire\/wp-json\/wp\/v2\/comments?post=5158"}],"version-history":[{"count":1,"href":"https:\/\/ent2d.ac-bordeaux.fr\/disciplines\/lettres-histoire\/wp-json\/wp\/v2\/posts\/5158\/revisions"}],"predecessor-version":[{"id":5160,"href":"https:\/\/ent2d.ac-bordeaux.fr\/disciplines\/lettres-histoire\/wp-json\/wp\/v2\/posts\/5158\/revisions\/5160"}],"wp:featuredmedia":[{"embeddable":true,"href":"https:\/\/ent2d.ac-bordeaux.fr\/disciplines\/lettres-histoire\/wp-json\/wp\/v2\/media\/5159"}],"wp:attachment":[{"href":"https:\/\/ent2d.ac-bordeaux.fr\/disciplines\/lettres-histoire\/wp-json\/wp\/v2\/media?parent=5158"}],"wp:term":[{"taxonomy":"category","embeddable":true,"href":"https:\/\/ent2d.ac-bordeaux.fr\/disciplines\/lettres-histoire\/wp-json\/wp\/v2\/categories?post=5158"},{"taxonomy":"post_tag","embeddable":true,"href":"https:\/\/ent2d.ac-bordeaux.fr\/disciplines\/lettres-histoire\/wp-json\/wp\/v2\/tags?post=5158"}],"curies":[{"name":"wp","href":"https:\/\/api.w.org\/{rel}","templated":true}]}}