{"id":5154,"date":"2023-01-21T15:41:52","date_gmt":"2023-01-21T14:41:52","guid":{"rendered":"https:\/\/ent2d.ac-bordeaux.fr\/disciplines\/lettres-histoire\/?p=5154"},"modified":"2023-01-21T15:42:39","modified_gmt":"2023-01-21T14:42:39","slug":"les-webinaires-de-melchior","status":"publish","type":"post","link":"https:\/\/ent2d.ac-bordeaux.fr\/disciplines\/lettres-histoire\/les-webinaires-de-melchior\/","title":{"rendered":"Les webinaires de Melchior"},"content":{"rendered":"<div>\n<p class=\"text-build-content\" data-testid=\"HemQBHkE2\">Ch\u00e8re coll\u00e8gue et cher coll\u00e8gue,<\/p>\n<p class=\"text-build-content\" data-testid=\"HemQBHkE2\">Dans un monde en pleine transformation, mieux conna\u00eetre les d\u00e9fis \u00e0 relever par les acteurs \u00e9conomiques dans leurs domaines d&#8217;activit\u00e9 permet \u00e0 la fois d&#8217;illustrer des notions de cours et d&#8217;accompagner nos \u00e9l\u00e8ves dans leurs parcours d&#8217;orientation.<\/p>\n<p class=\"text-build-content\" data-testid=\"HemQBHkE2\">Participer \u00e0 ces \u00e9changes que nous vous proposons dans ces formats <b>&#8220;Au c\u0153ur de l&#8217;entreprise&#8221;<\/b> en partenariat avec le CEFPEP, vous permettra \u00e9galement de <b>nouer des contacts pour organiser des interventions dans vos \u00e9tablissements scolaires.<\/b><\/p>\n<p class=\"text-build-content\" data-testid=\"HemQBHkE2\">Vous retrouverez syst\u00e9matiquement dans ces webinaires la <b>dimension strat\u00e9gique\/op\u00e9rationnelle et la dimension ressources humaines avec des informations sur l&#8217;\u00e9volution des m\u00e9tiers, des parcours et des comp\u00e9tences.<\/b><\/p>\n<p class=\"text-build-content\" data-testid=\"HemQBHkE2\">C&#8217;est dire le plaisir qui est le mien de vous inviter \u00e0 participer \u00e0 ces deux prochains webinaires qui s&#8217;inscrivent dans les actions de Melchior Orientation :<\/p>\n<p class=\"text-build-content\" data-testid=\"HemQBHkE2\">\u2022 <b>avec le groupe HEPPNER, le 25 janvier <\/b>pour parler de la question du transport et de la logistique,<\/p>\n<p class=\"text-build-content\" data-testid=\"HemQBHkE2\">\u2022 <b>avec le groupe SONEPAR, le 1er f\u00e9vrier<\/b> pour d\u00e9couvrir ensemble les d\u00e9fis d&#8217;une des entreprises fran\u00e7aises leader dans le domaine des mat\u00e9riels \u00e9lectriques, dont le nom ne vous dit peut-\u00eatre rien mais qui est pourtant l&#8217;une des grandes entreprises fran\u00e7aises qui m\u00e9rite d&#8217;\u00eatre mieux connue.<\/p>\n<p style=\"text-align: left\" data-testid=\"HemQBHkE2\">La page d&#8217;incritpion se trouve \u00e0 cette adresse : <a href=\"http:\/\/ih4g.mjt.lu\/nl3\/At_Gg3dXGWRlJt9MTAufuw?m=AWUAAApvwAoAAcwxpWwAALrsTVkAAYEGERYAJXMwAAiBaQBjyYymPqrKqPMMTleQ0rnhR7YmWAAIEt4&amp;b=0618a20e&amp;e=24cda56f&amp;x=xGkz_6OIVAqiII49mb6P2fc-zOEwK-JQajSg1f4EALE\">http:\/\/ih4g.mjt.lu<\/a><\/p>\n<p class=\"text-build-content\" data-testid=\"HemQBHkE2\">Une belle occasion pour <b>contribuer \u00e0 casser les clich\u00e9s de genre dans ces deux secteurs<\/b> dans lesquels la place des femmes doit monter en puissance gr\u00e2ce \u00e0 notre capacit\u00e9, en tant que professeur ou personnel de l&#8217;\u00e9ducation nationale en charge de l&#8217;orientation des \u00e9l\u00e8ves, de rebattre les cartes et de ce fait, d&#8217;\u00eatre capable de parler autrement de ces secteurs \u00e0 nos \u00e9l\u00e8ves.<\/p>\n<p class=\"text-build-content\" data-testid=\"HemQBHkE2\"><b>Vous souhaitez rejoindre la task force de Melchior Orientation et contribuer \u00e0 l&#8217;organisation de ces webinaires ainsi qu&#8217;\u00e0 des interventions dans votre \u00e9tablissement ou acad\u00e9mie ?<\/b> Nous vous proposons de profiter des replays pour vous former sur les diff\u00e9rents secteurs d&#8217;activit\u00e9, <b>de valider vos acquis de connaissances et de nous rejoindre \u00e0 la fin de cette session 2022-2023 pour pr\u00e9parer la prochaine session ensemble !<\/b><\/p>\n<p class=\"text-build-content\" data-testid=\"HemQBHkE2\">Je vous adresse mes meilleurs v\u0153ux pour cette nouvelle ann\u00e9e !<\/p>\n<p class=\"text-build-content\" data-testid=\"HemQBHkE2\">B\u00e9atrice Couairon<\/p>\n<\/div>\n","protected":false},"excerpt":{"rendered":"<p>Ch\u00e8re coll\u00e8gue et cher coll\u00e8gue, Dans un monde en pleine transformation, mieux conna\u00eetre les d\u00e9fis \u00e0 relever par les acteurs<\/p>\n","protected":false},"author":11,"featured_media":5155,"comment_status":"closed","ping_status":"closed","sticky":false,"template":"","format":"standard","meta":{"_bbp_topic_count":0,"_bbp_reply_count":0,"_bbp_total_topic_count":0,"_bbp_total_reply_count":0,"_bbp_voice_count":0,"_bbp_anonymous_reply_count":0,"_bbp_topic_count_hidden":0,"_bbp_reply_count_hidden":0,"_bbp_forum_subforum_count":0,"footnotes":""},"categories":[3],"tags":[],"class_list":["post-5154","post","type-post","status-publish","format-standard","has-post-thumbnail","hentry","category-actualites"],"_links":{"self":[{"href":"https:\/\/ent2d.ac-bordeaux.fr\/disciplines\/lettres-histoire\/wp-json\/wp\/v2\/posts\/5154","targetHints":{"allow":["GET"]}}],"collection":[{"href":"https:\/\/ent2d.ac-bordeaux.fr\/disciplines\/lettres-histoire\/wp-json\/wp\/v2\/posts"}],"about":[{"href":"https:\/\/ent2d.ac-bordeaux.fr\/disciplines\/lettres-histoire\/wp-json\/wp\/v2\/types\/post"}],"author":[{"embeddable":true,"href":"https:\/\/ent2d.ac-bordeaux.fr\/disciplines\/lettres-histoire\/wp-json\/wp\/v2\/users\/11"}],"replies":[{"embeddable":true,"href":"https:\/\/ent2d.ac-bordeaux.fr\/disciplines\/lettres-histoire\/wp-json\/wp\/v2\/comments?post=5154"}],"version-history":[{"count":1,"href":"https:\/\/ent2d.ac-bordeaux.fr\/disciplines\/lettres-histoire\/wp-json\/wp\/v2\/posts\/5154\/revisions"}],"predecessor-version":[{"id":5156,"href":"https:\/\/ent2d.ac-bordeaux.fr\/disciplines\/lettres-histoire\/wp-json\/wp\/v2\/posts\/5154\/revisions\/5156"}],"wp:featuredmedia":[{"embeddable":true,"href":"https:\/\/ent2d.ac-bordeaux.fr\/disciplines\/lettres-histoire\/wp-json\/wp\/v2\/media\/5155"}],"wp:attachment":[{"href":"https:\/\/ent2d.ac-bordeaux.fr\/disciplines\/lettres-histoire\/wp-json\/wp\/v2\/media?parent=5154"}],"wp:term":[{"taxonomy":"category","embeddable":true,"href":"https:\/\/ent2d.ac-bordeaux.fr\/disciplines\/lettres-histoire\/wp-json\/wp\/v2\/categories?post=5154"},{"taxonomy":"post_tag","embeddable":true,"href":"https:\/\/ent2d.ac-bordeaux.fr\/disciplines\/lettres-histoire\/wp-json\/wp\/v2\/tags?post=5154"}],"curies":[{"name":"wp","href":"https:\/\/api.w.org\/{rel}","templated":true}]}}