{"id":5149,"date":"2023-01-19T22:41:28","date_gmt":"2023-01-19T21:41:28","guid":{"rendered":"https:\/\/ent2d.ac-bordeaux.fr\/disciplines\/lettres-histoire\/?p=5149"},"modified":"2023-01-19T22:42:52","modified_gmt":"2023-01-19T21:42:52","slug":"spectacle-debat","status":"publish","type":"post","link":"https:\/\/ent2d.ac-bordeaux.fr\/disciplines\/lettres-histoire\/spectacle-debat\/","title":{"rendered":"Spectacle &#8211; d\u00e9bat"},"content":{"rendered":"<blockquote><p>Pourquoi n\u2019agissons-nous pas \u00e0 la hauteur de l\u2019enjeu vital des changements climatiques ? Comment mettre en action celles et ceux qui ne se sentent pas concern\u00e9s ?<\/p><\/blockquote>\n<div class=\"elementor-element elementor-element-d600ac0 elementor-widget elementor-widget-text-editor\">\n<div class=\"elementor-widget-container\">\n<p>A la crois\u00e9e du th\u00e9\u00e2tre, du cin\u00e9ma et de l\u2019installation artistique cette exp\u00e9rience met en sc\u00e8ne l\u2019ensemble des \u00e9l\u00e8ves, pour progresser personnellement et collectivement sur la question climatique. Blocage apr\u00e8s blocage, les participants parcourent ensemble le chemin de notre prise de conscience. Face aux h\u00e9sitations ou au sentiment d\u2019impuissante dans cette lutte, nous avons tous un r\u00f4le \u00e0 jouer.<\/p>\n<p>Le spectacle est suivi d\u2019une animation-d\u00e9bat avec un m\u00e9diateur pour d\u00e9velopper certains sujets qui touchent particuli\u00e8rement les jeunes et d\u2019un espace ressources leur permettant de d\u00e9couvrir les possibilit\u00e9s d\u2019engagement \u00e0 leur hauteur.<\/p>\n<\/div>\n<\/div>\n<div class=\"elementor-element elementor-element-a5577c6 elementor-widget elementor-widget-text-editor\">\n<div class=\"elementor-widget-container\">\n<p><strong>Les objectifs :<\/strong><\/p>\n<ul>\n<li><strong>Mieux comprendre<\/strong>\u00a0les relations entre les questions environnementales, \u00e9conomiques et sociales<\/li>\n<li><strong>Prendre conscience<\/strong>\u00a0de ses responsabilit\u00e9s individuelles et collectives et de l\u2019impact de ses comportements<\/li>\n<li><strong>Exercer<\/strong>\u00a0son esprit critique pour prendre des d\u00e9cisions et agir de mani\u00e8re lucide et responsable<\/li>\n<li><strong>Identifier<\/strong>\u00a0ses propres freins \u00e0 l\u2019action et imaginer les moyens de les lever pour agir pour le climat&#8221;.<\/li>\n<\/ul>\n<p>Lien vers le dossier p\u00e9dagogique :\u00a0<a href=\"https:\/\/www.cap-sciences.net\/wp-content\/uploads\/2022\/11\/Rechauffe-lambiance...-pas-la-planete-dossier-pedagogique-1.pdf\" target=\"_blank\" rel=\"noopener\">https:\/\/www.cap-sciences.net\/wp-content\/uploads\/2022\/11\/Rechauffe-lambiance&#8230;-pas-la-planete-dossier-pedagogique-1.pdf<\/a><\/p>\n<\/div>\n<\/div>\n","protected":false},"excerpt":{"rendered":"<p>Pourquoi n\u2019agissons-nous pas \u00e0 la hauteur de l\u2019enjeu vital des changements climatiques ? Comment mettre en action celles et ceux<\/p>\n","protected":false},"author":10,"featured_media":5150,"comment_status":"closed","ping_status":"closed","sticky":false,"template":"","format":"standard","meta":{"_bbp_topic_count":0,"_bbp_reply_count":0,"_bbp_total_topic_count":0,"_bbp_total_reply_count":0,"_bbp_voice_count":0,"_bbp_anonymous_reply_count":0,"_bbp_topic_count_hidden":0,"_bbp_reply_count_hidden":0,"_bbp_forum_subforum_count":0,"footnotes":""},"categories":[3],"tags":[],"class_list":["post-5149","post","type-post","status-publish","format-standard","has-post-thumbnail","hentry","category-actualites"],"_links":{"self":[{"href":"https:\/\/ent2d.ac-bordeaux.fr\/disciplines\/lettres-histoire\/wp-json\/wp\/v2\/posts\/5149","targetHints":{"allow":["GET"]}}],"collection":[{"href":"https:\/\/ent2d.ac-bordeaux.fr\/disciplines\/lettres-histoire\/wp-json\/wp\/v2\/posts"}],"about":[{"href":"https:\/\/ent2d.ac-bordeaux.fr\/disciplines\/lettres-histoire\/wp-json\/wp\/v2\/types\/post"}],"author":[{"embeddable":true,"href":"https:\/\/ent2d.ac-bordeaux.fr\/disciplines\/lettres-histoire\/wp-json\/wp\/v2\/users\/10"}],"replies":[{"embeddable":true,"href":"https:\/\/ent2d.ac-bordeaux.fr\/disciplines\/lettres-histoire\/wp-json\/wp\/v2\/comments?post=5149"}],"version-history":[{"count":2,"href":"https:\/\/ent2d.ac-bordeaux.fr\/disciplines\/lettres-histoire\/wp-json\/wp\/v2\/posts\/5149\/revisions"}],"predecessor-version":[{"id":5152,"href":"https:\/\/ent2d.ac-bordeaux.fr\/disciplines\/lettres-histoire\/wp-json\/wp\/v2\/posts\/5149\/revisions\/5152"}],"wp:featuredmedia":[{"embeddable":true,"href":"https:\/\/ent2d.ac-bordeaux.fr\/disciplines\/lettres-histoire\/wp-json\/wp\/v2\/media\/5150"}],"wp:attachment":[{"href":"https:\/\/ent2d.ac-bordeaux.fr\/disciplines\/lettres-histoire\/wp-json\/wp\/v2\/media?parent=5149"}],"wp:term":[{"taxonomy":"category","embeddable":true,"href":"https:\/\/ent2d.ac-bordeaux.fr\/disciplines\/lettres-histoire\/wp-json\/wp\/v2\/categories?post=5149"},{"taxonomy":"post_tag","embeddable":true,"href":"https:\/\/ent2d.ac-bordeaux.fr\/disciplines\/lettres-histoire\/wp-json\/wp\/v2\/tags?post=5149"}],"curies":[{"name":"wp","href":"https:\/\/api.w.org\/{rel}","templated":true}]}}