{"id":5145,"date":"2023-01-19T22:35:00","date_gmt":"2023-01-19T21:35:00","guid":{"rendered":"https:\/\/ent2d.ac-bordeaux.fr\/disciplines\/lettres-histoire\/?p=5145"},"modified":"2023-01-19T22:35:00","modified_gmt":"2023-01-19T21:35:00","slug":"exposition","status":"publish","type":"post","link":"https:\/\/ent2d.ac-bordeaux.fr\/disciplines\/lettres-histoire\/exposition\/","title":{"rendered":"Exposition"},"content":{"rendered":"<p style=\"text-align: justify\">Port\u00e9 par les artistes\u00a0<strong>Aur\u00e9lia Coulaty<\/strong>,\u00a0<strong>Pierre Wetzel<\/strong>\u00a0et\u00a0<strong>Jonas Laclasse<\/strong>,\u00a0<em>\u00catre(s) \u00e0 St-Michel<\/em>\u00a0dessine un portrait vivant de l&#8217;embl\u00e9matique quartier bordelais et nous invite \u00e0 d\u00e9couvrir diff\u00e9rents points de vue port\u00e9s sur Saint-Michel. Au carrefour d&#8217;une \u0153uvre documentaire, po\u00e9tique et plastique, les auteurs nous convient \u00e0 une aventure\u00a0<em>in situ<\/em>. S&#8217;articulant d&#8217;abord autour de portraits de commer\u00e7antes et commer\u00e7ants \u00e0 travers des photographies et r\u00e9cits recr\u00e9\u00e9s, puis sur les murs du quartier, au travers de\u00a0<em>La (vraie fausse) Grande Enqu\u00eate<\/em>, ce travail est \u00e0 d\u00e9couvrir au\u00a0<strong>mus\u00e9e d&#8217;Aquitaine<\/strong>,<strong>\u00a0<\/strong>comme une restitution de l&#8217;exp\u00e9rience v\u00e9cue dans l&#8217;espace public.<br \/>\n<a href=\"https:\/\/www.bordeaux.fr\/e208912\" target=\"_blank\" rel=\"noopener\"><strong>Du 27 janvier au 23 avril &#8211; Mus\u00e9e d\u2019Aquitaine<\/strong><\/a><br \/>\n<strong>\u00c0 noter : visites flash de l\u2019exposition les 7, 9, 14 et 16 f\u00e9vrier, \u00e0 14h30 et rencontre avec les auteurs de l\u2019exposition<\/strong><br \/>\n(\u00a9Pierre Wetzel)<\/p>\n","protected":false},"excerpt":{"rendered":"<p>Port\u00e9 par les artistes\u00a0Aur\u00e9lia Coulaty,\u00a0Pierre Wetzel\u00a0et\u00a0Jonas Laclasse,\u00a0\u00catre(s) \u00e0 St-Michel\u00a0dessine un portrait vivant de l&#8217;embl\u00e9matique quartier bordelais et nous invite \u00e0<\/p>\n","protected":false},"author":10,"featured_media":5146,"comment_status":"closed","ping_status":"closed","sticky":false,"template":"","format":"standard","meta":{"_bbp_topic_count":0,"_bbp_reply_count":0,"_bbp_total_topic_count":0,"_bbp_total_reply_count":0,"_bbp_voice_count":0,"_bbp_anonymous_reply_count":0,"_bbp_topic_count_hidden":0,"_bbp_reply_count_hidden":0,"_bbp_forum_subforum_count":0,"footnotes":""},"categories":[3],"tags":[],"class_list":["post-5145","post","type-post","status-publish","format-standard","has-post-thumbnail","hentry","category-actualites"],"_links":{"self":[{"href":"https:\/\/ent2d.ac-bordeaux.fr\/disciplines\/lettres-histoire\/wp-json\/wp\/v2\/posts\/5145","targetHints":{"allow":["GET"]}}],"collection":[{"href":"https:\/\/ent2d.ac-bordeaux.fr\/disciplines\/lettres-histoire\/wp-json\/wp\/v2\/posts"}],"about":[{"href":"https:\/\/ent2d.ac-bordeaux.fr\/disciplines\/lettres-histoire\/wp-json\/wp\/v2\/types\/post"}],"author":[{"embeddable":true,"href":"https:\/\/ent2d.ac-bordeaux.fr\/disciplines\/lettres-histoire\/wp-json\/wp\/v2\/users\/10"}],"replies":[{"embeddable":true,"href":"https:\/\/ent2d.ac-bordeaux.fr\/disciplines\/lettres-histoire\/wp-json\/wp\/v2\/comments?post=5145"}],"version-history":[{"count":1,"href":"https:\/\/ent2d.ac-bordeaux.fr\/disciplines\/lettres-histoire\/wp-json\/wp\/v2\/posts\/5145\/revisions"}],"predecessor-version":[{"id":5147,"href":"https:\/\/ent2d.ac-bordeaux.fr\/disciplines\/lettres-histoire\/wp-json\/wp\/v2\/posts\/5145\/revisions\/5147"}],"wp:featuredmedia":[{"embeddable":true,"href":"https:\/\/ent2d.ac-bordeaux.fr\/disciplines\/lettres-histoire\/wp-json\/wp\/v2\/media\/5146"}],"wp:attachment":[{"href":"https:\/\/ent2d.ac-bordeaux.fr\/disciplines\/lettres-histoire\/wp-json\/wp\/v2\/media?parent=5145"}],"wp:term":[{"taxonomy":"category","embeddable":true,"href":"https:\/\/ent2d.ac-bordeaux.fr\/disciplines\/lettres-histoire\/wp-json\/wp\/v2\/categories?post=5145"},{"taxonomy":"post_tag","embeddable":true,"href":"https:\/\/ent2d.ac-bordeaux.fr\/disciplines\/lettres-histoire\/wp-json\/wp\/v2\/tags?post=5145"}],"curies":[{"name":"wp","href":"https:\/\/api.w.org\/{rel}","templated":true}]}}