{"id":5087,"date":"2025-09-18T22:00:54","date_gmt":"2025-09-18T21:00:54","guid":{"rendered":"https:\/\/ent2d.ac-bordeaux.fr\/disciplines\/lettres-histoire\/?p=5087"},"modified":"2025-09-18T22:00:55","modified_gmt":"2025-09-18T21:00:55","slug":"une-action-educative-nationale-le-concours-la-flamme-de-legalite","status":"publish","type":"post","link":"https:\/\/ent2d.ac-bordeaux.fr\/disciplines\/lettres-histoire\/une-action-educative-nationale-le-concours-la-flamme-de-legalite\/","title":{"rendered":"Le concours la Flamme de l&#8217;\u00e9galit\u00e9"},"content":{"rendered":"<p style=\"text-align: justify\"><strong>Th\u00e8me 2025-2026 : \u00ab\u00a0 \u00a0Femmes en esclavage\u00a0 \u00bb<\/strong><\/p>\n<p style=\"text-align: justify\">En s&#8217;appuyant sur l&#8217;histoire de la traite, de l&#8217;esclavage et de leurs abolitions, le concours\u00a0<strong>La Flamme de l&#8217;\u00e9galit\u00e9<\/strong> permet aux \u00e9l\u00e8ves de mener une r\u00e9flexion citoyenne sur des \u00e9v\u00e9nements historiques qui peuvent aussi s&#8217;inscrire dans des ancrages locaux. Les \u00e9l\u00e8ves peuvent \u00e9tudier des parcours individuels, des lieux de m\u00e9moire, des \u0153uvres.<\/p>\n<p>Pour cette 11<sup>\u00e8me<\/sup>\u00a0session, les \u00e9l\u00e8ves et les \u00e9quipes \u00e9ducatives ont jusqu&#8217;au 27 mars 2026 pour r\u00e9fl\u00e9chir et mener un projet de classe sur la nouvelle th\u00e9matique\u00a0 \u00a0\u00ab Femmes en esclavage \u00bb.<\/p>\n<p>&#8220;\u00c0 travers l\u2019Histoire, les femmes esclaves ont endur\u00e9 de <strong>multiples souffrances<\/strong>.\u00a0R\u00e9duites au rang de biens, elles \u00e9taient non seulement forc\u00e9es au travail domestique ou agricole, mais aussi\u00a0<strong>victimes de violences sexuelles, mariages forc\u00e9s et exploitation reproductive<\/strong>. Dans les soci\u00e9t\u00e9s esclavagistes, leur corps appartenait \u00e0 leur ma\u00eetre, et leurs enfants naissaient eux aussi esclaves. Malgr\u00e9 ces conditions inhumaines,\u00a0<strong>certaines ont r\u00e9sist\u00e9, se sont enfuies ou ont transmis des r\u00e9cits bouleversants<\/strong>. Leur histoire, trop souvent effac\u00e9e, r\u00e9v\u00e8le une double oppression : celle de l\u2019esclavage et celle du patriarcat.<\/p>\n<p style=\"text-align: left\">Pour explorer les diverses formes de l\u2019esclavage des femmes,<strong>\u00a0la Fondation pour la M\u00e9moire de l&#8217;esclavage proposera un dossier p\u00e9dagogique<\/strong> : jalons historiques, ressources documentaires et pistes p\u00e9dagogiques, pour s&#8217;informer, travailler, s&#8217;inspirer&#8230;et construire un projet avec ses \u00e9l\u00e8ves. (A t\u00e9l\u00e9charger le site <a href=\"https:\/\/www.laflammedelegalite.org\/\" target=\"_blank\" rel=\"noopener\">Flamme de l&#8217;\u00e9galit\u00e9<\/a> \u00e0 partir d\u2019octobre 2025).&#8221;<\/p>\n<div>Une\u00a0<strong>fiche de pr\u00e9paration<\/strong> \u00e9labor\u00e9e par La Ligue de l&#8217;enseignement vous propose, point par point, d&#8217;introduire vos \u00e9l\u00e8ves au concours de la Flamme de l&#8217;\u00e9galit\u00e9 en m\u00ealant r\u00e9flexions, projections, activit\u00e9s orales et \u00e9crites, individuelles et collectives, en 45-50min. consulter\u00a0<a href=\"https:\/\/www.laflammedelegalite.org\/orientations-pedagogiques\/dossiers-pedagogiques\" target=\"_blank\" rel=\"noopener\">ici<\/a>.<\/div>\n<div><\/div>\n<div>Les \u00e9l\u00e8ves et les \u00e9quipes \u00e9ducatives ont jusqu&#8217;au <strong>27 mars 2026<\/strong> pour r\u00e9fl\u00e9chir et mener un projet de classe. Les inscriptions sont ouvertes sur la plateforme Adage.<\/div>\n<div><a href=\"https:\/\/www.laflammedelegalite.org\/images\/docs\/candidature\/11eme%20session\/Reglement%20du%20concours%20la%20Flamme%20de%20legalite%20session%202025-2026%20MAJ%2008%2009%202025.pdf\" target=\"_blank\" rel=\"noopener\">Voir le r\u00e8glement 2025-2026<\/a><\/div>\n","protected":false},"excerpt":{"rendered":"<p>Th\u00e8me 2025-2026 : \u00ab\u00a0 \u00a0Femmes en esclavage\u00a0 \u00bb En s&#8217;appuyant sur l&#8217;histoire de la traite, de l&#8217;esclavage et de leurs<\/p>\n","protected":false},"author":10,"featured_media":6071,"comment_status":"closed","ping_status":"closed","sticky":false,"template":"","format":"standard","meta":{"_bbp_topic_count":0,"_bbp_reply_count":0,"_bbp_total_topic_count":0,"_bbp_total_reply_count":0,"_bbp_voice_count":0,"_bbp_anonymous_reply_count":0,"_bbp_topic_count_hidden":0,"_bbp_reply_count_hidden":0,"_bbp_forum_subforum_count":0,"footnotes":""},"categories":[3],"tags":[],"class_list":["post-5087","post","type-post","status-publish","format-standard","has-post-thumbnail","hentry","category-actualites"],"_links":{"self":[{"href":"https:\/\/ent2d.ac-bordeaux.fr\/disciplines\/lettres-histoire\/wp-json\/wp\/v2\/posts\/5087","targetHints":{"allow":["GET"]}}],"collection":[{"href":"https:\/\/ent2d.ac-bordeaux.fr\/disciplines\/lettres-histoire\/wp-json\/wp\/v2\/posts"}],"about":[{"href":"https:\/\/ent2d.ac-bordeaux.fr\/disciplines\/lettres-histoire\/wp-json\/wp\/v2\/types\/post"}],"author":[{"embeddable":true,"href":"https:\/\/ent2d.ac-bordeaux.fr\/disciplines\/lettres-histoire\/wp-json\/wp\/v2\/users\/10"}],"replies":[{"embeddable":true,"href":"https:\/\/ent2d.ac-bordeaux.fr\/disciplines\/lettres-histoire\/wp-json\/wp\/v2\/comments?post=5087"}],"version-history":[{"count":11,"href":"https:\/\/ent2d.ac-bordeaux.fr\/disciplines\/lettres-histoire\/wp-json\/wp\/v2\/posts\/5087\/revisions"}],"predecessor-version":[{"id":6072,"href":"https:\/\/ent2d.ac-bordeaux.fr\/disciplines\/lettres-histoire\/wp-json\/wp\/v2\/posts\/5087\/revisions\/6072"}],"wp:featuredmedia":[{"embeddable":true,"href":"https:\/\/ent2d.ac-bordeaux.fr\/disciplines\/lettres-histoire\/wp-json\/wp\/v2\/media\/6071"}],"wp:attachment":[{"href":"https:\/\/ent2d.ac-bordeaux.fr\/disciplines\/lettres-histoire\/wp-json\/wp\/v2\/media?parent=5087"}],"wp:term":[{"taxonomy":"category","embeddable":true,"href":"https:\/\/ent2d.ac-bordeaux.fr\/disciplines\/lettres-histoire\/wp-json\/wp\/v2\/categories?post=5087"},{"taxonomy":"post_tag","embeddable":true,"href":"https:\/\/ent2d.ac-bordeaux.fr\/disciplines\/lettres-histoire\/wp-json\/wp\/v2\/tags?post=5087"}],"curies":[{"name":"wp","href":"https:\/\/api.w.org\/{rel}","templated":true}]}}